{"id":25547,"date":"2021-09-17T15:49:25","date_gmt":"2021-09-17T18:49:25","guid":{"rendered":"http:\/\/revistavitrineibiuna.com.br\/?p=25547"},"modified":"2021-09-17T15:49:26","modified_gmt":"2021-09-17T18:49:26","slug":"papa-pede-aos-padres-que-falem-menos-nas-missas-porque-ninguem-presta-atencao","status":"publish","type":"post","link":"https:\/\/revistavitrineibiuna.com.br\/?p=25547","title":{"rendered":"PAPA PEDE AOS PADRES QUE FALEM MENOS NAS MISSAS PORQUE NINGU\u00c9M PRESTA ATEN\u00c7\u00c3O"},"content":{"rendered":"\n<p class=\"has-drop-cap\"><strong>Do alto de Sua Santidade, o papa Francisco fez um apelo aos padres para que falem menos nas missas porque ningu\u00e9m presta aten\u00e7\u00e3o.<\/strong><\/p>\n\n\n\n<p><strong>A perspic\u00e1cia do Sumo Pont\u00edfice confere com a observa\u00e7\u00e3o dos profissionais de comunica\u00e7\u00e3o em rela\u00e7\u00e3o &nbsp;ao mundo secular.<\/strong><\/p>\n\n\n\n<p><strong>Se enxergarmos por outro \u00e2ngulo, talvez a quest\u00e3o implicada n\u00e3o seja o tempo, mas formas e conte\u00fados da comunica\u00e7\u00e3o humana que est\u00e3o em decl\u00ednio.<\/strong><\/p>\n\n\n\n<p><strong>Uma nova linguagem est\u00e1 em constru\u00e7\u00e3o, por conta do novo meio, e estamos na fase intermedi\u00e1ria de um novo formato, talvez hiper-r\u00e1pido.<\/strong><\/p>\n\n\n\n<p><strong>Apesar de ter sido brindada com uma inven\u00e7\u00e3o genial \u2013 a Internet \u2013 que escancarou as portas da comunica\u00e7\u00e3o at\u00e9 mesmo para os mais comuns dos mortais, o que se observa no andamento da carruagem \u00e9 o not\u00f3rio mau uso desse meio democraticamente espetacular.<\/strong><\/p>\n\n\n\n<p><strong>Qualquer pessoa pode se fazer ver e ouvir por meio de transmiss\u00e3o de imagens e sons, bastando que tenha um aparelho celular, e isso conferiu uma liberdade singular jamais vista antes na hist\u00f3ria da humanidade.<\/strong><\/p>\n\n\n\n<p><strong>Aquilo que \u00e9 t\u00e3o caro para o sistema democr\u00e1tico \u2013 a pluralidade de opini\u00f5es e de pontos de vista \u2013 requer uma reflex\u00e3o amadurecida e objetiva desse fen\u00f4meno: sem filtros, pudor e vergonha, h\u00e1 indiv\u00edduos que conspurcam o tecido social com toda sorte de sujeira verbal ou imag\u00e9tica.<\/strong><\/p>\n\n\n\n<p><strong>N\u00e3o se trata aqui de fazer uma prega\u00e7\u00e3o da moralidade p\u00fablica, porque n\u00e3o \u00e9 este o esp\u00edrito dessa reflex\u00e3o, mas das consequ\u00eancias individuais e sociais que <\/strong><strong>fazem recair d\u00favidas sobre a integridade de pessoas, al\u00e9m de provocar m\u00e1culas, inf\u00e2mias e desonra.<\/strong><\/p>\n\n\n\n<p><strong>O espa\u00e7o de comunh\u00e3o humana possibilitado pela Internet se apresenta como uma tela passiva com imagens encantadoras e maravilhosas de pessoas que compartilham seus prod\u00edgios \u2013 na m\u00fasica, no canto, na dan\u00e7a, nas descobertas, nas artes e nos of\u00edcios que contribuem para mobiliza\u00e7\u00e3o da esp\u00e9cie humana.<\/strong><\/p>\n\n\n\n<p><strong>Mas, por outro lado, da mesma forma reproduz a sujeira e a maldade provindas de inten\u00e7\u00f5es maldosas, irrespons\u00e1veis e inconsequentes, podendo causar extrema dor e sofrimento em suas v\u00edtimas incautas.<\/strong><\/p>\n\n\n\n<p><strong>Mas, voltemos a atitude de Francisco.<\/strong><\/p>\n\n\n\n<p><strong>Ele est\u00e1 certo! A sociedade de nossos tempos se tornou extremamente superficial. Tudo tem que ser r\u00e1pido, passageiro, como os lanches fast food. Nota-se um processo de desumaniza\u00e7\u00e3o em larga escala. Nos tornamos descart\u00e1veis assim como os produtos que consumimos, entorpecidos pelo desejo de consumo e ac\u00famulo de bens. At\u00e9 mesmo em nossas mortes, e a quantas estamos assistindo por conta de uma pandemia, tudo precisa ser r\u00e1pido e ass\u00e9ptico.<\/strong><\/p>\n\n\n\n<p><strong>\u00c9, num sentido amplo, a exist\u00eancia humana que est\u00e1 em xeque com a voracidade e a gan\u00e2ncia eg\u00f3icas e as injusti\u00e7as que passaram a ser partes integrantes daquilo que os soci\u00f3logos chamam de \u2018normose\u2019, as coisas que parecem serem normais, mas que est\u00e3o muito longe do que se poderia chamar de normalidade, considerando o longo curso da hist\u00f3ria da humanidade.<\/strong><\/p>\n\n\n\n<p><strong>Em suma, estamos no Terceiro Mil\u00eanio, em plena p\u00f3s-modernidade, mas vivendo como se estiv\u00e9ssemos vivendo tempos primitivos em que o ataque ou a fuga eram uma esp\u00e9cie de resumo para decidir no cen\u00e1rio da lei das selvas quem continuaria vivo, mil\u00eanios antes do que se chamaria mais tarde de civiliza\u00e7\u00e3o.<\/strong><\/p>\n\n\n\n<p><strong>A quest\u00e3o de poder vem de longe em nossa hist\u00f3ria. E h\u00e1 quem diga sem nenhum pudor \u201cquem pode mais chora menos\u201d, como se estivesse a salvo de ataques. Uma ilus\u00e3o que esconde causas profundas de uma cultura que produz comportamentos arrogantes diante do outro, menos poderoso, sobretudo economicamente.<\/strong><\/p>\n\n\n\n<p><strong>Ignoramos nossa fragilidade diante, por exemplo, de for\u00e7as descontroladas, como se verifica nos governos, nos desequil\u00edbrios econ\u00f4micos e nas a\u00e7\u00f5es pol\u00edticas que ignoram ou desprezam seu papel diante da sociedade.<\/strong><\/p>\n\n\n\n<p><strong>O Papa tem raz\u00e3o.<\/strong><\/p>\n\n\n\n<p><strong>Parece que n\u00e3o temos tempo de ouvir para compreender, a fim de tornarmos seres humanos melhores, uns em rela\u00e7\u00e3o aos outros. (Carlos Rossini \u00e9 editor de vitrine online)<\/strong><\/p>\n","protected":false},"excerpt":{"rendered":"<p>Do alto de Sua Santidade, o papa Francisco fez um apelo aos padres para que falem menos nas missas porque<\/p>\n","protected":false},"author":1,"featured_media":25548,"comment_status":"open","ping_status":"open","sticky":false,"template":"","format":"standard","meta":[],"categories":[3],"tags":[],"yoast_head":"<!-- This site is optimized with the Yoast SEO plugin v15.8 - https:\/\/yoast.com\/wordpress\/plugins\/seo\/ -->\n<title>PAPA PEDE AOS PADRES QUE FALEM MENOS NAS MISSAS PORQUE NINGU\u00c9M PRESTA ATEN\u00c7\u00c3O - Revista Vitrine Online<\/title>\n<meta name=\"robots\" content=\"index, follow, max-snippet:-1, max-image-preview:large, max-video-preview:-1\" \/>\n<link rel=\"canonical\" href=\"https:\/\/revistavitrineibiuna.com.br\/?p=25547\" \/>\n<meta property=\"og:locale\" content=\"pt_BR\" \/>\n<meta property=\"og:type\" content=\"article\" \/>\n<meta property=\"og:title\" content=\"PAPA PEDE AOS PADRES QUE FALEM MENOS NAS MISSAS PORQUE NINGU\u00c9M PRESTA ATEN\u00c7\u00c3O - Revista Vitrine Online\" \/>\n<meta property=\"og:description\" content=\"Do alto de Sua Santidade, o papa Francisco fez um apelo aos padres para que falem menos nas missas porque\" \/>\n<meta property=\"og:url\" content=\"https:\/\/revistavitrineibiuna.com.br\/?p=25547\" \/>\n<meta property=\"og:site_name\" content=\"Revista Vitrine Online\" \/>\n<meta property=\"article:published_time\" content=\"2021-09-17T18:49:25+00:00\" \/>\n<meta property=\"article:modified_time\" content=\"2021-09-17T18:49:26+00:00\" \/>\n<meta property=\"og:image\" content=\"https:\/\/revistavitrineibiuna.com.br\/wp-content\/uploads\/2021\/09\/papa-francisco.jpg\" \/>\n\t<meta property=\"og:image:width\" content=\"740\" \/>\n\t<meta property=\"og:image:height\" content=\"472\" \/>\n<meta name=\"twitter:card\" content=\"summary\" \/>\n<meta name=\"twitter:label1\" content=\"Est. reading time\">\n\t<meta name=\"twitter:data1\" content=\"3 minutos\">\n<script type=\"application\/ld+json\" class=\"yoast-schema-graph\">{\"@context\":\"https:\/\/schema.org\",\"@graph\":[{\"@type\":\"WebSite\",\"@id\":\"http:\/\/revistavitrineibiuna.com.br\/#website\",\"url\":\"http:\/\/revistavitrineibiuna.com.br\/\",\"name\":\"Revista Vitrine Ibi\\u00fana\",\"description\":\"A Revista de Ibi\\u00fana e Regi\\u00e3o\",\"publisher\":{\"@id\":\"http:\/\/revistavitrineibiuna.com.br\/#\/schema\/person\/e51ef49d6d88170ea21ceabff3f73deb\"},\"potentialAction\":[{\"@type\":\"SearchAction\",\"target\":\"http:\/\/revistavitrineibiuna.com.br\/?s={search_term_string}\",\"query-input\":\"required name=search_term_string\"}],\"inLanguage\":\"pt-BR\"},{\"@type\":\"ImageObject\",\"@id\":\"https:\/\/revistavitrineibiuna.com.br\/?p=25547#primaryimage\",\"inLanguage\":\"pt-BR\",\"url\":\"https:\/\/revistavitrineibiuna.com.br\/wp-content\/uploads\/2021\/09\/papa-francisco.jpg\",\"width\":740,\"height\":472},{\"@type\":\"WebPage\",\"@id\":\"https:\/\/revistavitrineibiuna.com.br\/?p=25547#webpage\",\"url\":\"https:\/\/revistavitrineibiuna.com.br\/?p=25547\",\"name\":\"PAPA PEDE AOS PADRES QUE FALEM MENOS NAS MISSAS PORQUE NINGU\\u00c9M PRESTA ATEN\\u00c7\\u00c3O - Revista Vitrine Online\",\"isPartOf\":{\"@id\":\"http:\/\/revistavitrineibiuna.com.br\/#website\"},\"primaryImageOfPage\":{\"@id\":\"https:\/\/revistavitrineibiuna.com.br\/?p=25547#primaryimage\"},\"datePublished\":\"2021-09-17T18:49:25+00:00\",\"dateModified\":\"2021-09-17T18:49:26+00:00\",\"breadcrumb\":{\"@id\":\"https:\/\/revistavitrineibiuna.com.br\/?p=25547#breadcrumb\"},\"inLanguage\":\"pt-BR\",\"potentialAction\":[{\"@type\":\"ReadAction\",\"target\":[\"https:\/\/revistavitrineibiuna.com.br\/?p=25547\"]}]},{\"@type\":\"BreadcrumbList\",\"@id\":\"https:\/\/revistavitrineibiuna.com.br\/?p=25547#breadcrumb\",\"itemListElement\":[{\"@type\":\"ListItem\",\"position\":1,\"item\":{\"@type\":\"WebPage\",\"@id\":\"http:\/\/revistavitrineibiuna.com.br\/\",\"url\":\"http:\/\/revistavitrineibiuna.com.br\/\",\"name\":\"In\\u00edcio\"}},{\"@type\":\"ListItem\",\"position\":2,\"item\":{\"@type\":\"WebPage\",\"@id\":\"https:\/\/revistavitrineibiuna.com.br\/?p=25547\",\"url\":\"https:\/\/revistavitrineibiuna.com.br\/?p=25547\",\"name\":\"PAPA PEDE AOS PADRES QUE FALEM MENOS NAS MISSAS PORQUE NINGU\\u00c9M PRESTA ATEN\\u00c7\\u00c3O\"}}]},{\"@type\":\"Article\",\"@id\":\"https:\/\/revistavitrineibiuna.com.br\/?p=25547#article\",\"isPartOf\":{\"@id\":\"https:\/\/revistavitrineibiuna.com.br\/?p=25547#webpage\"},\"author\":{\"@id\":\"http:\/\/revistavitrineibiuna.com.br\/#\/schema\/person\/e51ef49d6d88170ea21ceabff3f73deb\"},\"headline\":\"PAPA PEDE AOS PADRES QUE FALEM MENOS NAS MISSAS PORQUE NINGU\\u00c9M PRESTA ATEN\\u00c7\\u00c3O\",\"datePublished\":\"2021-09-17T18:49:25+00:00\",\"dateModified\":\"2021-09-17T18:49:26+00:00\",\"mainEntityOfPage\":{\"@id\":\"https:\/\/revistavitrineibiuna.com.br\/?p=25547#webpage\"},\"commentCount\":0,\"publisher\":{\"@id\":\"http:\/\/revistavitrineibiuna.com.br\/#\/schema\/person\/e51ef49d6d88170ea21ceabff3f73deb\"},\"image\":{\"@id\":\"https:\/\/revistavitrineibiuna.com.br\/?p=25547#primaryimage\"},\"articleSection\":\"Not\\u00edcias\",\"inLanguage\":\"pt-BR\",\"potentialAction\":[{\"@type\":\"CommentAction\",\"name\":\"Comment\",\"target\":[\"https:\/\/revistavitrineibiuna.com.br\/?p=25547#respond\"]}]},{\"@type\":[\"Person\",\"Organization\"],\"@id\":\"http:\/\/revistavitrineibiuna.com.br\/#\/schema\/person\/e51ef49d6d88170ea21ceabff3f73deb\",\"name\":\"Carlos Rossini\",\"image\":{\"@type\":\"ImageObject\",\"@id\":\"http:\/\/revistavitrineibiuna.com.br\/#personlogo\",\"inLanguage\":\"pt-BR\",\"url\":\"https:\/\/secure.gravatar.com\/avatar\/4f2d0f99fac1f85c7d643f21f5c8d900?s=96&d=mm&r=g\",\"caption\":\"Carlos Rossini\"},\"logo\":{\"@id\":\"http:\/\/revistavitrineibiuna.com.br\/#personlogo\"},\"description\":\"Carlos Rossini \\u00e9 jornalista, soci\\u00f3logo, escritor e professor universit\\u00e1rio, tendo sido professor de jornalismo por vinte anos. Trabalhou em ve\\u00edculos de comunica\\u00e7\\u00e3o nas fun\\u00e7\\u00f5es de rep\\u00f3rter, redator, editor, articulista e colaborador, como Folha de S. Paulo, O Estado de S. Paulo, Di\\u00e1rio Popular, entre outros. Ao transferir a revista vitrine, vers\\u00e3o imprensa, de S\\u00e3o Paulo para Ibi\\u00fana h\\u00e1 alguns anos, iniciou uma nova experi\\u00eancia profissional, dedicando-se ao jornalismo regional, depois de cumprir uma trajet\\u00f3ria bem-sucedida na grande imprensa brasileira. Seu primeiro livro A Coragem de Comunicar foi lan\\u00e7ado na Bienal do Livro em S\\u00e3o Paulo no ano 2000, pela editora Madras.\"}]}<\/script>\n<!-- \/ Yoast SEO plugin. -->","_links":{"self":[{"href":"https:\/\/revistavitrineibiuna.com.br\/index.php?rest_route=\/wp\/v2\/posts\/25547"}],"collection":[{"href":"https:\/\/revistavitrineibiuna.com.br\/index.php?rest_route=\/wp\/v2\/posts"}],"about":[{"href":"https:\/\/revistavitrineibiuna.com.br\/index.php?rest_route=\/wp\/v2\/types\/post"}],"author":[{"embeddable":true,"href":"https:\/\/revistavitrineibiuna.com.br\/index.php?rest_route=\/wp\/v2\/users\/1"}],"replies":[{"embeddable":true,"href":"https:\/\/revistavitrineibiuna.com.br\/index.php?rest_route=%2Fwp%2Fv2%2Fcomments&post=25547"}],"version-history":[{"count":1,"href":"https:\/\/revistavitrineibiuna.com.br\/index.php?rest_route=\/wp\/v2\/posts\/25547\/revisions"}],"predecessor-version":[{"id":25549,"href":"https:\/\/revistavitrineibiuna.com.br\/index.php?rest_route=\/wp\/v2\/posts\/25547\/revisions\/25549"}],"wp:featuredmedia":[{"embeddable":true,"href":"https:\/\/revistavitrineibiuna.com.br\/index.php?rest_route=\/wp\/v2\/media\/25548"}],"wp:attachment":[{"href":"https:\/\/revistavitrineibiuna.com.br\/index.php?rest_route=%2Fwp%2Fv2%2Fmedia&parent=25547"}],"wp:term":[{"taxonomy":"category","embeddable":true,"href":"https:\/\/revistavitrineibiuna.com.br\/index.php?rest_route=%2Fwp%2Fv2%2Fcategories&post=25547"},{"taxonomy":"post_tag","embeddable":true,"href":"https:\/\/revistavitrineibiuna.com.br\/index.php?rest_route=%2Fwp%2Fv2%2Ftags&post=25547"}],"curies":[{"name":"wp","href":"https:\/\/api.w.org\/{rel}","templated":true}]}}