{"id":25550,"date":"2021-09-20T14:44:40","date_gmt":"2021-09-20T17:44:40","guid":{"rendered":"http:\/\/revistavitrineibiuna.com.br\/?p=25550"},"modified":"2021-09-20T15:33:44","modified_gmt":"2021-09-20T18:33:44","slug":"primavera-eu-te-quero-bem-perto-de-mim","status":"publish","type":"post","link":"https:\/\/revistavitrineibiuna.com.br\/?p=25550","title":{"rendered":"PRIMAVERA, EU TE QUERO BEM PERTO DE MIM"},"content":{"rendered":"\n<p class=\"has-drop-cap\"><strong>Nesta quarta-feira (22) tem in\u00edcio a Primavera, de acordo com o calend\u00e1rio criado pelo Homem em nosso hemisf\u00e9rio, em busca de entender e marcar os ciclos da Natureza.<\/strong><\/p>\n\n\n\n<p><strong>Mas antes dessa data, nestes dias de setembro fui surpreendido todos os dias, ao olhar as plantas e \u00e1rvores no meio das quais tenho vivido.<\/strong><\/p>\n\n\n\n<p><strong>De repente, a pitangueira que estava completamente nua de folhas se revela em sua beleza com suas flores alvas das quais se desprende um perfume suave, um atrator de muitas pequenas abelhas que v\u00e3o sugar seu n\u00e9ctar.<\/strong><\/p>\n\n\n\n<p><strong>Um novo olhar e o ch\u00e3o est\u00e1 repleto de petalazinhas brancas e em seu lugar a planta se cobre de folhas.<\/strong><\/p>\n\n\n\n<p><strong>O ip\u00ea amarelo que estava sem folhas explode em suas cores amarelo-ouro e tinge o gramado com o seu esplendoroso tapete, assim como a caliandra se abre para receber os raios do sol. E tem muitas outras plantas floridas cujo nome desconhe\u00e7o. Mas, nem seria necess\u00e1rio; elas est\u00e3o ali por si mesmas revelando suas plenitudes.<\/strong><\/p>\n\n\n\n<figure class=\"wp-block-image size-large\"><img loading=\"lazy\" width=\"640\" height=\"360\" src=\"http:\/\/revistavitrineibiuna.com.br\/wp-content\/uploads\/2021\/09\/CALIANDRA.jpg\" alt=\"\" class=\"wp-image-25553\" srcset=\"https:\/\/revistavitrineibiuna.com.br\/wp-content\/uploads\/2021\/09\/CALIANDRA.jpg 640w, https:\/\/revistavitrineibiuna.com.br\/wp-content\/uploads\/2021\/09\/CALIANDRA-300x169.jpg 300w\" sizes=\"(max-width: 640px) 100vw, 640px\" \/><\/figure>\n\n\n\n<p><strong>O pau-brasil, em grande estilo, tamb\u00e9m me surpreendeu, com a apari\u00e7\u00e3o silenciosa de suas flores encantadoras.<\/strong><\/p>\n\n\n\n<p><strong>Em outras \u00e1rvores e arbustos surge um variado colorido de deslumbrante beleza, cada qual com sua flora\u00e7\u00e3o espec\u00edfica. A mudan\u00e7a na paisagem \u00e9 t\u00e3o surpreendente quanto fascinante. Elas se vestem de flores das mais variadas cores e matizes, de intensos e diversos perfumes. Muitas \u00e1rvores e plantas vivem essa esta\u00e7\u00e3o seu per\u00edodo reprodutivo.<\/strong><\/p>\n\n\n\n<figure class=\"wp-block-image size-large\"><img loading=\"lazy\" width=\"640\" height=\"360\" src=\"http:\/\/revistavitrineibiuna.com.br\/wp-content\/uploads\/2021\/09\/PITANGA.jpg\" alt=\"\" class=\"wp-image-25555\" srcset=\"https:\/\/revistavitrineibiuna.com.br\/wp-content\/uploads\/2021\/09\/PITANGA.jpg 640w, https:\/\/revistavitrineibiuna.com.br\/wp-content\/uploads\/2021\/09\/PITANGA-300x169.jpg 300w\" sizes=\"(max-width: 640px) 100vw, 640px\" \/><\/figure>\n\n\n\n<p><strong>A flora\u00e7\u00e3o primaveril \u00e9 um doce convite para renova\u00e7\u00e3o.<\/strong><\/p>\n\n\n\n<p><strong>Leia o que escreveu o fil\u00f3sofo Albert Schweitzer:<\/strong><\/p>\n\n\n\n<p><strong>\u201cQuando na primavera a cor pardacenta cede lugar ao verde [<em>e a uma infinidade de cores<\/em>] que desponta dos campos, assim acontece porque milh\u00f5es de brotos novos surgem das ra\u00edzes. Assim tamb\u00e9m a renova\u00e7\u00e3o das ideias para o nosso tempo de outro modo n\u00e3o poder\u00e1 vir sen\u00e3o pela transforma\u00e7\u00e3o que muito e muitos possam operar em seus prop\u00f3sitos de vida e em seus ideais, refletindo sobre o sentido da vida e do mundo.\u201d<\/strong><\/p>\n\n\n\n<p><strong>A primavera \u00e9 o sorriso da vida e da alegria de estar vivo e querer viver como uma for\u00e7a suprema que constitui todos os seres viventes, diante do infinito mist\u00e9rio da cria\u00e7\u00e3o. Afinal, s\u00f3 podemos ver o que nos aparece, mas n\u00e3o as suas causas. Buda despertou depois de permanecer em medita\u00e7\u00e3o debaixo de uma figueira durante 59 dias, mas, isso \u00e9 tema para a filosofia&#8230; (C.R.)<\/strong><\/p>\n\n\n\n<figure class=\"wp-block-image size-large\"><img loading=\"lazy\" width=\"640\" height=\"360\" src=\"http:\/\/revistavitrineibiuna.com.br\/wp-content\/uploads\/2021\/09\/IPE-1.jpg\" alt=\"\" class=\"wp-image-25558\" srcset=\"https:\/\/revistavitrineibiuna.com.br\/wp-content\/uploads\/2021\/09\/IPE-1.jpg 640w, https:\/\/revistavitrineibiuna.com.br\/wp-content\/uploads\/2021\/09\/IPE-1-300x169.jpg 300w\" sizes=\"(max-width: 640px) 100vw, 640px\" \/><\/figure>\n","protected":false},"excerpt":{"rendered":"<p>Nesta quarta-feira (22) tem in\u00edcio a Primavera, de acordo com o calend\u00e1rio criado pelo Homem em nosso hemisf\u00e9rio, em busca<\/p>\n","protected":false},"author":1,"featured_media":25551,"comment_status":"open","ping_status":"open","sticky":false,"template":"","format":"standard","meta":[],"categories":[3],"tags":[],"yoast_head":"<!-- This site is optimized with the Yoast SEO plugin v15.8 - https:\/\/yoast.com\/wordpress\/plugins\/seo\/ -->\n<title>PRIMAVERA, EU TE QUERO BEM PERTO DE MIM - Revista Vitrine Online<\/title>\n<meta name=\"robots\" content=\"index, follow, max-snippet:-1, max-image-preview:large, max-video-preview:-1\" \/>\n<link rel=\"canonical\" href=\"https:\/\/revistavitrineibiuna.com.br\/?p=25550\" \/>\n<meta property=\"og:locale\" content=\"pt_BR\" \/>\n<meta property=\"og:type\" content=\"article\" \/>\n<meta property=\"og:title\" content=\"PRIMAVERA, EU TE QUERO BEM PERTO DE MIM - Revista Vitrine Online\" \/>\n<meta property=\"og:description\" content=\"Nesta quarta-feira (22) tem in\u00edcio a Primavera, de acordo com o calend\u00e1rio criado pelo Homem em nosso hemisf\u00e9rio, em busca\" \/>\n<meta property=\"og:url\" content=\"https:\/\/revistavitrineibiuna.com.br\/?p=25550\" \/>\n<meta property=\"og:site_name\" content=\"Revista Vitrine Online\" \/>\n<meta property=\"article:published_time\" content=\"2021-09-20T17:44:40+00:00\" \/>\n<meta property=\"article:modified_time\" content=\"2021-09-20T18:33:44+00:00\" \/>\n<meta property=\"og:image\" content=\"https:\/\/revistavitrineibiuna.com.br\/wp-content\/uploads\/2021\/09\/pau-brasil.jpg\" \/>\n\t<meta property=\"og:image:width\" content=\"740\" \/>\n\t<meta property=\"og:image:height\" content=\"500\" \/>\n<meta name=\"twitter:card\" content=\"summary\" \/>\n<meta name=\"twitter:label1\" content=\"Est. reading time\">\n\t<meta name=\"twitter:data1\" content=\"3 minutos\">\n<script type=\"application\/ld+json\" class=\"yoast-schema-graph\">{\"@context\":\"https:\/\/schema.org\",\"@graph\":[{\"@type\":\"WebSite\",\"@id\":\"http:\/\/revistavitrineibiuna.com.br\/#website\",\"url\":\"http:\/\/revistavitrineibiuna.com.br\/\",\"name\":\"Revista Vitrine Ibi\\u00fana\",\"description\":\"A Revista de Ibi\\u00fana e Regi\\u00e3o\",\"publisher\":{\"@id\":\"http:\/\/revistavitrineibiuna.com.br\/#\/schema\/person\/e51ef49d6d88170ea21ceabff3f73deb\"},\"potentialAction\":[{\"@type\":\"SearchAction\",\"target\":\"http:\/\/revistavitrineibiuna.com.br\/?s={search_term_string}\",\"query-input\":\"required name=search_term_string\"}],\"inLanguage\":\"pt-BR\"},{\"@type\":\"ImageObject\",\"@id\":\"https:\/\/revistavitrineibiuna.com.br\/?p=25550#primaryimage\",\"inLanguage\":\"pt-BR\",\"url\":\"https:\/\/revistavitrineibiuna.com.br\/wp-content\/uploads\/2021\/09\/pau-brasil.jpg\",\"width\":740,\"height\":500},{\"@type\":\"WebPage\",\"@id\":\"https:\/\/revistavitrineibiuna.com.br\/?p=25550#webpage\",\"url\":\"https:\/\/revistavitrineibiuna.com.br\/?p=25550\",\"name\":\"PRIMAVERA, EU TE QUERO BEM PERTO DE MIM - Revista Vitrine Online\",\"isPartOf\":{\"@id\":\"http:\/\/revistavitrineibiuna.com.br\/#website\"},\"primaryImageOfPage\":{\"@id\":\"https:\/\/revistavitrineibiuna.com.br\/?p=25550#primaryimage\"},\"datePublished\":\"2021-09-20T17:44:40+00:00\",\"dateModified\":\"2021-09-20T18:33:44+00:00\",\"breadcrumb\":{\"@id\":\"https:\/\/revistavitrineibiuna.com.br\/?p=25550#breadcrumb\"},\"inLanguage\":\"pt-BR\",\"potentialAction\":[{\"@type\":\"ReadAction\",\"target\":[\"https:\/\/revistavitrineibiuna.com.br\/?p=25550\"]}]},{\"@type\":\"BreadcrumbList\",\"@id\":\"https:\/\/revistavitrineibiuna.com.br\/?p=25550#breadcrumb\",\"itemListElement\":[{\"@type\":\"ListItem\",\"position\":1,\"item\":{\"@type\":\"WebPage\",\"@id\":\"http:\/\/revistavitrineibiuna.com.br\/\",\"url\":\"http:\/\/revistavitrineibiuna.com.br\/\",\"name\":\"In\\u00edcio\"}},{\"@type\":\"ListItem\",\"position\":2,\"item\":{\"@type\":\"WebPage\",\"@id\":\"https:\/\/revistavitrineibiuna.com.br\/?p=25550\",\"url\":\"https:\/\/revistavitrineibiuna.com.br\/?p=25550\",\"name\":\"PRIMAVERA, EU TE QUERO BEM PERTO DE MIM\"}}]},{\"@type\":\"Article\",\"@id\":\"https:\/\/revistavitrineibiuna.com.br\/?p=25550#article\",\"isPartOf\":{\"@id\":\"https:\/\/revistavitrineibiuna.com.br\/?p=25550#webpage\"},\"author\":{\"@id\":\"http:\/\/revistavitrineibiuna.com.br\/#\/schema\/person\/e51ef49d6d88170ea21ceabff3f73deb\"},\"headline\":\"PRIMAVERA, EU TE QUERO BEM PERTO DE MIM\",\"datePublished\":\"2021-09-20T17:44:40+00:00\",\"dateModified\":\"2021-09-20T18:33:44+00:00\",\"mainEntityOfPage\":{\"@id\":\"https:\/\/revistavitrineibiuna.com.br\/?p=25550#webpage\"},\"commentCount\":0,\"publisher\":{\"@id\":\"http:\/\/revistavitrineibiuna.com.br\/#\/schema\/person\/e51ef49d6d88170ea21ceabff3f73deb\"},\"image\":{\"@id\":\"https:\/\/revistavitrineibiuna.com.br\/?p=25550#primaryimage\"},\"articleSection\":\"Not\\u00edcias\",\"inLanguage\":\"pt-BR\",\"potentialAction\":[{\"@type\":\"CommentAction\",\"name\":\"Comment\",\"target\":[\"https:\/\/revistavitrineibiuna.com.br\/?p=25550#respond\"]}]},{\"@type\":[\"Person\",\"Organization\"],\"@id\":\"http:\/\/revistavitrineibiuna.com.br\/#\/schema\/person\/e51ef49d6d88170ea21ceabff3f73deb\",\"name\":\"Carlos Rossini\",\"image\":{\"@type\":\"ImageObject\",\"@id\":\"http:\/\/revistavitrineibiuna.com.br\/#personlogo\",\"inLanguage\":\"pt-BR\",\"url\":\"https:\/\/secure.gravatar.com\/avatar\/4f2d0f99fac1f85c7d643f21f5c8d900?s=96&d=mm&r=g\",\"caption\":\"Carlos Rossini\"},\"logo\":{\"@id\":\"http:\/\/revistavitrineibiuna.com.br\/#personlogo\"},\"description\":\"Carlos Rossini \\u00e9 jornalista, soci\\u00f3logo, escritor e professor universit\\u00e1rio, tendo sido professor de jornalismo por vinte anos. Trabalhou em ve\\u00edculos de comunica\\u00e7\\u00e3o nas fun\\u00e7\\u00f5es de rep\\u00f3rter, redator, editor, articulista e colaborador, como Folha de S. Paulo, O Estado de S. Paulo, Di\\u00e1rio Popular, entre outros. Ao transferir a revista vitrine, vers\\u00e3o imprensa, de S\\u00e3o Paulo para Ibi\\u00fana h\\u00e1 alguns anos, iniciou uma nova experi\\u00eancia profissional, dedicando-se ao jornalismo regional, depois de cumprir uma trajet\\u00f3ria bem-sucedida na grande imprensa brasileira. Seu primeiro livro A Coragem de Comunicar foi lan\\u00e7ado na Bienal do Livro em S\\u00e3o Paulo no ano 2000, pela editora Madras.\"}]}<\/script>\n<!-- \/ Yoast SEO plugin. -->","_links":{"self":[{"href":"https:\/\/revistavitrineibiuna.com.br\/index.php?rest_route=\/wp\/v2\/posts\/25550"}],"collection":[{"href":"https:\/\/revistavitrineibiuna.com.br\/index.php?rest_route=\/wp\/v2\/posts"}],"about":[{"href":"https:\/\/revistavitrineibiuna.com.br\/index.php?rest_route=\/wp\/v2\/types\/post"}],"author":[{"embeddable":true,"href":"https:\/\/revistavitrineibiuna.com.br\/index.php?rest_route=\/wp\/v2\/users\/1"}],"replies":[{"embeddable":true,"href":"https:\/\/revistavitrineibiuna.com.br\/index.php?rest_route=%2Fwp%2Fv2%2Fcomments&post=25550"}],"version-history":[{"count":8,"href":"https:\/\/revistavitrineibiuna.com.br\/index.php?rest_route=\/wp\/v2\/posts\/25550\/revisions"}],"predecessor-version":[{"id":25564,"href":"https:\/\/revistavitrineibiuna.com.br\/index.php?rest_route=\/wp\/v2\/posts\/25550\/revisions\/25564"}],"wp:featuredmedia":[{"embeddable":true,"href":"https:\/\/revistavitrineibiuna.com.br\/index.php?rest_route=\/wp\/v2\/media\/25551"}],"wp:attachment":[{"href":"https:\/\/revistavitrineibiuna.com.br\/index.php?rest_route=%2Fwp%2Fv2%2Fmedia&parent=25550"}],"wp:term":[{"taxonomy":"category","embeddable":true,"href":"https:\/\/revistavitrineibiuna.com.br\/index.php?rest_route=%2Fwp%2Fv2%2Fcategories&post=25550"},{"taxonomy":"post_tag","embeddable":true,"href":"https:\/\/revistavitrineibiuna.com.br\/index.php?rest_route=%2Fwp%2Fv2%2Ftags&post=25550"}],"curies":[{"name":"wp","href":"https:\/\/api.w.org\/{rel}","templated":true}]}}