{"id":25565,"date":"2021-09-20T17:34:44","date_gmt":"2021-09-20T20:34:44","guid":{"rendered":"http:\/\/revistavitrineibiuna.com.br\/?p=25565"},"modified":"2021-09-20T18:59:43","modified_gmt":"2021-09-20T21:59:43","slug":"ibiuna-seminario-debatera-protecao-da-vida-e-da-familia-nesta-6afeira","status":"publish","type":"post","link":"https:\/\/revistavitrineibiuna.com.br\/?p=25565","title":{"rendered":"IBI\u00daNA \u2013 SEMIN\u00c1RIO DEBATER\u00c1 PROTE\u00c7\u00c3O DA VIDA E DA FAMILIA NESTA 6\u00aaFEIRA"},"content":{"rendered":"\n<p class=\"has-drop-cap\"><strong>A Frente Parlamentar em Defesa da Vida, da C\u00e2mara Municipal de Ibi\u00fana, realiza nesta sexta-feira (24), a partir das 18h30, o 3\u00ba Semin\u00e1rio Municipal Prote\u00e7\u00e3o da Vida e da Fam\u00edlia, que debater\u00e1 sobre viol\u00eancia infantil, viol\u00eancia contra a mulher e preven\u00e7\u00e3o contra a viol\u00eancia e o suic\u00eddio.<\/strong><\/p>\n\n\n\n<p><strong>As pessoas poder\u00e3o acompanhar os debates ao vivo, direto da C\u00e2mara Municipal, pela transmiss\u00e3o da TV C\u00e2mara Online, pelo<em> Youtube<\/em> \u2013 Link em <a href=\"https:\/\/youtube.com\/channel\/UCnAZoLJ4iid45bLUfRp0N-Q\">https:\/\/youtube.com\/channel\/UCnAZoLJ4iid45bLUfRp0N-Q<\/a>. Igualmente, poder\u00e3o participar com perguntas pela plataforma de transmiss\u00e3o, pelo Youtube. Ser\u00e3o reservados 40 minutos para perguntas e respostas.<\/strong><\/p>\n\n\n\n<p><strong>O programa foi definido pelos participantes do semin\u00e1rio no \u00faltimo dia 16. O encontro foi na Sala das Comiss\u00f5es da C\u00e2mara Municipal e contou com a participa\u00e7\u00e3o de dois membros da Frente da Fam\u00edlia, vereadores Naldo Firmino e Luiz Fernando Piu; e dos palestrantes, a presidente da OAB (Ordem dos Advogados do Brasil, Seccional Ibi\u00fana, Luciana Pilar Bini Rojo Cardoso; do professor e conselheiro tutelar Eli Valentin; da psic\u00f3loga Daniela Barreto de Lima, diretora do Caps (Centro de Aten\u00e7\u00e3o Psicossocial) de Ibi\u00fana e das psic\u00f3logas Beatriz Bueno dos Santis e Kalena Gabriel Ferreira de Moura.<\/strong><\/p>\n\n\n\n<p><strong>A representante da OAB vai comentar sobre \u201ca historicidade e os direitos das mulheres\u201d; o representante do Conselho Tutelar falar\u00e1 sobre o n\u00famero, as causas e o perfil da viol\u00eancia infantil; e as psic\u00f3logas debater\u00e3o \u201cImport\u00e2ncia da atua\u00e7\u00e3o da fam\u00edlia, estrutura\u00e7\u00e3o familiar e preven\u00e7\u00e3o ao suic\u00eddio\u201d.<\/strong><\/p>\n\n\n\n<p><strong>O encontro vai seguir todos os protocolos de seguran\u00e7a sanit\u00e1ria anti-Covid.<\/strong><\/p>\n\n\n\n<p><strong>Al\u00e9m do vereador Naldo, a Frente Parlamentar em Defesa da Vida da C\u00e2mara \u00e9 formada pelos vereadores Rozi da Farm\u00e1cia, Lino Junior; Luiz Fernando Piu e Dr. Walmir J\u00fanior.<\/strong><\/p>\n","protected":false},"excerpt":{"rendered":"<p>A Frente Parlamentar em Defesa da Vida, da C\u00e2mara Municipal de Ibi\u00fana, realiza nesta sexta-feira (24), a partir das 18h30,<\/p>\n","protected":false},"author":1,"featured_media":25566,"comment_status":"open","ping_status":"open","sticky":false,"template":"","format":"standard","meta":[],"categories":[3],"tags":[],"yoast_head":"<!-- This site is optimized with the Yoast SEO plugin v15.8 - https:\/\/yoast.com\/wordpress\/plugins\/seo\/ -->\n<title>IBI\u00daNA \u2013 SEMIN\u00c1RIO DEBATER\u00c1 PROTE\u00c7\u00c3O DA VIDA E DA FAMILIA NESTA 6\u00aaFEIRA - Revista Vitrine Online<\/title>\n<meta name=\"robots\" content=\"index, follow, max-snippet:-1, max-image-preview:large, max-video-preview:-1\" \/>\n<link rel=\"canonical\" href=\"https:\/\/revistavitrineibiuna.com.br\/?p=25565\" \/>\n<meta property=\"og:locale\" content=\"pt_BR\" \/>\n<meta property=\"og:type\" content=\"article\" \/>\n<meta property=\"og:title\" content=\"IBI\u00daNA \u2013 SEMIN\u00c1RIO DEBATER\u00c1 PROTE\u00c7\u00c3O DA VIDA E DA FAMILIA NESTA 6\u00aaFEIRA - Revista Vitrine Online\" \/>\n<meta property=\"og:description\" content=\"A Frente Parlamentar em Defesa da Vida, da C\u00e2mara Municipal de Ibi\u00fana, realiza nesta sexta-feira (24), a partir das 18h30,\" \/>\n<meta property=\"og:url\" content=\"https:\/\/revistavitrineibiuna.com.br\/?p=25565\" \/>\n<meta property=\"og:site_name\" content=\"Revista Vitrine Online\" \/>\n<meta property=\"article:published_time\" content=\"2021-09-20T20:34:44+00:00\" \/>\n<meta property=\"article:modified_time\" content=\"2021-09-20T21:59:43+00:00\" \/>\n<meta property=\"og:image\" content=\"https:\/\/revistavitrineibiuna.com.br\/wp-content\/uploads\/2021\/09\/seminario-foto.jpg\" \/>\n\t<meta property=\"og:image:width\" content=\"740\" \/>\n\t<meta property=\"og:image:height\" content=\"490\" \/>\n<meta name=\"twitter:card\" content=\"summary\" \/>\n<meta name=\"twitter:label1\" content=\"Est. reading time\">\n\t<meta name=\"twitter:data1\" content=\"2 minutos\">\n<script type=\"application\/ld+json\" class=\"yoast-schema-graph\">{\"@context\":\"https:\/\/schema.org\",\"@graph\":[{\"@type\":\"WebSite\",\"@id\":\"http:\/\/revistavitrineibiuna.com.br\/#website\",\"url\":\"http:\/\/revistavitrineibiuna.com.br\/\",\"name\":\"Revista Vitrine Ibi\\u00fana\",\"description\":\"A Revista de Ibi\\u00fana e Regi\\u00e3o\",\"publisher\":{\"@id\":\"http:\/\/revistavitrineibiuna.com.br\/#\/schema\/person\/e51ef49d6d88170ea21ceabff3f73deb\"},\"potentialAction\":[{\"@type\":\"SearchAction\",\"target\":\"http:\/\/revistavitrineibiuna.com.br\/?s={search_term_string}\",\"query-input\":\"required name=search_term_string\"}],\"inLanguage\":\"pt-BR\"},{\"@type\":\"ImageObject\",\"@id\":\"https:\/\/revistavitrineibiuna.com.br\/?p=25565#primaryimage\",\"inLanguage\":\"pt-BR\",\"url\":\"https:\/\/revistavitrineibiuna.com.br\/wp-content\/uploads\/2021\/09\/seminario-foto.jpg\",\"width\":740,\"height\":490},{\"@type\":\"WebPage\",\"@id\":\"https:\/\/revistavitrineibiuna.com.br\/?p=25565#webpage\",\"url\":\"https:\/\/revistavitrineibiuna.com.br\/?p=25565\",\"name\":\"IBI\\u00daNA \\u2013 SEMIN\\u00c1RIO DEBATER\\u00c1 PROTE\\u00c7\\u00c3O DA VIDA E DA FAMILIA NESTA 6\\u00aaFEIRA - Revista Vitrine Online\",\"isPartOf\":{\"@id\":\"http:\/\/revistavitrineibiuna.com.br\/#website\"},\"primaryImageOfPage\":{\"@id\":\"https:\/\/revistavitrineibiuna.com.br\/?p=25565#primaryimage\"},\"datePublished\":\"2021-09-20T20:34:44+00:00\",\"dateModified\":\"2021-09-20T21:59:43+00:00\",\"breadcrumb\":{\"@id\":\"https:\/\/revistavitrineibiuna.com.br\/?p=25565#breadcrumb\"},\"inLanguage\":\"pt-BR\",\"potentialAction\":[{\"@type\":\"ReadAction\",\"target\":[\"https:\/\/revistavitrineibiuna.com.br\/?p=25565\"]}]},{\"@type\":\"BreadcrumbList\",\"@id\":\"https:\/\/revistavitrineibiuna.com.br\/?p=25565#breadcrumb\",\"itemListElement\":[{\"@type\":\"ListItem\",\"position\":1,\"item\":{\"@type\":\"WebPage\",\"@id\":\"http:\/\/revistavitrineibiuna.com.br\/\",\"url\":\"http:\/\/revistavitrineibiuna.com.br\/\",\"name\":\"In\\u00edcio\"}},{\"@type\":\"ListItem\",\"position\":2,\"item\":{\"@type\":\"WebPage\",\"@id\":\"https:\/\/revistavitrineibiuna.com.br\/?p=25565\",\"url\":\"https:\/\/revistavitrineibiuna.com.br\/?p=25565\",\"name\":\"IBI\\u00daNA \\u2013 SEMIN\\u00c1RIO DEBATER\\u00c1 PROTE\\u00c7\\u00c3O DA VIDA E DA FAMILIA NESTA 6\\u00aaFEIRA\"}}]},{\"@type\":\"Article\",\"@id\":\"https:\/\/revistavitrineibiuna.com.br\/?p=25565#article\",\"isPartOf\":{\"@id\":\"https:\/\/revistavitrineibiuna.com.br\/?p=25565#webpage\"},\"author\":{\"@id\":\"http:\/\/revistavitrineibiuna.com.br\/#\/schema\/person\/e51ef49d6d88170ea21ceabff3f73deb\"},\"headline\":\"IBI\\u00daNA \\u2013 SEMIN\\u00c1RIO DEBATER\\u00c1 PROTE\\u00c7\\u00c3O DA VIDA E DA FAMILIA NESTA 6\\u00aaFEIRA\",\"datePublished\":\"2021-09-20T20:34:44+00:00\",\"dateModified\":\"2021-09-20T21:59:43+00:00\",\"mainEntityOfPage\":{\"@id\":\"https:\/\/revistavitrineibiuna.com.br\/?p=25565#webpage\"},\"commentCount\":0,\"publisher\":{\"@id\":\"http:\/\/revistavitrineibiuna.com.br\/#\/schema\/person\/e51ef49d6d88170ea21ceabff3f73deb\"},\"image\":{\"@id\":\"https:\/\/revistavitrineibiuna.com.br\/?p=25565#primaryimage\"},\"articleSection\":\"Not\\u00edcias\",\"inLanguage\":\"pt-BR\",\"potentialAction\":[{\"@type\":\"CommentAction\",\"name\":\"Comment\",\"target\":[\"https:\/\/revistavitrineibiuna.com.br\/?p=25565#respond\"]}]},{\"@type\":[\"Person\",\"Organization\"],\"@id\":\"http:\/\/revistavitrineibiuna.com.br\/#\/schema\/person\/e51ef49d6d88170ea21ceabff3f73deb\",\"name\":\"Carlos Rossini\",\"image\":{\"@type\":\"ImageObject\",\"@id\":\"http:\/\/revistavitrineibiuna.com.br\/#personlogo\",\"inLanguage\":\"pt-BR\",\"url\":\"https:\/\/secure.gravatar.com\/avatar\/4f2d0f99fac1f85c7d643f21f5c8d900?s=96&d=mm&r=g\",\"caption\":\"Carlos Rossini\"},\"logo\":{\"@id\":\"http:\/\/revistavitrineibiuna.com.br\/#personlogo\"},\"description\":\"Carlos Rossini \\u00e9 jornalista, soci\\u00f3logo, escritor e professor universit\\u00e1rio, tendo sido professor de jornalismo por vinte anos. Trabalhou em ve\\u00edculos de comunica\\u00e7\\u00e3o nas fun\\u00e7\\u00f5es de rep\\u00f3rter, redator, editor, articulista e colaborador, como Folha de S. Paulo, O Estado de S. Paulo, Di\\u00e1rio Popular, entre outros. Ao transferir a revista vitrine, vers\\u00e3o imprensa, de S\\u00e3o Paulo para Ibi\\u00fana h\\u00e1 alguns anos, iniciou uma nova experi\\u00eancia profissional, dedicando-se ao jornalismo regional, depois de cumprir uma trajet\\u00f3ria bem-sucedida na grande imprensa brasileira. Seu primeiro livro A Coragem de Comunicar foi lan\\u00e7ado na Bienal do Livro em S\\u00e3o Paulo no ano 2000, pela editora Madras.\"}]}<\/script>\n<!-- \/ Yoast SEO plugin. -->","_links":{"self":[{"href":"https:\/\/revistavitrineibiuna.com.br\/index.php?rest_route=\/wp\/v2\/posts\/25565"}],"collection":[{"href":"https:\/\/revistavitrineibiuna.com.br\/index.php?rest_route=\/wp\/v2\/posts"}],"about":[{"href":"https:\/\/revistavitrineibiuna.com.br\/index.php?rest_route=\/wp\/v2\/types\/post"}],"author":[{"embeddable":true,"href":"https:\/\/revistavitrineibiuna.com.br\/index.php?rest_route=\/wp\/v2\/users\/1"}],"replies":[{"embeddable":true,"href":"https:\/\/revistavitrineibiuna.com.br\/index.php?rest_route=%2Fwp%2Fv2%2Fcomments&post=25565"}],"version-history":[{"count":2,"href":"https:\/\/revistavitrineibiuna.com.br\/index.php?rest_route=\/wp\/v2\/posts\/25565\/revisions"}],"predecessor-version":[{"id":25568,"href":"https:\/\/revistavitrineibiuna.com.br\/index.php?rest_route=\/wp\/v2\/posts\/25565\/revisions\/25568"}],"wp:featuredmedia":[{"embeddable":true,"href":"https:\/\/revistavitrineibiuna.com.br\/index.php?rest_route=\/wp\/v2\/media\/25566"}],"wp:attachment":[{"href":"https:\/\/revistavitrineibiuna.com.br\/index.php?rest_route=%2Fwp%2Fv2%2Fmedia&parent=25565"}],"wp:term":[{"taxonomy":"category","embeddable":true,"href":"https:\/\/revistavitrineibiuna.com.br\/index.php?rest_route=%2Fwp%2Fv2%2Fcategories&post=25565"},{"taxonomy":"post_tag","embeddable":true,"href":"https:\/\/revistavitrineibiuna.com.br\/index.php?rest_route=%2Fwp%2Fv2%2Ftags&post=25565"}],"curies":[{"name":"wp","href":"https:\/\/api.w.org\/{rel}","templated":true}]}}