{"id":25784,"date":"2021-10-15T20:10:21","date_gmt":"2021-10-15T23:10:21","guid":{"rendered":"http:\/\/revistavitrineibiuna.com.br\/?p=25784"},"modified":"2021-10-15T20:17:40","modified_gmt":"2021-10-15T23:17:40","slug":"gil-e-a-arara-azul-que-vive-no-parque-ecologico-de-itupararanga","status":"publish","type":"post","link":"https:\/\/revistavitrineibiuna.com.br\/?p=25784","title":{"rendered":"GIL E A ARARA-AZUL QUE VIVE NO PARQUE ECOL\u00d3GICO DE ITUPARARANGA"},"content":{"rendered":"\n<p><strong>Givaldo Andrade, mais conhecido por Gil, h\u00e1 oito anos \u00e9 guardi\u00e3o do Parque Ecol\u00f3gico de Itupararanga no km 8 da Estrada da Cachoeira, no bairro hom\u00f4nimo, nas margens da represa Itupararanga, no munic\u00edpio de Ibi\u00fana. Neste momento o parque se encontra fechado para visita\u00e7\u00e3o e esportes n\u00e1uticos pelo baix\u00edssimo n\u00edvel de suas \u00e1guas.<\/strong><\/p>\n\n\n\n<p><strong>Baiano de Santa Cruz de Cabr\u00e1lia, deixou a casa paterna ainda menino para \u201cconhecer o mundo\u201d, at\u00e9 se identificar com a mata, as \u00e1guas da represa e, sobretudo com os animais, com os quais mant\u00e9m uma rela\u00e7\u00e3o de respeito e de prote\u00e7\u00e3o.<\/strong><\/p>\n\n\n\n<p><strong>Assim foi com Toby, um macaquinho que vivia agarrado em Gil, mas que acabou morrendo depois de ser atacado por um c\u00e3o.<\/strong><\/p>\n\n\n\n<p><strong>Com Blue, uma arara ruidosa, o relacionamento \u00e9 marcado pelo mesmo carinho. Se entendem, cada qual com sua voz e gestos, \u00e0s mil maravilhas. Os gritos da arara azul ecoam no interior da floresta, como se fossem alertas.<\/strong><\/p>\n\n\n\n<p><strong>Hoje \u00e0 tarde, logo ap\u00f3s gravar entrevista no Parque Ecol\u00f3gico, pude fazer esse registro fotogr\u00e1fico permitido por um raro momento em que a arara-azul exibiu sua majestade. (C.R.)<\/strong><\/p>\n","protected":false},"excerpt":{"rendered":"<p>Givaldo Andrade, mais conhecido por Gil, h\u00e1 oito anos \u00e9 guardi\u00e3o do Parque Ecol\u00f3gico de Itupararanga no km 8 da<\/p>\n","protected":false},"author":1,"featured_media":25789,"comment_status":"open","ping_status":"open","sticky":false,"template":"","format":"standard","meta":[],"categories":[3],"tags":[],"yoast_head":"<!-- This site is optimized with the Yoast SEO plugin v15.8 - https:\/\/yoast.com\/wordpress\/plugins\/seo\/ -->\n<title>GIL E A ARARA-AZUL QUE VIVE NO PARQUE ECOL\u00d3GICO DE ITUPARARANGA - Revista Vitrine Online<\/title>\n<meta name=\"robots\" content=\"index, follow, max-snippet:-1, max-image-preview:large, max-video-preview:-1\" \/>\n<link rel=\"canonical\" href=\"http:\/\/revistavitrineibiuna.com.br\/?p=25784\" \/>\n<meta property=\"og:locale\" content=\"pt_BR\" \/>\n<meta property=\"og:type\" content=\"article\" \/>\n<meta property=\"og:title\" content=\"GIL E A ARARA-AZUL QUE VIVE NO PARQUE ECOL\u00d3GICO DE ITUPARARANGA - Revista Vitrine Online\" \/>\n<meta property=\"og:description\" content=\"Givaldo Andrade, mais conhecido por Gil, h\u00e1 oito anos \u00e9 guardi\u00e3o do Parque Ecol\u00f3gico de Itupararanga no km 8 da\" \/>\n<meta property=\"og:url\" content=\"http:\/\/revistavitrineibiuna.com.br\/?p=25784\" \/>\n<meta property=\"og:site_name\" content=\"Revista Vitrine Online\" \/>\n<meta property=\"article:published_time\" content=\"2021-10-15T23:10:21+00:00\" \/>\n<meta property=\"article:modified_time\" content=\"2021-10-15T23:17:40+00:00\" \/>\n<meta property=\"og:image\" content=\"https:\/\/revistavitrineibiuna.com.br\/wp-content\/uploads\/2021\/10\/arara-azul-3.jpg\" \/>\n\t<meta property=\"og:image:width\" content=\"740\" \/>\n\t<meta property=\"og:image:height\" content=\"416\" \/>\n<meta name=\"twitter:card\" content=\"summary\" \/>\n<meta name=\"twitter:label1\" content=\"Est. reading time\">\n\t<meta name=\"twitter:data1\" content=\"1 minuto\">\n<script type=\"application\/ld+json\" class=\"yoast-schema-graph\">{\"@context\":\"https:\/\/schema.org\",\"@graph\":[{\"@type\":\"WebSite\",\"@id\":\"https:\/\/revistavitrineibiuna.com.br\/#website\",\"url\":\"https:\/\/revistavitrineibiuna.com.br\/\",\"name\":\"Revista Vitrine Ibi\\u00fana\",\"description\":\"A Revista de Ibi\\u00fana e Regi\\u00e3o\",\"publisher\":{\"@id\":\"https:\/\/revistavitrineibiuna.com.br\/#\/schema\/person\/e51ef49d6d88170ea21ceabff3f73deb\"},\"potentialAction\":[{\"@type\":\"SearchAction\",\"target\":\"https:\/\/revistavitrineibiuna.com.br\/?s={search_term_string}\",\"query-input\":\"required name=search_term_string\"}],\"inLanguage\":\"pt-BR\"},{\"@type\":\"ImageObject\",\"@id\":\"http:\/\/revistavitrineibiuna.com.br\/?p=25784#primaryimage\",\"inLanguage\":\"pt-BR\",\"url\":\"https:\/\/revistavitrineibiuna.com.br\/wp-content\/uploads\/2021\/10\/arara-azul-3.jpg\",\"width\":740,\"height\":416},{\"@type\":\"WebPage\",\"@id\":\"http:\/\/revistavitrineibiuna.com.br\/?p=25784#webpage\",\"url\":\"http:\/\/revistavitrineibiuna.com.br\/?p=25784\",\"name\":\"GIL E A ARARA-AZUL QUE VIVE NO PARQUE ECOL\\u00d3GICO DE ITUPARARANGA - Revista Vitrine Online\",\"isPartOf\":{\"@id\":\"https:\/\/revistavitrineibiuna.com.br\/#website\"},\"primaryImageOfPage\":{\"@id\":\"http:\/\/revistavitrineibiuna.com.br\/?p=25784#primaryimage\"},\"datePublished\":\"2021-10-15T23:10:21+00:00\",\"dateModified\":\"2021-10-15T23:17:40+00:00\",\"breadcrumb\":{\"@id\":\"http:\/\/revistavitrineibiuna.com.br\/?p=25784#breadcrumb\"},\"inLanguage\":\"pt-BR\",\"potentialAction\":[{\"@type\":\"ReadAction\",\"target\":[\"http:\/\/revistavitrineibiuna.com.br\/?p=25784\"]}]},{\"@type\":\"BreadcrumbList\",\"@id\":\"http:\/\/revistavitrineibiuna.com.br\/?p=25784#breadcrumb\",\"itemListElement\":[{\"@type\":\"ListItem\",\"position\":1,\"item\":{\"@type\":\"WebPage\",\"@id\":\"https:\/\/revistavitrineibiuna.com.br\/\",\"url\":\"https:\/\/revistavitrineibiuna.com.br\/\",\"name\":\"In\\u00edcio\"}},{\"@type\":\"ListItem\",\"position\":2,\"item\":{\"@type\":\"WebPage\",\"@id\":\"http:\/\/revistavitrineibiuna.com.br\/?p=25784\",\"url\":\"http:\/\/revistavitrineibiuna.com.br\/?p=25784\",\"name\":\"GIL E A ARARA-AZUL QUE VIVE NO PARQUE ECOL\\u00d3GICO DE ITUPARARANGA\"}}]},{\"@type\":\"Article\",\"@id\":\"http:\/\/revistavitrineibiuna.com.br\/?p=25784#article\",\"isPartOf\":{\"@id\":\"http:\/\/revistavitrineibiuna.com.br\/?p=25784#webpage\"},\"author\":{\"@id\":\"https:\/\/revistavitrineibiuna.com.br\/#\/schema\/person\/e51ef49d6d88170ea21ceabff3f73deb\"},\"headline\":\"GIL E A ARARA-AZUL QUE VIVE NO PARQUE ECOL\\u00d3GICO DE ITUPARARANGA\",\"datePublished\":\"2021-10-15T23:10:21+00:00\",\"dateModified\":\"2021-10-15T23:17:40+00:00\",\"mainEntityOfPage\":{\"@id\":\"http:\/\/revistavitrineibiuna.com.br\/?p=25784#webpage\"},\"commentCount\":0,\"publisher\":{\"@id\":\"https:\/\/revistavitrineibiuna.com.br\/#\/schema\/person\/e51ef49d6d88170ea21ceabff3f73deb\"},\"image\":{\"@id\":\"http:\/\/revistavitrineibiuna.com.br\/?p=25784#primaryimage\"},\"articleSection\":\"Not\\u00edcias\",\"inLanguage\":\"pt-BR\",\"potentialAction\":[{\"@type\":\"CommentAction\",\"name\":\"Comment\",\"target\":[\"http:\/\/revistavitrineibiuna.com.br\/?p=25784#respond\"]}]},{\"@type\":[\"Person\",\"Organization\"],\"@id\":\"https:\/\/revistavitrineibiuna.com.br\/#\/schema\/person\/e51ef49d6d88170ea21ceabff3f73deb\",\"name\":\"Carlos Rossini\",\"image\":{\"@type\":\"ImageObject\",\"@id\":\"https:\/\/revistavitrineibiuna.com.br\/#personlogo\",\"inLanguage\":\"pt-BR\",\"url\":\"https:\/\/secure.gravatar.com\/avatar\/4f2d0f99fac1f85c7d643f21f5c8d900?s=96&d=mm&r=g\",\"caption\":\"Carlos Rossini\"},\"logo\":{\"@id\":\"https:\/\/revistavitrineibiuna.com.br\/#personlogo\"},\"description\":\"Carlos Rossini \\u00e9 jornalista, soci\\u00f3logo, escritor e professor universit\\u00e1rio, tendo sido professor de jornalismo por vinte anos. Trabalhou em ve\\u00edculos de comunica\\u00e7\\u00e3o nas fun\\u00e7\\u00f5es de rep\\u00f3rter, redator, editor, articulista e colaborador, como Folha de S. Paulo, O Estado de S. Paulo, Di\\u00e1rio Popular, entre outros. Ao transferir a revista vitrine, vers\\u00e3o imprensa, de S\\u00e3o Paulo para Ibi\\u00fana h\\u00e1 alguns anos, iniciou uma nova experi\\u00eancia profissional, dedicando-se ao jornalismo regional, depois de cumprir uma trajet\\u00f3ria bem-sucedida na grande imprensa brasileira. Seu primeiro livro A Coragem de Comunicar foi lan\\u00e7ado na Bienal do Livro em S\\u00e3o Paulo no ano 2000, pela editora Madras.\"}]}<\/script>\n<!-- \/ Yoast SEO plugin. -->","_links":{"self":[{"href":"https:\/\/revistavitrineibiuna.com.br\/index.php?rest_route=\/wp\/v2\/posts\/25784"}],"collection":[{"href":"https:\/\/revistavitrineibiuna.com.br\/index.php?rest_route=\/wp\/v2\/posts"}],"about":[{"href":"https:\/\/revistavitrineibiuna.com.br\/index.php?rest_route=\/wp\/v2\/types\/post"}],"author":[{"embeddable":true,"href":"https:\/\/revistavitrineibiuna.com.br\/index.php?rest_route=\/wp\/v2\/users\/1"}],"replies":[{"embeddable":true,"href":"https:\/\/revistavitrineibiuna.com.br\/index.php?rest_route=%2Fwp%2Fv2%2Fcomments&post=25784"}],"version-history":[{"count":1,"href":"https:\/\/revistavitrineibiuna.com.br\/index.php?rest_route=\/wp\/v2\/posts\/25784\/revisions"}],"predecessor-version":[{"id":25786,"href":"https:\/\/revistavitrineibiuna.com.br\/index.php?rest_route=\/wp\/v2\/posts\/25784\/revisions\/25786"}],"wp:featuredmedia":[{"embeddable":true,"href":"https:\/\/revistavitrineibiuna.com.br\/index.php?rest_route=\/wp\/v2\/media\/25789"}],"wp:attachment":[{"href":"https:\/\/revistavitrineibiuna.com.br\/index.php?rest_route=%2Fwp%2Fv2%2Fmedia&parent=25784"}],"wp:term":[{"taxonomy":"category","embeddable":true,"href":"https:\/\/revistavitrineibiuna.com.br\/index.php?rest_route=%2Fwp%2Fv2%2Fcategories&post=25784"},{"taxonomy":"post_tag","embeddable":true,"href":"https:\/\/revistavitrineibiuna.com.br\/index.php?rest_route=%2Fwp%2Fv2%2Ftags&post=25784"}],"curies":[{"name":"wp","href":"https:\/\/api.w.org\/{rel}","templated":true}]}}