{"id":25790,"date":"2021-10-15T22:30:04","date_gmt":"2021-10-16T01:30:04","guid":{"rendered":"http:\/\/revistavitrineibiuna.com.br\/?p=25790"},"modified":"2021-10-15T22:46:40","modified_gmt":"2021-10-16T01:46:40","slug":"ibiuna-reforma-da-rodoviaria-sera-iniciada-daqui-a-30-dias","status":"publish","type":"post","link":"https:\/\/revistavitrineibiuna.com.br\/?p=25790","title":{"rendered":"IBI\u00daNA \u2013 REFORMA DA RODOVI\u00c1RIA SER\u00c1 INICIADA DAQUI A 30 DIAS"},"content":{"rendered":"\n<p class=\"has-drop-cap\"><strong>Finalmente, depois de uma espera de d\u00e9cadas, considerado um \u201clixo\u201d pela popula\u00e7\u00e3o &#8211; sofreu um desabamento de parte do seu teto no dia 27 de novembro de 2019, durante um temporal, que demorou sete meses para ser consertado pela administra\u00e7\u00e3o anterior &#8211; daqui a um m\u00eas, anuncia a Prefeitura de Ibi\u00fana, ter\u00e1 in\u00edcio a reforma do famigerado Terminal Rodovi\u00e1rio de Ibi\u00fana. [Na foto a maquete da rodovi\u00e1ria]<\/strong><\/p>\n\n\n\n<p><strong>Tanto os usu\u00e1rios habituais quanto os visitantes de Ibi\u00fana ficar\u00e3o livres dos banheiros malcheirosos, do aspecto sofr\u00edvel da constru\u00e7\u00e3o realizada h\u00e1 mais de trinta anos e a popula\u00e7\u00e3o ter\u00e1 um ambiente mais digno de ser frequentado.<\/strong><\/p>\n\n\n\n<p><strong>A reforma tem um custo estimado em R$ 4,5 milh\u00f5es e levar\u00e1 cerca de nove meses para ficar conclu\u00edda, ou seja, em agosto de 2022.<\/strong><\/p>\n\n\n\n<p><strong>Segundo o secret\u00e1rio de Governo, jornalista Tiago Albertim, \u201csomente ser\u00e1 mantida a estrutura do Terminal, o resto muda tudo\u201d.<\/strong><\/p>\n\n\n\n<p><strong>Por conta da reforma, a Diretoria de Tr\u00e2nsito da cidade, vinculada \u00e0 Guarda Civil Municipal, vai alterar o fluxo de tr\u00e1fego de diversas ruas no entorno do terminal.<\/strong><\/p>\n\n\n\n<p><strong>VEJA AS MUDAN\u00c7AS<\/strong><\/p>\n\n\n\n<figure class=\"wp-block-image size-large\"><img loading=\"lazy\" width=\"740\" height=\"740\" src=\"http:\/\/revistavitrineibiuna.com.br\/wp-content\/uploads\/2021\/10\/mudanca-no-transito.jpg\" alt=\"\" class=\"wp-image-25793\" srcset=\"https:\/\/revistavitrineibiuna.com.br\/wp-content\/uploads\/2021\/10\/mudanca-no-transito.jpg 740w, https:\/\/revistavitrineibiuna.com.br\/wp-content\/uploads\/2021\/10\/mudanca-no-transito-300x300.jpg 300w, https:\/\/revistavitrineibiuna.com.br\/wp-content\/uploads\/2021\/10\/mudanca-no-transito-150x150.jpg 150w, https:\/\/revistavitrineibiuna.com.br\/wp-content\/uploads\/2021\/10\/mudanca-no-transito-65x65.jpg 65w\" sizes=\"(max-width: 740px) 100vw, 740px\" \/><\/figure>\n\n\n\n<p><strong>A partir desta sexta-feira (15):<\/strong><\/p>\n\n\n\n<p><strong>\u2022 Rua Guarani passa ter sentido de m\u00e3o \u00fanica em dire\u00e7\u00e3o at\u00e9 o cruzamento da Av. Vereador Benedito de Campos;<\/strong><\/p>\n\n\n\n<p><strong>\u2022 Rua Guarani, ap\u00f3s o cruzamento da Av. Vereador Benedito de Campos, passa a ser sentido de m\u00e3o \u00fanica, sendo que, para quem est\u00e1 na Av. Antonio Falci poder\u00e1 somente ir em dire\u00e7\u00e3o a Av. Vereador Benedito de Campos.<\/strong><\/p>\n\n\n\n<p><strong>A partir do dia 26 de outubro:<\/strong><\/p>\n\n\n\n<p><strong>\u2022Av. Fortunatinho com in\u00edcio na rotat\u00f3ria passa a ter sentido de m\u00e3o \u00fanica at\u00e9 o in\u00edcio da Rua Guarani;<\/strong><\/p>\n\n\n\n<p><strong>\u2022 Rua Francisco Romano (ao lado do Novo Kami e Escola Feij\u00e3o M\u00e1gico) ter\u00e1 invers\u00e3o do sentido;<\/strong><\/p>\n\n\n\n<p><strong>\u2022 Rua Wilson do Carmo Falci ( rua do Arco-\u00cdris) ter\u00e1 invers\u00e3o do sentido;<\/strong><\/p>\n\n\n\n<p><strong>\u2022 Rua Jo\u00e3o de G\u00f3es (que liga as ruas Francisco Romano e Wilson do Carmo Facli) ter\u00e1 invers\u00e3o de sentido.<\/strong><\/p>\n","protected":false},"excerpt":{"rendered":"<p>Finalmente, depois de uma espera de d\u00e9cadas, considerado um \u201clixo\u201d pela popula\u00e7\u00e3o &#8211; sofreu um desabamento de parte do seu<\/p>\n","protected":false},"author":1,"featured_media":25791,"comment_status":"open","ping_status":"open","sticky":false,"template":"","format":"standard","meta":[],"categories":[3],"tags":[],"yoast_head":"<!-- This site is optimized with the Yoast SEO plugin v15.8 - https:\/\/yoast.com\/wordpress\/plugins\/seo\/ -->\n<title>IBI\u00daNA \u2013 REFORMA DA RODOVI\u00c1RIA SER\u00c1 INICIADA DAQUI A 30 DIAS - Revista Vitrine Online<\/title>\n<meta name=\"robots\" content=\"index, follow, max-snippet:-1, max-image-preview:large, max-video-preview:-1\" \/>\n<link rel=\"canonical\" href=\"http:\/\/revistavitrineibiuna.com.br\/?p=25790\" \/>\n<meta property=\"og:locale\" content=\"pt_BR\" \/>\n<meta property=\"og:type\" content=\"article\" \/>\n<meta property=\"og:title\" content=\"IBI\u00daNA \u2013 REFORMA DA RODOVI\u00c1RIA SER\u00c1 INICIADA DAQUI A 30 DIAS - Revista Vitrine Online\" \/>\n<meta property=\"og:description\" content=\"Finalmente, depois de uma espera de d\u00e9cadas, considerado um \u201clixo\u201d pela popula\u00e7\u00e3o &#8211; sofreu um desabamento de parte do seu\" \/>\n<meta property=\"og:url\" content=\"http:\/\/revistavitrineibiuna.com.br\/?p=25790\" \/>\n<meta property=\"og:site_name\" content=\"Revista Vitrine Online\" \/>\n<meta property=\"article:published_time\" content=\"2021-10-16T01:30:04+00:00\" \/>\n<meta property=\"article:modified_time\" content=\"2021-10-16T01:46:40+00:00\" \/>\n<meta property=\"og:image\" content=\"https:\/\/revistavitrineibiuna.com.br\/wp-content\/uploads\/2021\/10\/maquete.jpg\" \/>\n\t<meta property=\"og:image:width\" content=\"740\" \/>\n\t<meta property=\"og:image:height\" content=\"484\" \/>\n<meta name=\"twitter:card\" content=\"summary\" \/>\n<meta name=\"twitter:label1\" content=\"Est. reading time\">\n\t<meta name=\"twitter:data1\" content=\"2 minutos\">\n<script type=\"application\/ld+json\" class=\"yoast-schema-graph\">{\"@context\":\"https:\/\/schema.org\",\"@graph\":[{\"@type\":\"WebSite\",\"@id\":\"https:\/\/revistavitrineibiuna.com.br\/#website\",\"url\":\"https:\/\/revistavitrineibiuna.com.br\/\",\"name\":\"Revista Vitrine Ibi\\u00fana\",\"description\":\"A Revista de Ibi\\u00fana e Regi\\u00e3o\",\"publisher\":{\"@id\":\"https:\/\/revistavitrineibiuna.com.br\/#\/schema\/person\/e51ef49d6d88170ea21ceabff3f73deb\"},\"potentialAction\":[{\"@type\":\"SearchAction\",\"target\":\"https:\/\/revistavitrineibiuna.com.br\/?s={search_term_string}\",\"query-input\":\"required name=search_term_string\"}],\"inLanguage\":\"pt-BR\"},{\"@type\":\"ImageObject\",\"@id\":\"http:\/\/revistavitrineibiuna.com.br\/?p=25790#primaryimage\",\"inLanguage\":\"pt-BR\",\"url\":\"https:\/\/revistavitrineibiuna.com.br\/wp-content\/uploads\/2021\/10\/maquete.jpg\",\"width\":740,\"height\":484},{\"@type\":\"WebPage\",\"@id\":\"http:\/\/revistavitrineibiuna.com.br\/?p=25790#webpage\",\"url\":\"http:\/\/revistavitrineibiuna.com.br\/?p=25790\",\"name\":\"IBI\\u00daNA \\u2013 REFORMA DA RODOVI\\u00c1RIA SER\\u00c1 INICIADA DAQUI A 30 DIAS - Revista Vitrine Online\",\"isPartOf\":{\"@id\":\"https:\/\/revistavitrineibiuna.com.br\/#website\"},\"primaryImageOfPage\":{\"@id\":\"http:\/\/revistavitrineibiuna.com.br\/?p=25790#primaryimage\"},\"datePublished\":\"2021-10-16T01:30:04+00:00\",\"dateModified\":\"2021-10-16T01:46:40+00:00\",\"breadcrumb\":{\"@id\":\"http:\/\/revistavitrineibiuna.com.br\/?p=25790#breadcrumb\"},\"inLanguage\":\"pt-BR\",\"potentialAction\":[{\"@type\":\"ReadAction\",\"target\":[\"http:\/\/revistavitrineibiuna.com.br\/?p=25790\"]}]},{\"@type\":\"BreadcrumbList\",\"@id\":\"http:\/\/revistavitrineibiuna.com.br\/?p=25790#breadcrumb\",\"itemListElement\":[{\"@type\":\"ListItem\",\"position\":1,\"item\":{\"@type\":\"WebPage\",\"@id\":\"https:\/\/revistavitrineibiuna.com.br\/\",\"url\":\"https:\/\/revistavitrineibiuna.com.br\/\",\"name\":\"In\\u00edcio\"}},{\"@type\":\"ListItem\",\"position\":2,\"item\":{\"@type\":\"WebPage\",\"@id\":\"http:\/\/revistavitrineibiuna.com.br\/?p=25790\",\"url\":\"http:\/\/revistavitrineibiuna.com.br\/?p=25790\",\"name\":\"IBI\\u00daNA \\u2013 REFORMA DA RODOVI\\u00c1RIA SER\\u00c1 INICIADA DAQUI A 30 DIAS\"}}]},{\"@type\":\"Article\",\"@id\":\"http:\/\/revistavitrineibiuna.com.br\/?p=25790#article\",\"isPartOf\":{\"@id\":\"http:\/\/revistavitrineibiuna.com.br\/?p=25790#webpage\"},\"author\":{\"@id\":\"https:\/\/revistavitrineibiuna.com.br\/#\/schema\/person\/e51ef49d6d88170ea21ceabff3f73deb\"},\"headline\":\"IBI\\u00daNA \\u2013 REFORMA DA RODOVI\\u00c1RIA SER\\u00c1 INICIADA DAQUI A 30 DIAS\",\"datePublished\":\"2021-10-16T01:30:04+00:00\",\"dateModified\":\"2021-10-16T01:46:40+00:00\",\"mainEntityOfPage\":{\"@id\":\"http:\/\/revistavitrineibiuna.com.br\/?p=25790#webpage\"},\"commentCount\":0,\"publisher\":{\"@id\":\"https:\/\/revistavitrineibiuna.com.br\/#\/schema\/person\/e51ef49d6d88170ea21ceabff3f73deb\"},\"image\":{\"@id\":\"http:\/\/revistavitrineibiuna.com.br\/?p=25790#primaryimage\"},\"articleSection\":\"Not\\u00edcias\",\"inLanguage\":\"pt-BR\",\"potentialAction\":[{\"@type\":\"CommentAction\",\"name\":\"Comment\",\"target\":[\"http:\/\/revistavitrineibiuna.com.br\/?p=25790#respond\"]}]},{\"@type\":[\"Person\",\"Organization\"],\"@id\":\"https:\/\/revistavitrineibiuna.com.br\/#\/schema\/person\/e51ef49d6d88170ea21ceabff3f73deb\",\"name\":\"Carlos Rossini\",\"image\":{\"@type\":\"ImageObject\",\"@id\":\"https:\/\/revistavitrineibiuna.com.br\/#personlogo\",\"inLanguage\":\"pt-BR\",\"url\":\"https:\/\/secure.gravatar.com\/avatar\/4f2d0f99fac1f85c7d643f21f5c8d900?s=96&d=mm&r=g\",\"caption\":\"Carlos Rossini\"},\"logo\":{\"@id\":\"https:\/\/revistavitrineibiuna.com.br\/#personlogo\"},\"description\":\"Carlos Rossini \\u00e9 jornalista, soci\\u00f3logo, escritor e professor universit\\u00e1rio, tendo sido professor de jornalismo por vinte anos. Trabalhou em ve\\u00edculos de comunica\\u00e7\\u00e3o nas fun\\u00e7\\u00f5es de rep\\u00f3rter, redator, editor, articulista e colaborador, como Folha de S. Paulo, O Estado de S. Paulo, Di\\u00e1rio Popular, entre outros. Ao transferir a revista vitrine, vers\\u00e3o imprensa, de S\\u00e3o Paulo para Ibi\\u00fana h\\u00e1 alguns anos, iniciou uma nova experi\\u00eancia profissional, dedicando-se ao jornalismo regional, depois de cumprir uma trajet\\u00f3ria bem-sucedida na grande imprensa brasileira. Seu primeiro livro A Coragem de Comunicar foi lan\\u00e7ado na Bienal do Livro em S\\u00e3o Paulo no ano 2000, pela editora Madras.\"}]}<\/script>\n<!-- \/ Yoast SEO plugin. -->","_links":{"self":[{"href":"https:\/\/revistavitrineibiuna.com.br\/index.php?rest_route=\/wp\/v2\/posts\/25790"}],"collection":[{"href":"https:\/\/revistavitrineibiuna.com.br\/index.php?rest_route=\/wp\/v2\/posts"}],"about":[{"href":"https:\/\/revistavitrineibiuna.com.br\/index.php?rest_route=\/wp\/v2\/types\/post"}],"author":[{"embeddable":true,"href":"https:\/\/revistavitrineibiuna.com.br\/index.php?rest_route=\/wp\/v2\/users\/1"}],"replies":[{"embeddable":true,"href":"https:\/\/revistavitrineibiuna.com.br\/index.php?rest_route=%2Fwp%2Fv2%2Fcomments&post=25790"}],"version-history":[{"count":3,"href":"https:\/\/revistavitrineibiuna.com.br\/index.php?rest_route=\/wp\/v2\/posts\/25790\/revisions"}],"predecessor-version":[{"id":25795,"href":"https:\/\/revistavitrineibiuna.com.br\/index.php?rest_route=\/wp\/v2\/posts\/25790\/revisions\/25795"}],"wp:featuredmedia":[{"embeddable":true,"href":"https:\/\/revistavitrineibiuna.com.br\/index.php?rest_route=\/wp\/v2\/media\/25791"}],"wp:attachment":[{"href":"https:\/\/revistavitrineibiuna.com.br\/index.php?rest_route=%2Fwp%2Fv2%2Fmedia&parent=25790"}],"wp:term":[{"taxonomy":"category","embeddable":true,"href":"https:\/\/revistavitrineibiuna.com.br\/index.php?rest_route=%2Fwp%2Fv2%2Fcategories&post=25790"},{"taxonomy":"post_tag","embeddable":true,"href":"https:\/\/revistavitrineibiuna.com.br\/index.php?rest_route=%2Fwp%2Fv2%2Ftags&post=25790"}],"curies":[{"name":"wp","href":"https:\/\/api.w.org\/{rel}","templated":true}]}}