{"id":25796,"date":"2021-10-18T18:32:56","date_gmt":"2021-10-18T21:32:56","guid":{"rendered":"http:\/\/revistavitrineibiuna.com.br\/?p=25796"},"modified":"2021-10-18T18:32:57","modified_gmt":"2021-10-18T21:32:57","slug":"dissimular-fatos-faz-parte-da-nossa-decadente-cultura-politica","status":"publish","type":"post","link":"https:\/\/revistavitrineibiuna.com.br\/?p=25796","title":{"rendered":"DISSIMULAR FATOS FAZ PARTE DA NOSSA DECADENTE CULTURA POL\u00cdTICA"},"content":{"rendered":"\n<p class=\"has-drop-cap\"><strong>\u00c9 h\u00e1bito enraizado em nossa cultura pol\u00edtica manter o povo desinformado. O pressuposto diz respeito ao fato de que \u00e9 mais f\u00e1cil [e divertido] \u201cgovernar\u201d um povo que ignora os fatos do que pessoas esclarecidas.<\/strong><\/p>\n\n\n\n<p><strong>Disso decorre que governos municipais, estaduais e federal fazem uso de uma infinidade de artif\u00edcios para estabelecer e manter o estado de ignor\u00e2ncia, por meio de informa\u00e7\u00f5es falaciosas, propagandas e promo\u00e7\u00f5es que n\u00e3o passam da mais prosaica superficialidade. Ou: n\u00e3o penetram nos assuntos que interessam efetivamente.<\/strong><\/p>\n\n\n\n<p><strong>Portanto, esconder a \u201csujidade\u201d da opini\u00e3o p\u00fablica faz parte do repert\u00f3rio comumente usado pelas chamadas autoridades. N\u00e3o se pretende aqui referir uma esp\u00e9cie de teoria conspirat\u00f3ria de que existe do lado pessoas em fun\u00e7\u00f5es p\u00fablicas e de outro uma popula\u00e7\u00e3o incauta e sujeita a todo tipo de manobra ilus\u00f3ria.<\/strong><\/p>\n\n\n\n<p><strong>N\u00e3o. As estruturas governamentais contam com pessoas que tamb\u00e9m vivem dentro da redoma da desinforma\u00e7\u00e3o programada, pois ainda que testemunhem fatos reprov\u00e1veis \u00e9tica e moralmente ou mesmo improbidades, sabem que a regra de ouro \u00e9 calar e manter-se dentro dos limites da discri\u00e7\u00e3o funcional presumida.<\/strong><\/p>\n\n\n\n<p><strong>Abrir o bico e ser descoberto por isso \u00e9 lan\u00e7ar-se na arena dos le\u00f5es e quem, numa situa\u00e7\u00e3o econ\u00f4mica arrasadoramente perversa, se candidata a ser um quixote a avan\u00e7ar contra moinhos de vento e da perdi\u00e7\u00e3o, e, por consequ\u00eancia, amargar os tormentos do desemprego?<\/strong><\/p>\n\n\n\n<p><strong>Depois, por que criar pelos em ovos, quando sabemos o que aconteceu com Jesus Cristo e figuras heroicas que, mais uma vez, por ignor\u00e2ncia generalizada foram abandonados \u00e0 pr\u00f3pria sorte porque, como diz a sabedoria popular, \u201ca corda sempre rebenta do lado mais fraco\u201d. O medo contamina como um v\u00edrus.<\/strong><\/p>\n\n\n\n<p><strong>E, se n\u00e3o bastasse isso, computam-se milh\u00f5es de indiv\u00edduos vivendo abaixo da linha da pobreza, na mis\u00e9ria brutal, outros tantos milh\u00f5es de desempregados e muitos pedindo um peda\u00e7o de osso tenuamente encarnado para garantir ao menos refei\u00e7\u00f5es que cientificamente levam \u00e0 desnutri\u00e7\u00e3o e toda sorte de doen\u00e7as desse fato decorrentes.<\/strong><\/p>\n\n\n\n<p><strong>Sim, como se diz o submundo verbal, quem tem, tem medo, mas quem n\u00e3o tem tamb\u00e9m tem medo e assim se consagra uma sociedade enferma que gera personalidades doentias, inseguras e que nem conseguem saber que est\u00e3o vivas e tampouco o que s\u00e3o. Pessoas vazias e atormentadas que andam nas ruas como zumbis temerosos da luz.<\/strong><\/p>\n\n\n\n<p><strong>Vivemos, infelizmente, tempos em que nem mais chegamos a sentir vergonha pelos nossos atos, simplesmente porque, na verdade, n\u00e3o s\u00e3o nossos atos, mas sim reflexos do caos moral, pol\u00edtico, econ\u00f4mico, social&nbsp; em que estamos imersos.<\/strong><\/p>\n\n\n\n<p><strong>Quando vemos um car\u00edssimo <em>Porsche estacionado em frente a um edif\u00edcio p\u00fablico, podemos estar certos: o assunto que est\u00e1 sendo tratado \u00e9 pouco prov\u00e1vel que se trate de interesse da popula\u00e7\u00e3o. (Carlos Rossini \u00e9 editor de vitrine online)<\/em><\/strong><\/p>\n","protected":false},"excerpt":{"rendered":"<p>\u00c9 h\u00e1bito enraizado em nossa cultura pol\u00edtica manter o povo desinformado. O pressuposto diz respeito ao fato de que \u00e9<\/p>\n","protected":false},"author":1,"featured_media":25797,"comment_status":"open","ping_status":"open","sticky":false,"template":"","format":"standard","meta":[],"categories":[9],"tags":[],"yoast_head":"<!-- This site is optimized with the Yoast SEO plugin v15.8 - https:\/\/yoast.com\/wordpress\/plugins\/seo\/ -->\n<title>DISSIMULAR FATOS FAZ PARTE DA NOSSA DECADENTE CULTURA POL\u00cdTICA - Revista Vitrine Online<\/title>\n<meta name=\"robots\" content=\"index, follow, max-snippet:-1, max-image-preview:large, max-video-preview:-1\" \/>\n<link rel=\"canonical\" href=\"https:\/\/revistavitrineibiuna.com.br\/?p=25796\" \/>\n<meta property=\"og:locale\" content=\"pt_BR\" \/>\n<meta property=\"og:type\" content=\"article\" \/>\n<meta property=\"og:title\" content=\"DISSIMULAR FATOS FAZ PARTE DA NOSSA DECADENTE CULTURA POL\u00cdTICA - Revista Vitrine Online\" \/>\n<meta property=\"og:description\" content=\"\u00c9 h\u00e1bito enraizado em nossa cultura pol\u00edtica manter o povo desinformado. O pressuposto diz respeito ao fato de que \u00e9\" \/>\n<meta property=\"og:url\" content=\"https:\/\/revistavitrineibiuna.com.br\/?p=25796\" \/>\n<meta property=\"og:site_name\" content=\"Revista Vitrine Online\" \/>\n<meta property=\"article:published_time\" content=\"2021-10-18T21:32:56+00:00\" \/>\n<meta property=\"article:modified_time\" content=\"2021-10-18T21:32:57+00:00\" \/>\n<meta property=\"og:image\" content=\"https:\/\/revistavitrineibiuna.com.br\/wp-content\/uploads\/2021\/10\/vinho.jpg\" \/>\n\t<meta property=\"og:image:width\" content=\"740\" \/>\n\t<meta property=\"og:image:height\" content=\"490\" \/>\n<meta name=\"twitter:card\" content=\"summary\" \/>\n<meta name=\"twitter:label1\" content=\"Est. reading time\">\n\t<meta name=\"twitter:data1\" content=\"2 minutos\">\n<script type=\"application\/ld+json\" class=\"yoast-schema-graph\">{\"@context\":\"https:\/\/schema.org\",\"@graph\":[{\"@type\":\"WebSite\",\"@id\":\"https:\/\/revistavitrineibiuna.com.br\/#website\",\"url\":\"https:\/\/revistavitrineibiuna.com.br\/\",\"name\":\"Revista Vitrine Ibi\\u00fana\",\"description\":\"A Revista de Ibi\\u00fana e Regi\\u00e3o\",\"publisher\":{\"@id\":\"https:\/\/revistavitrineibiuna.com.br\/#\/schema\/person\/e51ef49d6d88170ea21ceabff3f73deb\"},\"potentialAction\":[{\"@type\":\"SearchAction\",\"target\":\"https:\/\/revistavitrineibiuna.com.br\/?s={search_term_string}\",\"query-input\":\"required name=search_term_string\"}],\"inLanguage\":\"pt-BR\"},{\"@type\":\"ImageObject\",\"@id\":\"https:\/\/revistavitrineibiuna.com.br\/?p=25796#primaryimage\",\"inLanguage\":\"pt-BR\",\"url\":\"https:\/\/revistavitrineibiuna.com.br\/wp-content\/uploads\/2021\/10\/vinho.jpg\",\"width\":740,\"height\":490},{\"@type\":\"WebPage\",\"@id\":\"https:\/\/revistavitrineibiuna.com.br\/?p=25796#webpage\",\"url\":\"https:\/\/revistavitrineibiuna.com.br\/?p=25796\",\"name\":\"DISSIMULAR FATOS FAZ PARTE DA NOSSA DECADENTE CULTURA POL\\u00cdTICA - Revista Vitrine Online\",\"isPartOf\":{\"@id\":\"https:\/\/revistavitrineibiuna.com.br\/#website\"},\"primaryImageOfPage\":{\"@id\":\"https:\/\/revistavitrineibiuna.com.br\/?p=25796#primaryimage\"},\"datePublished\":\"2021-10-18T21:32:56+00:00\",\"dateModified\":\"2021-10-18T21:32:57+00:00\",\"breadcrumb\":{\"@id\":\"https:\/\/revistavitrineibiuna.com.br\/?p=25796#breadcrumb\"},\"inLanguage\":\"pt-BR\",\"potentialAction\":[{\"@type\":\"ReadAction\",\"target\":[\"https:\/\/revistavitrineibiuna.com.br\/?p=25796\"]}]},{\"@type\":\"BreadcrumbList\",\"@id\":\"https:\/\/revistavitrineibiuna.com.br\/?p=25796#breadcrumb\",\"itemListElement\":[{\"@type\":\"ListItem\",\"position\":1,\"item\":{\"@type\":\"WebPage\",\"@id\":\"https:\/\/revistavitrineibiuna.com.br\/\",\"url\":\"https:\/\/revistavitrineibiuna.com.br\/\",\"name\":\"In\\u00edcio\"}},{\"@type\":\"ListItem\",\"position\":2,\"item\":{\"@type\":\"WebPage\",\"@id\":\"https:\/\/revistavitrineibiuna.com.br\/?p=25796\",\"url\":\"https:\/\/revistavitrineibiuna.com.br\/?p=25796\",\"name\":\"DISSIMULAR FATOS FAZ PARTE DA NOSSA DECADENTE CULTURA POL\\u00cdTICA\"}}]},{\"@type\":\"Article\",\"@id\":\"https:\/\/revistavitrineibiuna.com.br\/?p=25796#article\",\"isPartOf\":{\"@id\":\"https:\/\/revistavitrineibiuna.com.br\/?p=25796#webpage\"},\"author\":{\"@id\":\"https:\/\/revistavitrineibiuna.com.br\/#\/schema\/person\/e51ef49d6d88170ea21ceabff3f73deb\"},\"headline\":\"DISSIMULAR FATOS FAZ PARTE DA NOSSA DECADENTE CULTURA POL\\u00cdTICA\",\"datePublished\":\"2021-10-18T21:32:56+00:00\",\"dateModified\":\"2021-10-18T21:32:57+00:00\",\"mainEntityOfPage\":{\"@id\":\"https:\/\/revistavitrineibiuna.com.br\/?p=25796#webpage\"},\"commentCount\":0,\"publisher\":{\"@id\":\"https:\/\/revistavitrineibiuna.com.br\/#\/schema\/person\/e51ef49d6d88170ea21ceabff3f73deb\"},\"image\":{\"@id\":\"https:\/\/revistavitrineibiuna.com.br\/?p=25796#primaryimage\"},\"articleSection\":\"Cultura\",\"inLanguage\":\"pt-BR\",\"potentialAction\":[{\"@type\":\"CommentAction\",\"name\":\"Comment\",\"target\":[\"https:\/\/revistavitrineibiuna.com.br\/?p=25796#respond\"]}]},{\"@type\":[\"Person\",\"Organization\"],\"@id\":\"https:\/\/revistavitrineibiuna.com.br\/#\/schema\/person\/e51ef49d6d88170ea21ceabff3f73deb\",\"name\":\"Carlos Rossini\",\"image\":{\"@type\":\"ImageObject\",\"@id\":\"https:\/\/revistavitrineibiuna.com.br\/#personlogo\",\"inLanguage\":\"pt-BR\",\"url\":\"https:\/\/secure.gravatar.com\/avatar\/4f2d0f99fac1f85c7d643f21f5c8d900?s=96&d=mm&r=g\",\"caption\":\"Carlos Rossini\"},\"logo\":{\"@id\":\"https:\/\/revistavitrineibiuna.com.br\/#personlogo\"},\"description\":\"Carlos Rossini \\u00e9 jornalista, soci\\u00f3logo, escritor e professor universit\\u00e1rio, tendo sido professor de jornalismo por vinte anos. Trabalhou em ve\\u00edculos de comunica\\u00e7\\u00e3o nas fun\\u00e7\\u00f5es de rep\\u00f3rter, redator, editor, articulista e colaborador, como Folha de S. Paulo, O Estado de S. Paulo, Di\\u00e1rio Popular, entre outros. Ao transferir a revista vitrine, vers\\u00e3o imprensa, de S\\u00e3o Paulo para Ibi\\u00fana h\\u00e1 alguns anos, iniciou uma nova experi\\u00eancia profissional, dedicando-se ao jornalismo regional, depois de cumprir uma trajet\\u00f3ria bem-sucedida na grande imprensa brasileira. Seu primeiro livro A Coragem de Comunicar foi lan\\u00e7ado na Bienal do Livro em S\\u00e3o Paulo no ano 2000, pela editora Madras.\"}]}<\/script>\n<!-- \/ Yoast SEO plugin. -->","_links":{"self":[{"href":"https:\/\/revistavitrineibiuna.com.br\/index.php?rest_route=\/wp\/v2\/posts\/25796"}],"collection":[{"href":"https:\/\/revistavitrineibiuna.com.br\/index.php?rest_route=\/wp\/v2\/posts"}],"about":[{"href":"https:\/\/revistavitrineibiuna.com.br\/index.php?rest_route=\/wp\/v2\/types\/post"}],"author":[{"embeddable":true,"href":"https:\/\/revistavitrineibiuna.com.br\/index.php?rest_route=\/wp\/v2\/users\/1"}],"replies":[{"embeddable":true,"href":"https:\/\/revistavitrineibiuna.com.br\/index.php?rest_route=%2Fwp%2Fv2%2Fcomments&post=25796"}],"version-history":[{"count":1,"href":"https:\/\/revistavitrineibiuna.com.br\/index.php?rest_route=\/wp\/v2\/posts\/25796\/revisions"}],"predecessor-version":[{"id":25798,"href":"https:\/\/revistavitrineibiuna.com.br\/index.php?rest_route=\/wp\/v2\/posts\/25796\/revisions\/25798"}],"wp:featuredmedia":[{"embeddable":true,"href":"https:\/\/revistavitrineibiuna.com.br\/index.php?rest_route=\/wp\/v2\/media\/25797"}],"wp:attachment":[{"href":"https:\/\/revistavitrineibiuna.com.br\/index.php?rest_route=%2Fwp%2Fv2%2Fmedia&parent=25796"}],"wp:term":[{"taxonomy":"category","embeddable":true,"href":"https:\/\/revistavitrineibiuna.com.br\/index.php?rest_route=%2Fwp%2Fv2%2Fcategories&post=25796"},{"taxonomy":"post_tag","embeddable":true,"href":"https:\/\/revistavitrineibiuna.com.br\/index.php?rest_route=%2Fwp%2Fv2%2Ftags&post=25796"}],"curies":[{"name":"wp","href":"https:\/\/api.w.org\/{rel}","templated":true}]}}