{"id":25996,"date":"2021-11-20T19:21:21","date_gmt":"2021-11-20T22:21:21","guid":{"rendered":"http:\/\/revistavitrineibiuna.com.br\/?p=25996"},"modified":"2021-11-20T20:14:51","modified_gmt":"2021-11-20T23:14:51","slug":"ibiuna-onibus-deixam-rodoviaria-e-passam-a-operar-na-rua-guarani-nesta-segunda-feira","status":"publish","type":"post","link":"https:\/\/revistavitrineibiuna.com.br\/?p=25996","title":{"rendered":"IBI\u00daNA \u2013 \u00d4NIBUS DEIXAM RODOVI\u00c1RIA E PASSAM A OPERAR NA RUA GUARANI NESTA SEGUNDA-FEIRA"},"content":{"rendered":"\n<p class=\"has-drop-cap\"><strong>A partir da madrugada desta segunda-feira (22) o embarque e desembarque de passageiros de \u00f4nibus municipais de Ibi\u00fana e estaduais passam a ser feitos ao longo da Rua Guarani, localizada na regi\u00e3o central da cidade de Ibi\u00fana.<\/strong><\/p>\n\n\n\n<p><strong>A administra\u00e7\u00e3o e o com\u00e9rcio do Terminal Rodovi\u00e1rio, fechado neste fim de semana para reforma, funcionar\u00e3o no pr\u00e9dio do Mercado Municipal, localizado na esquina da Rua Guarani com Vereador Benedito de Campos.<\/strong><\/p>\n\n\n\n<p><strong>\u201cA Guarda Civil estar\u00e1 presente no local para coordenar o tr\u00e2nsito e apoiar as a\u00e7\u00f5es necess\u00e1rias para efetivar a mudan\u00e7a\u201d, disse a vitrine online no come\u00e7o da noite de hoje (21), o GCM Vagner Correa Cruzoleto, da Diretoria Municipal de Tr\u00e2nsito \u2013 Dimutran.<\/strong><\/p>\n\n\n\n<p><strong>O novo secret\u00e1rio de Desenvolvimento Urbano da Prefeitura, ex-prefeito F\u00e1bio Bello, informou que \u00e0s 9 horas da manh\u00e3 deste domingo, todos os envolvidos participar\u00e3o de uma reuni\u00e3o no local, a fim de ultimar as &nbsp;provid\u00eancias relacionadas com os poss\u00edveis impactos das altera\u00e7\u00f5es no tr\u00e2nsito. &nbsp;A dire\u00e7\u00e3o da Rua Guarani passou a ter m\u00e3o \u00fanica da Avenida Fortunatinho para a rua Vereador Benedito de Campos.<\/strong><\/p>\n\n\n\n<p><strong>Ainda neste fim de semana na Rua Guarani foram pintadas faixas de sinaliza\u00e7\u00e3o no lado direito da via, com a nova dire\u00e7\u00e3o, onde os \u00f4nibus v\u00e3o estacionar. O com\u00e9rcio formado por pequenas lojas e prestadores de servi\u00e7os nessa faixa dever\u00e3o ser beneficiados em decorr\u00eancia do afluxo de passageiros que ou subir\u00e3o ou descer\u00e3o dos carros ou, ainda, ficar\u00e3o \u00e0 espera da chegada dos \u00f4nibus do seu destino. Os \u00f4nibus que n\u00e3o estiverem no hor\u00e1rio de opera\u00e7\u00e3o ficar\u00e3o aguardando na margem da Avenida Ant\u00f4nio Falci (Marginal), como j\u00e1 vinha ocorrendo em rela\u00e7\u00e3o ao terminal desativado.<\/strong><\/p>\n\n\n\n<p><strong>Funcion\u00e1rios da empresa de \u00f4nibus ouvidos por vitrine online estavam apreensivos em rela\u00e7\u00e3o ao in\u00edcio do servi\u00e7o no novo local, prevendo que poder\u00e1 haver desconforto para os usu\u00e1rios dos \u00f4nibus que, antes, de alguma forma, ficavam abrigados nas partes cobertas do Terminal Rodovi\u00e1rio.<\/strong><\/p>\n\n\n\n<p><strong>Os comerciantes que vinham atuando no interior do Terminal Rodovi\u00e1rio dever\u00e3o se mudar para os novos boxes no Mercado Municipal at\u00e9 a tarde deste domingo. Eles se encontravam em finaliza\u00e7\u00e3o de reforma neste s\u00e1bado.<\/strong><\/p>\n\n\n\n<p><strong>REFORMA, 34 ANOS DEPOIS<\/strong><\/p>\n\n\n\n<p><strong>O Terminal Rodovi\u00e1rio de Ibi\u00fana, que foi objeto de esc\u00e1rnio por parte dos seus usu\u00e1rios habituais e visitantes da cidade, devido \u00e0 precariedade de sua estrutura, chegando a causar repulsa por sua sujidade e repugn\u00e2ncia pelo mal cheiro dos seus banheiros, ser\u00e1 finalmente reformado depois de 34 anos de sua inaugura\u00e7\u00e3o, ocorrida no dia 24 de mar\u00e7o de 1987, pelo ent\u00e3o prefeito Zezito Falci.<\/strong><\/p>\n\n\n\n<p><strong>Outras reformas foram anunciadas por governos anteriores, mas n\u00e3o chegaram nem mesmo a ser iniciadas, raz\u00e3o por que esse assunto caiu na boca do povo que passou a descrer nas promessas dos gestores locais. O dinheiro de uma das administra\u00e7\u00f5es, por n\u00e3o ter sido utilizado para a reforma, teve que ser devolvido ao Dadetur \u2013 Secretaria de Turismo do Estado de S\u00e3o Paulo.<\/strong><\/p>\n\n\n\n<p><strong>Vitrine online divulgou in\u00fameras noticias sobre o Terminal Rodovi\u00e1rio, em v\u00e1rios momentos, como em 27 de novembro de 2019 quando parte do seu teto veio abaixo, depois de uma tempestade ocorrida na cidade. O reparo demorou sete meses, per\u00edodo em que houve pelo menos duas grandes inunda\u00e7\u00f5es em seu interior.<\/strong><\/p>\n\n\n\n<figure class=\"wp-block-image size-large\"><img loading=\"lazy\" width=\"740\" height=\"416\" src=\"http:\/\/revistavitrineibiuna.com.br\/wp-content\/uploads\/2021\/11\/adminisracao-e-comercioi.jpg\" alt=\"\" class=\"wp-image-26000\" srcset=\"https:\/\/revistavitrineibiuna.com.br\/wp-content\/uploads\/2021\/11\/adminisracao-e-comercioi.jpg 740w, https:\/\/revistavitrineibiuna.com.br\/wp-content\/uploads\/2021\/11\/adminisracao-e-comercioi-300x169.jpg 300w\" sizes=\"(max-width: 740px) 100vw, 740px\" \/><\/figure>\n\n\n\n<p><strong>PREVISAO \u00c9 DE 10 MESES<\/strong><\/p>\n\n\n\n<p><strong>A reforma da Rodovi\u00e1ria dever\u00e1 ser conclu\u00edda em dez meses, talvez em setembro de 2022, a um custo de R$ 4,5 milh\u00f5es de reais, parte com recursos pr\u00f3prios da Prefeitura e parte de emendas parlamentares, informou o secret\u00e1rio de Obras, engenheiro civil Kelvin Alves. Por contar com recursos federais, a obra dever\u00e1 ser acompanhada pela Caixa Econ\u00f4mica.<\/strong> O projeto foi criado por engenheiros e arquitetos da Prefeitura, segundo o secret\u00e1rio de Obras.<\/p>\n\n\n\n<p><strong>A empresa vencedora da concorr\u00eancia e respons\u00e1vel pela reforma ser\u00e1 a MCJ \u2013 Ferraro Empreendimentos Ltda., com sede no munic\u00edpio de Conchas, no interior de S\u00e3o Paulo. Seu propriet\u00e1rio \u00e9 M\u00e1rcio S\u00e9rgio Juliano Ferraro. A empresa atua no setor de constru\u00e7\u00e3o.<\/strong><\/p>\n\n\n\n<p><\/p>\n\n\n\n<figure class=\"wp-block-image size-large\"><img loading=\"lazy\" width=\"740\" height=\"416\" src=\"http:\/\/revistavitrineibiuna.com.br\/wp-content\/uploads\/2021\/11\/boxes.jpg\" alt=\"\" class=\"wp-image-26002\" srcset=\"https:\/\/revistavitrineibiuna.com.br\/wp-content\/uploads\/2021\/11\/boxes.jpg 740w, https:\/\/revistavitrineibiuna.com.br\/wp-content\/uploads\/2021\/11\/boxes-300x169.jpg 300w\" sizes=\"(max-width: 740px) 100vw, 740px\" \/><\/figure>\n","protected":false},"excerpt":{"rendered":"<p>A partir da madrugada desta segunda-feira (22) o embarque e desembarque de passageiros de \u00f4nibus municipais de Ibi\u00fana e estaduais<\/p>\n","protected":false},"author":1,"featured_media":25997,"comment_status":"open","ping_status":"open","sticky":false,"template":"","format":"standard","meta":[],"categories":[3],"tags":[],"yoast_head":"<!-- This site is optimized with the Yoast SEO plugin v15.8 - https:\/\/yoast.com\/wordpress\/plugins\/seo\/ -->\n<title>IBI\u00daNA \u2013 \u00d4NIBUS DEIXAM RODOVI\u00c1RIA E PASSAM A OPERAR NA RUA GUARANI NESTA SEGUNDA-FEIRA - Revista Vitrine Online<\/title>\n<meta name=\"robots\" content=\"index, follow, max-snippet:-1, max-image-preview:large, max-video-preview:-1\" \/>\n<link rel=\"canonical\" href=\"https:\/\/revistavitrineibiuna.com.br\/?p=25996\" \/>\n<meta property=\"og:locale\" content=\"pt_BR\" \/>\n<meta property=\"og:type\" content=\"article\" \/>\n<meta property=\"og:title\" content=\"IBI\u00daNA \u2013 \u00d4NIBUS DEIXAM RODOVI\u00c1RIA E PASSAM A OPERAR NA RUA GUARANI NESTA SEGUNDA-FEIRA - Revista Vitrine Online\" \/>\n<meta property=\"og:description\" content=\"A partir da madrugada desta segunda-feira (22) o embarque e desembarque de passageiros de \u00f4nibus municipais de Ibi\u00fana e estaduais\" \/>\n<meta property=\"og:url\" content=\"https:\/\/revistavitrineibiuna.com.br\/?p=25996\" \/>\n<meta property=\"og:site_name\" content=\"Revista Vitrine Online\" \/>\n<meta property=\"article:published_time\" content=\"2021-11-20T22:21:21+00:00\" \/>\n<meta property=\"article:modified_time\" content=\"2021-11-20T23:14:51+00:00\" \/>\n<meta property=\"og:image\" content=\"https:\/\/revistavitrineibiuna.com.br\/wp-content\/uploads\/2021\/11\/ONIBUS.jpg\" \/>\n\t<meta property=\"og:image:width\" content=\"740\" \/>\n\t<meta property=\"og:image:height\" content=\"441\" \/>\n<meta name=\"twitter:card\" content=\"summary\" \/>\n<meta name=\"twitter:label1\" content=\"Est. reading time\">\n\t<meta name=\"twitter:data1\" content=\"4 minutos\">\n<script type=\"application\/ld+json\" class=\"yoast-schema-graph\">{\"@context\":\"https:\/\/schema.org\",\"@graph\":[{\"@type\":\"WebSite\",\"@id\":\"http:\/\/revistavitrineibiuna.com.br\/#website\",\"url\":\"http:\/\/revistavitrineibiuna.com.br\/\",\"name\":\"Revista Vitrine Ibi\\u00fana\",\"description\":\"A Revista de Ibi\\u00fana e Regi\\u00e3o\",\"publisher\":{\"@id\":\"http:\/\/revistavitrineibiuna.com.br\/#\/schema\/person\/e51ef49d6d88170ea21ceabff3f73deb\"},\"potentialAction\":[{\"@type\":\"SearchAction\",\"target\":\"http:\/\/revistavitrineibiuna.com.br\/?s={search_term_string}\",\"query-input\":\"required name=search_term_string\"}],\"inLanguage\":\"pt-BR\"},{\"@type\":\"ImageObject\",\"@id\":\"https:\/\/revistavitrineibiuna.com.br\/?p=25996#primaryimage\",\"inLanguage\":\"pt-BR\",\"url\":\"https:\/\/revistavitrineibiuna.com.br\/wp-content\/uploads\/2021\/11\/ONIBUS.jpg\",\"width\":740,\"height\":441},{\"@type\":\"WebPage\",\"@id\":\"https:\/\/revistavitrineibiuna.com.br\/?p=25996#webpage\",\"url\":\"https:\/\/revistavitrineibiuna.com.br\/?p=25996\",\"name\":\"IBI\\u00daNA \\u2013 \\u00d4NIBUS DEIXAM RODOVI\\u00c1RIA E PASSAM A OPERAR NA RUA GUARANI NESTA SEGUNDA-FEIRA - Revista Vitrine Online\",\"isPartOf\":{\"@id\":\"http:\/\/revistavitrineibiuna.com.br\/#website\"},\"primaryImageOfPage\":{\"@id\":\"https:\/\/revistavitrineibiuna.com.br\/?p=25996#primaryimage\"},\"datePublished\":\"2021-11-20T22:21:21+00:00\",\"dateModified\":\"2021-11-20T23:14:51+00:00\",\"breadcrumb\":{\"@id\":\"https:\/\/revistavitrineibiuna.com.br\/?p=25996#breadcrumb\"},\"inLanguage\":\"pt-BR\",\"potentialAction\":[{\"@type\":\"ReadAction\",\"target\":[\"https:\/\/revistavitrineibiuna.com.br\/?p=25996\"]}]},{\"@type\":\"BreadcrumbList\",\"@id\":\"https:\/\/revistavitrineibiuna.com.br\/?p=25996#breadcrumb\",\"itemListElement\":[{\"@type\":\"ListItem\",\"position\":1,\"item\":{\"@type\":\"WebPage\",\"@id\":\"http:\/\/revistavitrineibiuna.com.br\/\",\"url\":\"http:\/\/revistavitrineibiuna.com.br\/\",\"name\":\"In\\u00edcio\"}},{\"@type\":\"ListItem\",\"position\":2,\"item\":{\"@type\":\"WebPage\",\"@id\":\"https:\/\/revistavitrineibiuna.com.br\/?p=25996\",\"url\":\"https:\/\/revistavitrineibiuna.com.br\/?p=25996\",\"name\":\"IBI\\u00daNA \\u2013 \\u00d4NIBUS DEIXAM RODOVI\\u00c1RIA E PASSAM A OPERAR NA RUA GUARANI NESTA SEGUNDA-FEIRA\"}}]},{\"@type\":\"Article\",\"@id\":\"https:\/\/revistavitrineibiuna.com.br\/?p=25996#article\",\"isPartOf\":{\"@id\":\"https:\/\/revistavitrineibiuna.com.br\/?p=25996#webpage\"},\"author\":{\"@id\":\"http:\/\/revistavitrineibiuna.com.br\/#\/schema\/person\/e51ef49d6d88170ea21ceabff3f73deb\"},\"headline\":\"IBI\\u00daNA \\u2013 \\u00d4NIBUS DEIXAM RODOVI\\u00c1RIA E PASSAM A OPERAR NA RUA GUARANI NESTA SEGUNDA-FEIRA\",\"datePublished\":\"2021-11-20T22:21:21+00:00\",\"dateModified\":\"2021-11-20T23:14:51+00:00\",\"mainEntityOfPage\":{\"@id\":\"https:\/\/revistavitrineibiuna.com.br\/?p=25996#webpage\"},\"commentCount\":0,\"publisher\":{\"@id\":\"http:\/\/revistavitrineibiuna.com.br\/#\/schema\/person\/e51ef49d6d88170ea21ceabff3f73deb\"},\"image\":{\"@id\":\"https:\/\/revistavitrineibiuna.com.br\/?p=25996#primaryimage\"},\"articleSection\":\"Not\\u00edcias\",\"inLanguage\":\"pt-BR\",\"potentialAction\":[{\"@type\":\"CommentAction\",\"name\":\"Comment\",\"target\":[\"https:\/\/revistavitrineibiuna.com.br\/?p=25996#respond\"]}]},{\"@type\":[\"Person\",\"Organization\"],\"@id\":\"http:\/\/revistavitrineibiuna.com.br\/#\/schema\/person\/e51ef49d6d88170ea21ceabff3f73deb\",\"name\":\"Carlos Rossini\",\"image\":{\"@type\":\"ImageObject\",\"@id\":\"http:\/\/revistavitrineibiuna.com.br\/#personlogo\",\"inLanguage\":\"pt-BR\",\"url\":\"https:\/\/secure.gravatar.com\/avatar\/4f2d0f99fac1f85c7d643f21f5c8d900?s=96&d=mm&r=g\",\"caption\":\"Carlos Rossini\"},\"logo\":{\"@id\":\"http:\/\/revistavitrineibiuna.com.br\/#personlogo\"},\"description\":\"Carlos Rossini \\u00e9 jornalista, soci\\u00f3logo, escritor e professor universit\\u00e1rio, tendo sido professor de jornalismo por vinte anos. Trabalhou em ve\\u00edculos de comunica\\u00e7\\u00e3o nas fun\\u00e7\\u00f5es de rep\\u00f3rter, redator, editor, articulista e colaborador, como Folha de S. Paulo, O Estado de S. Paulo, Di\\u00e1rio Popular, entre outros. Ao transferir a revista vitrine, vers\\u00e3o imprensa, de S\\u00e3o Paulo para Ibi\\u00fana h\\u00e1 alguns anos, iniciou uma nova experi\\u00eancia profissional, dedicando-se ao jornalismo regional, depois de cumprir uma trajet\\u00f3ria bem-sucedida na grande imprensa brasileira. Seu primeiro livro A Coragem de Comunicar foi lan\\u00e7ado na Bienal do Livro em S\\u00e3o Paulo no ano 2000, pela editora Madras.\"}]}<\/script>\n<!-- \/ Yoast SEO plugin. -->","_links":{"self":[{"href":"https:\/\/revistavitrineibiuna.com.br\/index.php?rest_route=\/wp\/v2\/posts\/25996"}],"collection":[{"href":"https:\/\/revistavitrineibiuna.com.br\/index.php?rest_route=\/wp\/v2\/posts"}],"about":[{"href":"https:\/\/revistavitrineibiuna.com.br\/index.php?rest_route=\/wp\/v2\/types\/post"}],"author":[{"embeddable":true,"href":"https:\/\/revistavitrineibiuna.com.br\/index.php?rest_route=\/wp\/v2\/users\/1"}],"replies":[{"embeddable":true,"href":"https:\/\/revistavitrineibiuna.com.br\/index.php?rest_route=%2Fwp%2Fv2%2Fcomments&post=25996"}],"version-history":[{"count":9,"href":"https:\/\/revistavitrineibiuna.com.br\/index.php?rest_route=\/wp\/v2\/posts\/25996\/revisions"}],"predecessor-version":[{"id":26009,"href":"https:\/\/revistavitrineibiuna.com.br\/index.php?rest_route=\/wp\/v2\/posts\/25996\/revisions\/26009"}],"wp:featuredmedia":[{"embeddable":true,"href":"https:\/\/revistavitrineibiuna.com.br\/index.php?rest_route=\/wp\/v2\/media\/25997"}],"wp:attachment":[{"href":"https:\/\/revistavitrineibiuna.com.br\/index.php?rest_route=%2Fwp%2Fv2%2Fmedia&parent=25996"}],"wp:term":[{"taxonomy":"category","embeddable":true,"href":"https:\/\/revistavitrineibiuna.com.br\/index.php?rest_route=%2Fwp%2Fv2%2Fcategories&post=25996"},{"taxonomy":"post_tag","embeddable":true,"href":"https:\/\/revistavitrineibiuna.com.br\/index.php?rest_route=%2Fwp%2Fv2%2Ftags&post=25996"}],"curies":[{"name":"wp","href":"https:\/\/api.w.org\/{rel}","templated":true}]}}