{"id":26011,"date":"2021-11-22T13:26:39","date_gmt":"2021-11-22T16:26:39","guid":{"rendered":"http:\/\/revistavitrineibiuna.com.br\/?p=26011"},"modified":"2021-11-22T13:26:40","modified_gmt":"2021-11-22T16:26:40","slug":"cronicas-de-ibiuna-ate-quando-teremos-mais-do-mesmo","status":"publish","type":"post","link":"https:\/\/revistavitrineibiuna.com.br\/?p=26011","title":{"rendered":"CR\u00d4NICAS DE IBI\u00daNA \u2013 AT\u00c9 QUANDO TEREMOS MAIS DO MESMO?"},"content":{"rendered":"\n<p class=\"has-drop-cap\"><strong>Depois de um s\u00e1bado cheio de tribula\u00e7\u00f5es, em que investimos muitas horas de nossa dedica\u00e7\u00e3o profissional [exatamente 10 horas] para bem informar a popula\u00e7\u00e3o ibiunense sobre as implica\u00e7\u00f5es da importante mudan\u00e7a das opera\u00e7\u00f5es do Terminal Rodovi\u00e1rio para a rua Guarani e Mercado Municipal, n\u00e3o sei explicar o porqu\u00ea mas nesta madrugada sonhei que estava no comando de um veleiro nas \u00e1guas do Atl\u00e2ntico.<\/strong><\/p>\n\n\n\n<p><strong>Solit\u00e1rio e atento ao tim\u00e3o, singrava um mar de almirante e me sentia confiante, pois tinha como certo de que tudo dependia somente de mim e n\u00e3o de outras pessoas, com as quais nem sempre podemos contar porque elas simplesmente funcionam como ref\u00e9ns de perspectivas singulares imprevis\u00edveis.<\/strong><\/p>\n\n\n\n<p><strong>N\u00e3o me importa que n\u00e3o venham entender essa escrita metaf\u00f3rica: cumpri minha obriga\u00e7\u00e3o \u00e9tica e profissional com os meus leitores, como \u00fanica publica\u00e7\u00e3o que, de fato, deu, de sobra, a melhor informa\u00e7\u00e3o para os usu\u00e1rios dos servi\u00e7os de transportes do munic\u00edpio, tendo sido at\u00e9 mesmo copiada de modo canhestro.<\/strong><\/p>\n\n\n\n<p><strong>O resultado n\u00e3o podia ser diferente e muitos foram os leitores da not\u00edcia, assim como os coment\u00e1rios, sempre pedag\u00f3gicos para a compreens\u00e3o do entendimento p\u00fablico dos fatos noticiados.<\/strong><\/p>\n\n\n\n<p><strong>Deixo deliberadamente aqui de citar o n\u00famero de autoridades que procurei insistentemente em busca de informa\u00e7\u00f5es precisas e corretas por raz\u00e3o singela: a vida de milhares de pessoas poderia sofrer diretamente os efeitos de uma mudan\u00e7a desse porte.<\/strong><\/p>\n\n\n\n<p><strong>Por mera coincid\u00eancia li, no domingo enquanto no c\u00e9u azul o sol brilhava, um pequeno e oportuno livro de Paul Watzlawick (1921-2007), psic\u00f3logo reconhecido em todo o mundo e um dos mais not\u00e1veis te\u00f3ricos da teoria da comunica\u00e7\u00e3o, fundador de um instituto de pesquisas nessa \u00e1rea em Palo Alto, Calif\u00f3rnia, nos Estados Unidos. Ali, logo nas primeiras p\u00e1ginas, se encontra uma advert\u00eancia instrutiva: \u00e0s vezes, quanto mais se espera que uma coisa mude [<em>para melhor<\/em>], mais continua do mesmo jeito.<\/strong><\/p>\n\n\n\n<p><strong>Mas, jamais desistiremos de contribuir e de agir para que, dure o quanto tempo durar, haja um despertar da consci\u00eancia, at\u00e9 que os agentes pol\u00edticos revejam n\u00e3o tardiamente seus pr\u00f3prios atos, que os representam em conte\u00fado e forma.<\/strong><\/p>\n\n\n\n<p><strong>Ah! Ia me esquecendo do sonho! A viagem foi tranquila, mar de almirante, vento favor\u00e1vel, inflando as velas, algumas aves marinhas cantando e volteando no c\u00e9u, uma ilha com praia de alv\u00edssimas areias pr\u00f3xima \u00e0 qual se via o fundo do mar, peixes nadando lentamente, quase sonolentos. &nbsp;(Carlos Rossini \u00e9 editor de vitrine online)<\/strong><\/p>\n","protected":false},"excerpt":{"rendered":"<p>Depois de um s\u00e1bado cheio de tribula\u00e7\u00f5es, em que investimos muitas horas de nossa dedica\u00e7\u00e3o profissional [exatamente 10 horas] para<\/p>\n","protected":false},"author":1,"featured_media":26013,"comment_status":"open","ping_status":"open","sticky":false,"template":"","format":"standard","meta":[],"categories":[3],"tags":[],"yoast_head":"<!-- This site is optimized with the Yoast SEO plugin v15.8 - https:\/\/yoast.com\/wordpress\/plugins\/seo\/ -->\n<title>CR\u00d4NICAS DE IBI\u00daNA \u2013 AT\u00c9 QUANDO TEREMOS MAIS DO MESMO? - Revista Vitrine Online<\/title>\n<meta name=\"robots\" content=\"index, follow, max-snippet:-1, max-image-preview:large, max-video-preview:-1\" \/>\n<link rel=\"canonical\" href=\"https:\/\/revistavitrineibiuna.com.br\/?p=26011\" \/>\n<meta property=\"og:locale\" content=\"pt_BR\" \/>\n<meta property=\"og:type\" content=\"article\" \/>\n<meta property=\"og:title\" content=\"CR\u00d4NICAS DE IBI\u00daNA \u2013 AT\u00c9 QUANDO TEREMOS MAIS DO MESMO? - Revista Vitrine Online\" \/>\n<meta property=\"og:description\" content=\"Depois de um s\u00e1bado cheio de tribula\u00e7\u00f5es, em que investimos muitas horas de nossa dedica\u00e7\u00e3o profissional [exatamente 10 horas] para\" \/>\n<meta property=\"og:url\" content=\"https:\/\/revistavitrineibiuna.com.br\/?p=26011\" \/>\n<meta property=\"og:site_name\" content=\"Revista Vitrine Online\" \/>\n<meta property=\"article:published_time\" content=\"2021-11-22T16:26:39+00:00\" \/>\n<meta property=\"article:modified_time\" content=\"2021-11-22T16:26:40+00:00\" \/>\n<meta property=\"og:image\" content=\"https:\/\/revistavitrineibiuna.com.br\/wp-content\/uploads\/2021\/11\/praia.png\" \/>\n\t<meta property=\"og:image:width\" content=\"740\" \/>\n\t<meta property=\"og:image:height\" content=\"481\" \/>\n<meta name=\"twitter:card\" content=\"summary\" \/>\n<meta name=\"twitter:label1\" content=\"Est. reading time\">\n\t<meta name=\"twitter:data1\" content=\"2 minutos\">\n<script type=\"application\/ld+json\" class=\"yoast-schema-graph\">{\"@context\":\"https:\/\/schema.org\",\"@graph\":[{\"@type\":\"WebSite\",\"@id\":\"https:\/\/revistavitrineibiuna.com.br\/#website\",\"url\":\"https:\/\/revistavitrineibiuna.com.br\/\",\"name\":\"Revista Vitrine Ibi\\u00fana\",\"description\":\"A Revista de Ibi\\u00fana e Regi\\u00e3o\",\"publisher\":{\"@id\":\"https:\/\/revistavitrineibiuna.com.br\/#\/schema\/person\/e51ef49d6d88170ea21ceabff3f73deb\"},\"potentialAction\":[{\"@type\":\"SearchAction\",\"target\":\"https:\/\/revistavitrineibiuna.com.br\/?s={search_term_string}\",\"query-input\":\"required name=search_term_string\"}],\"inLanguage\":\"pt-BR\"},{\"@type\":\"ImageObject\",\"@id\":\"https:\/\/revistavitrineibiuna.com.br\/?p=26011#primaryimage\",\"inLanguage\":\"pt-BR\",\"url\":\"https:\/\/revistavitrineibiuna.com.br\/wp-content\/uploads\/2021\/11\/praia.png\",\"width\":740,\"height\":481},{\"@type\":\"WebPage\",\"@id\":\"https:\/\/revistavitrineibiuna.com.br\/?p=26011#webpage\",\"url\":\"https:\/\/revistavitrineibiuna.com.br\/?p=26011\",\"name\":\"CR\\u00d4NICAS DE IBI\\u00daNA \\u2013 AT\\u00c9 QUANDO TEREMOS MAIS DO MESMO? - Revista Vitrine Online\",\"isPartOf\":{\"@id\":\"https:\/\/revistavitrineibiuna.com.br\/#website\"},\"primaryImageOfPage\":{\"@id\":\"https:\/\/revistavitrineibiuna.com.br\/?p=26011#primaryimage\"},\"datePublished\":\"2021-11-22T16:26:39+00:00\",\"dateModified\":\"2021-11-22T16:26:40+00:00\",\"breadcrumb\":{\"@id\":\"https:\/\/revistavitrineibiuna.com.br\/?p=26011#breadcrumb\"},\"inLanguage\":\"pt-BR\",\"potentialAction\":[{\"@type\":\"ReadAction\",\"target\":[\"https:\/\/revistavitrineibiuna.com.br\/?p=26011\"]}]},{\"@type\":\"BreadcrumbList\",\"@id\":\"https:\/\/revistavitrineibiuna.com.br\/?p=26011#breadcrumb\",\"itemListElement\":[{\"@type\":\"ListItem\",\"position\":1,\"item\":{\"@type\":\"WebPage\",\"@id\":\"https:\/\/revistavitrineibiuna.com.br\/\",\"url\":\"https:\/\/revistavitrineibiuna.com.br\/\",\"name\":\"In\\u00edcio\"}},{\"@type\":\"ListItem\",\"position\":2,\"item\":{\"@type\":\"WebPage\",\"@id\":\"https:\/\/revistavitrineibiuna.com.br\/?p=26011\",\"url\":\"https:\/\/revistavitrineibiuna.com.br\/?p=26011\",\"name\":\"CR\\u00d4NICAS DE IBI\\u00daNA \\u2013 AT\\u00c9 QUANDO TEREMOS MAIS DO MESMO?\"}}]},{\"@type\":\"Article\",\"@id\":\"https:\/\/revistavitrineibiuna.com.br\/?p=26011#article\",\"isPartOf\":{\"@id\":\"https:\/\/revistavitrineibiuna.com.br\/?p=26011#webpage\"},\"author\":{\"@id\":\"https:\/\/revistavitrineibiuna.com.br\/#\/schema\/person\/e51ef49d6d88170ea21ceabff3f73deb\"},\"headline\":\"CR\\u00d4NICAS DE IBI\\u00daNA \\u2013 AT\\u00c9 QUANDO TEREMOS MAIS DO MESMO?\",\"datePublished\":\"2021-11-22T16:26:39+00:00\",\"dateModified\":\"2021-11-22T16:26:40+00:00\",\"mainEntityOfPage\":{\"@id\":\"https:\/\/revistavitrineibiuna.com.br\/?p=26011#webpage\"},\"commentCount\":0,\"publisher\":{\"@id\":\"https:\/\/revistavitrineibiuna.com.br\/#\/schema\/person\/e51ef49d6d88170ea21ceabff3f73deb\"},\"image\":{\"@id\":\"https:\/\/revistavitrineibiuna.com.br\/?p=26011#primaryimage\"},\"articleSection\":\"Not\\u00edcias\",\"inLanguage\":\"pt-BR\",\"potentialAction\":[{\"@type\":\"CommentAction\",\"name\":\"Comment\",\"target\":[\"https:\/\/revistavitrineibiuna.com.br\/?p=26011#respond\"]}]},{\"@type\":[\"Person\",\"Organization\"],\"@id\":\"https:\/\/revistavitrineibiuna.com.br\/#\/schema\/person\/e51ef49d6d88170ea21ceabff3f73deb\",\"name\":\"Carlos Rossini\",\"image\":{\"@type\":\"ImageObject\",\"@id\":\"https:\/\/revistavitrineibiuna.com.br\/#personlogo\",\"inLanguage\":\"pt-BR\",\"url\":\"https:\/\/secure.gravatar.com\/avatar\/4f2d0f99fac1f85c7d643f21f5c8d900?s=96&d=mm&r=g\",\"caption\":\"Carlos Rossini\"},\"logo\":{\"@id\":\"https:\/\/revistavitrineibiuna.com.br\/#personlogo\"},\"description\":\"Carlos Rossini \\u00e9 jornalista, soci\\u00f3logo, escritor e professor universit\\u00e1rio, tendo sido professor de jornalismo por vinte anos. Trabalhou em ve\\u00edculos de comunica\\u00e7\\u00e3o nas fun\\u00e7\\u00f5es de rep\\u00f3rter, redator, editor, articulista e colaborador, como Folha de S. Paulo, O Estado de S. Paulo, Di\\u00e1rio Popular, entre outros. Ao transferir a revista vitrine, vers\\u00e3o imprensa, de S\\u00e3o Paulo para Ibi\\u00fana h\\u00e1 alguns anos, iniciou uma nova experi\\u00eancia profissional, dedicando-se ao jornalismo regional, depois de cumprir uma trajet\\u00f3ria bem-sucedida na grande imprensa brasileira. Seu primeiro livro A Coragem de Comunicar foi lan\\u00e7ado na Bienal do Livro em S\\u00e3o Paulo no ano 2000, pela editora Madras.\"}]}<\/script>\n<!-- \/ Yoast SEO plugin. -->","_links":{"self":[{"href":"https:\/\/revistavitrineibiuna.com.br\/index.php?rest_route=\/wp\/v2\/posts\/26011"}],"collection":[{"href":"https:\/\/revistavitrineibiuna.com.br\/index.php?rest_route=\/wp\/v2\/posts"}],"about":[{"href":"https:\/\/revistavitrineibiuna.com.br\/index.php?rest_route=\/wp\/v2\/types\/post"}],"author":[{"embeddable":true,"href":"https:\/\/revistavitrineibiuna.com.br\/index.php?rest_route=\/wp\/v2\/users\/1"}],"replies":[{"embeddable":true,"href":"https:\/\/revistavitrineibiuna.com.br\/index.php?rest_route=%2Fwp%2Fv2%2Fcomments&post=26011"}],"version-history":[{"count":1,"href":"https:\/\/revistavitrineibiuna.com.br\/index.php?rest_route=\/wp\/v2\/posts\/26011\/revisions"}],"predecessor-version":[{"id":26014,"href":"https:\/\/revistavitrineibiuna.com.br\/index.php?rest_route=\/wp\/v2\/posts\/26011\/revisions\/26014"}],"wp:featuredmedia":[{"embeddable":true,"href":"https:\/\/revistavitrineibiuna.com.br\/index.php?rest_route=\/wp\/v2\/media\/26013"}],"wp:attachment":[{"href":"https:\/\/revistavitrineibiuna.com.br\/index.php?rest_route=%2Fwp%2Fv2%2Fmedia&parent=26011"}],"wp:term":[{"taxonomy":"category","embeddable":true,"href":"https:\/\/revistavitrineibiuna.com.br\/index.php?rest_route=%2Fwp%2Fv2%2Fcategories&post=26011"},{"taxonomy":"post_tag","embeddable":true,"href":"https:\/\/revistavitrineibiuna.com.br\/index.php?rest_route=%2Fwp%2Fv2%2Ftags&post=26011"}],"curies":[{"name":"wp","href":"https:\/\/api.w.org\/{rel}","templated":true}]}}