{"id":26037,"date":"2021-11-24T15:44:11","date_gmt":"2021-11-24T18:44:11","guid":{"rendered":"http:\/\/revistavitrineibiuna.com.br\/?p=26037"},"modified":"2021-11-24T16:53:30","modified_gmt":"2021-11-24T19:53:30","slug":"doria-retira-obrigacao-usar-mascaras-em-ambientes-externos-a-partir-de-11-12","status":"publish","type":"post","link":"https:\/\/revistavitrineibiuna.com.br\/?p=26037","title":{"rendered":"D\u00d3RIA RETIRA OBRIGA\u00c7\u00c3O USAR M\u00c1SCARAS EM AMBIENTES EXTERNOS A PARTIR DE 11\/12"},"content":{"rendered":"\n<p class=\"has-drop-cap\"><strong>O governador do Estado de S\u00e3o Paulo, Jo\u00e3o D\u00f3ria, liberou a obrigatoriedade do uso de m\u00e1scara em ambientes externos a partir do pr\u00f3ximo dia 11 de dezembro, mesmo n\u00e3o tendo atingido a meta definida pela pr\u00f3pria gest\u00e3o da crise estadual de redu\u00e7\u00e3o dos indicadores da pandemia da covid-19.<\/strong><\/p>\n\n\n\n<p><strong>O uso\u00a0da m\u00e1scara continuar\u00e1 obrigat\u00f3rio em \u00e1reas internas e no transporte p\u00fablico, at\u00e9 mesmo dentro das esta\u00e7\u00f5es e terminais de \u00f4nibus.<\/strong><\/p>\n\n\n\n<p><strong>A medida foi anunciada em coletiva de imprensa na tarde desta quarta-feira (24).<\/strong><\/p>\n\n\n\n<p><strong>A proposta foi aprovada pelo Comit\u00ea Cient\u00edfico, integrado por especialistas que orientam a gest\u00e3o de Jo\u00e3o Doria (PSDB), e ocorre em meio a um crescimento no n\u00famero de casos no estado.<\/strong><\/p>\n\n\n\n<p><strong>De acordo com o governador, o estado deve atingir a meta de 75% da popula\u00e7\u00e3o vacinada nesta quinta-feira (25). Mas,&nbsp;n\u00e3o h\u00e1 nenhuma estimativa de quando as outras metas podem ser atingidas, j\u00e1 que elas dependem de uma queda no ritmo de novos casos, mortes e intera\u00e7\u00f5es.<\/strong><\/p>\n\n\n\n<p><strong>Ainda que a libera\u00e7\u00e3o do uso da m\u00e1scara seja uma orienta\u00e7\u00e3o para todo o Estado de S\u00e3o Paulo, as prefeituras t\u00eam autonomia para decidir continuar com a obrigatoriedade do uso da m\u00e1scara por mais tempo. Fonte: G1<\/strong><\/p>\n\n\n\n<p><strong>&#8211;:&#8211;\/&#8211;:&#8211;<\/strong><strong><\/strong><\/p>\n","protected":false},"excerpt":{"rendered":"<p>O governador do Estado de S\u00e3o Paulo, Jo\u00e3o D\u00f3ria, liberou a obrigatoriedade do uso de m\u00e1scara em ambientes externos a<\/p>\n","protected":false},"author":1,"featured_media":26038,"comment_status":"open","ping_status":"open","sticky":false,"template":"","format":"standard","meta":[],"categories":[3],"tags":[],"yoast_head":"<!-- This site is optimized with the Yoast SEO plugin v15.8 - https:\/\/yoast.com\/wordpress\/plugins\/seo\/ -->\n<title>D\u00d3RIA RETIRA OBRIGA\u00c7\u00c3O USAR M\u00c1SCARAS EM AMBIENTES EXTERNOS A PARTIR DE 11\/12 - Revista Vitrine Online<\/title>\n<meta name=\"robots\" content=\"index, follow, max-snippet:-1, max-image-preview:large, max-video-preview:-1\" \/>\n<link rel=\"canonical\" href=\"https:\/\/revistavitrineibiuna.com.br\/?p=26037\" \/>\n<meta property=\"og:locale\" content=\"pt_BR\" \/>\n<meta property=\"og:type\" content=\"article\" \/>\n<meta property=\"og:title\" content=\"D\u00d3RIA RETIRA OBRIGA\u00c7\u00c3O USAR M\u00c1SCARAS EM AMBIENTES EXTERNOS A PARTIR DE 11\/12 - Revista Vitrine Online\" \/>\n<meta property=\"og:description\" content=\"O governador do Estado de S\u00e3o Paulo, Jo\u00e3o D\u00f3ria, liberou a obrigatoriedade do uso de m\u00e1scara em ambientes externos a\" \/>\n<meta property=\"og:url\" content=\"https:\/\/revistavitrineibiuna.com.br\/?p=26037\" \/>\n<meta property=\"og:site_name\" content=\"Revista Vitrine Online\" \/>\n<meta property=\"article:published_time\" content=\"2021-11-24T18:44:11+00:00\" \/>\n<meta property=\"article:modified_time\" content=\"2021-11-24T19:53:30+00:00\" \/>\n<meta property=\"og:image\" content=\"https:\/\/revistavitrineibiuna.com.br\/wp-content\/uploads\/2021\/11\/mascara.jpg\" \/>\n\t<meta property=\"og:image:width\" content=\"740\" \/>\n\t<meta property=\"og:image:height\" content=\"416\" \/>\n<meta name=\"twitter:card\" content=\"summary\" \/>\n<meta name=\"twitter:label1\" content=\"Est. reading time\">\n\t<meta name=\"twitter:data1\" content=\"1 minuto\">\n<script type=\"application\/ld+json\" class=\"yoast-schema-graph\">{\"@context\":\"https:\/\/schema.org\",\"@graph\":[{\"@type\":\"WebSite\",\"@id\":\"http:\/\/revistavitrineibiuna.com.br\/#website\",\"url\":\"http:\/\/revistavitrineibiuna.com.br\/\",\"name\":\"Revista Vitrine Ibi\\u00fana\",\"description\":\"A Revista de Ibi\\u00fana e Regi\\u00e3o\",\"publisher\":{\"@id\":\"http:\/\/revistavitrineibiuna.com.br\/#\/schema\/person\/e51ef49d6d88170ea21ceabff3f73deb\"},\"potentialAction\":[{\"@type\":\"SearchAction\",\"target\":\"http:\/\/revistavitrineibiuna.com.br\/?s={search_term_string}\",\"query-input\":\"required name=search_term_string\"}],\"inLanguage\":\"pt-BR\"},{\"@type\":\"ImageObject\",\"@id\":\"https:\/\/revistavitrineibiuna.com.br\/?p=26037#primaryimage\",\"inLanguage\":\"pt-BR\",\"url\":\"https:\/\/revistavitrineibiuna.com.br\/wp-content\/uploads\/2021\/11\/mascara.jpg\",\"width\":740,\"height\":416},{\"@type\":\"WebPage\",\"@id\":\"https:\/\/revistavitrineibiuna.com.br\/?p=26037#webpage\",\"url\":\"https:\/\/revistavitrineibiuna.com.br\/?p=26037\",\"name\":\"D\\u00d3RIA RETIRA OBRIGA\\u00c7\\u00c3O USAR M\\u00c1SCARAS EM AMBIENTES EXTERNOS A PARTIR DE 11\/12 - Revista Vitrine Online\",\"isPartOf\":{\"@id\":\"http:\/\/revistavitrineibiuna.com.br\/#website\"},\"primaryImageOfPage\":{\"@id\":\"https:\/\/revistavitrineibiuna.com.br\/?p=26037#primaryimage\"},\"datePublished\":\"2021-11-24T18:44:11+00:00\",\"dateModified\":\"2021-11-24T19:53:30+00:00\",\"breadcrumb\":{\"@id\":\"https:\/\/revistavitrineibiuna.com.br\/?p=26037#breadcrumb\"},\"inLanguage\":\"pt-BR\",\"potentialAction\":[{\"@type\":\"ReadAction\",\"target\":[\"https:\/\/revistavitrineibiuna.com.br\/?p=26037\"]}]},{\"@type\":\"BreadcrumbList\",\"@id\":\"https:\/\/revistavitrineibiuna.com.br\/?p=26037#breadcrumb\",\"itemListElement\":[{\"@type\":\"ListItem\",\"position\":1,\"item\":{\"@type\":\"WebPage\",\"@id\":\"http:\/\/revistavitrineibiuna.com.br\/\",\"url\":\"http:\/\/revistavitrineibiuna.com.br\/\",\"name\":\"In\\u00edcio\"}},{\"@type\":\"ListItem\",\"position\":2,\"item\":{\"@type\":\"WebPage\",\"@id\":\"https:\/\/revistavitrineibiuna.com.br\/?p=26037\",\"url\":\"https:\/\/revistavitrineibiuna.com.br\/?p=26037\",\"name\":\"D\\u00d3RIA RETIRA OBRIGA\\u00c7\\u00c3O USAR M\\u00c1SCARAS EM AMBIENTES EXTERNOS A PARTIR DE 11\/12\"}}]},{\"@type\":\"Article\",\"@id\":\"https:\/\/revistavitrineibiuna.com.br\/?p=26037#article\",\"isPartOf\":{\"@id\":\"https:\/\/revistavitrineibiuna.com.br\/?p=26037#webpage\"},\"author\":{\"@id\":\"http:\/\/revistavitrineibiuna.com.br\/#\/schema\/person\/e51ef49d6d88170ea21ceabff3f73deb\"},\"headline\":\"D\\u00d3RIA RETIRA OBRIGA\\u00c7\\u00c3O USAR M\\u00c1SCARAS EM AMBIENTES EXTERNOS A PARTIR DE 11\/12\",\"datePublished\":\"2021-11-24T18:44:11+00:00\",\"dateModified\":\"2021-11-24T19:53:30+00:00\",\"mainEntityOfPage\":{\"@id\":\"https:\/\/revistavitrineibiuna.com.br\/?p=26037#webpage\"},\"commentCount\":0,\"publisher\":{\"@id\":\"http:\/\/revistavitrineibiuna.com.br\/#\/schema\/person\/e51ef49d6d88170ea21ceabff3f73deb\"},\"image\":{\"@id\":\"https:\/\/revistavitrineibiuna.com.br\/?p=26037#primaryimage\"},\"articleSection\":\"Not\\u00edcias\",\"inLanguage\":\"pt-BR\",\"potentialAction\":[{\"@type\":\"CommentAction\",\"name\":\"Comment\",\"target\":[\"https:\/\/revistavitrineibiuna.com.br\/?p=26037#respond\"]}]},{\"@type\":[\"Person\",\"Organization\"],\"@id\":\"http:\/\/revistavitrineibiuna.com.br\/#\/schema\/person\/e51ef49d6d88170ea21ceabff3f73deb\",\"name\":\"Carlos Rossini\",\"image\":{\"@type\":\"ImageObject\",\"@id\":\"http:\/\/revistavitrineibiuna.com.br\/#personlogo\",\"inLanguage\":\"pt-BR\",\"url\":\"https:\/\/secure.gravatar.com\/avatar\/4f2d0f99fac1f85c7d643f21f5c8d900?s=96&d=mm&r=g\",\"caption\":\"Carlos Rossini\"},\"logo\":{\"@id\":\"http:\/\/revistavitrineibiuna.com.br\/#personlogo\"},\"description\":\"Carlos Rossini \\u00e9 jornalista, soci\\u00f3logo, escritor e professor universit\\u00e1rio, tendo sido professor de jornalismo por vinte anos. Trabalhou em ve\\u00edculos de comunica\\u00e7\\u00e3o nas fun\\u00e7\\u00f5es de rep\\u00f3rter, redator, editor, articulista e colaborador, como Folha de S. Paulo, O Estado de S. Paulo, Di\\u00e1rio Popular, entre outros. Ao transferir a revista vitrine, vers\\u00e3o imprensa, de S\\u00e3o Paulo para Ibi\\u00fana h\\u00e1 alguns anos, iniciou uma nova experi\\u00eancia profissional, dedicando-se ao jornalismo regional, depois de cumprir uma trajet\\u00f3ria bem-sucedida na grande imprensa brasileira. Seu primeiro livro A Coragem de Comunicar foi lan\\u00e7ado na Bienal do Livro em S\\u00e3o Paulo no ano 2000, pela editora Madras.\"}]}<\/script>\n<!-- \/ Yoast SEO plugin. -->","_links":{"self":[{"href":"https:\/\/revistavitrineibiuna.com.br\/index.php?rest_route=\/wp\/v2\/posts\/26037"}],"collection":[{"href":"https:\/\/revistavitrineibiuna.com.br\/index.php?rest_route=\/wp\/v2\/posts"}],"about":[{"href":"https:\/\/revistavitrineibiuna.com.br\/index.php?rest_route=\/wp\/v2\/types\/post"}],"author":[{"embeddable":true,"href":"https:\/\/revistavitrineibiuna.com.br\/index.php?rest_route=\/wp\/v2\/users\/1"}],"replies":[{"embeddable":true,"href":"https:\/\/revistavitrineibiuna.com.br\/index.php?rest_route=%2Fwp%2Fv2%2Fcomments&post=26037"}],"version-history":[{"count":2,"href":"https:\/\/revistavitrineibiuna.com.br\/index.php?rest_route=\/wp\/v2\/posts\/26037\/revisions"}],"predecessor-version":[{"id":26040,"href":"https:\/\/revistavitrineibiuna.com.br\/index.php?rest_route=\/wp\/v2\/posts\/26037\/revisions\/26040"}],"wp:featuredmedia":[{"embeddable":true,"href":"https:\/\/revistavitrineibiuna.com.br\/index.php?rest_route=\/wp\/v2\/media\/26038"}],"wp:attachment":[{"href":"https:\/\/revistavitrineibiuna.com.br\/index.php?rest_route=%2Fwp%2Fv2%2Fmedia&parent=26037"}],"wp:term":[{"taxonomy":"category","embeddable":true,"href":"https:\/\/revistavitrineibiuna.com.br\/index.php?rest_route=%2Fwp%2Fv2%2Fcategories&post=26037"},{"taxonomy":"post_tag","embeddable":true,"href":"https:\/\/revistavitrineibiuna.com.br\/index.php?rest_route=%2Fwp%2Fv2%2Ftags&post=26037"}],"curies":[{"name":"wp","href":"https:\/\/api.w.org\/{rel}","templated":true}]}}