{"id":26142,"date":"2021-12-02T18:37:37","date_gmt":"2021-12-02T21:37:37","guid":{"rendered":"http:\/\/revistavitrineibiuna.com.br\/?p=26142"},"modified":"2021-12-02T19:01:46","modified_gmt":"2021-12-02T22:01:46","slug":"ibiuna-gcm-encontra-corpo-de-idoso-em-um-lago-na-area-rural","status":"publish","type":"post","link":"https:\/\/revistavitrineibiuna.com.br\/?p=26142","title":{"rendered":"IBI\u00daNA \u2013 GCM ENCONTRA CORPO DE IDOSO EM UM LAGO NA \u00c1REA RURAL"},"content":{"rendered":"\n<p class=\"has-drop-cap\"><strong>A Patrulha Ambiental da GCM de Ibi\u00fana, composta pelos Gcm&#8217;s Apollo, Osley e Valmir, na tarde de ontem (1\u00b0), prestou apoio aos Gcm&#8217;s Silvano e Martins, em ocorr\u00eancia de homic\u00eddio em uma ch\u00e1cara na \u00e1rea rural da cidade, localizada na regi\u00e3o dos bairros Pia\u00ed\/Paiol Grande.<\/strong><\/p>\n\n\n\n<p><strong>A v\u00edtima era um idoso aposentado, divorciado e que morava sozinho na ch\u00e1cara. A per\u00edcia t\u00e9cnica n\u00e3o encontrou sinais de perfura\u00e7\u00e3o por arma de fogo em seu corpo. A morte que teria sido causada por espancamento.<\/strong><\/p>\n\n\n\n<p><strong>Vizinhos ouviram gritos de socorro vindos da ch\u00e1cara, ent\u00e3o foram verificar a situa\u00e7\u00e3o.<\/strong><\/p>\n\n\n\n<p><strong>No local perceberam que haviam manchas de sangue no gramado, e o mato estava amassado nas margens do lago da propriedade, ent\u00e3o acionaram a GCM de Ibi\u00fana, que rapidamente compareceu no local.<\/strong><\/p>\n\n\n\n<p><strong>Durante a averigua\u00e7\u00e3o os Gcm&#8217;s encontraram na resid\u00eancia um rev\u00f3lver Taurus calibre 32 municiado, al\u00e9m de muni\u00e7\u00e3o para recarregamento. Ao vistoriar o lago, perceberam havia uma mancha clara, no meio da \u00e1gua. O GCM Apollo nadou at\u00e9 o local e constatou que se tratavas de um corpo, arrastando-o at\u00e9 a margem. Os GCMs Silvano, Valmir, Osley, e Martins, com a utiliza\u00e7\u00e3o de uma corda, retiraram o corpo do lago, e puderam constatar diversas les\u00f5es pelo corpo do homem, principalmente na face que estava desconfigurada.<\/strong><\/p>\n\n\n\n<figure class=\"wp-block-image size-large\"><img loading=\"lazy\" width=\"400\" height=\"426\" src=\"http:\/\/revistavitrineibiuna.com.br\/wp-content\/uploads\/2021\/12\/revolver.jpg\" alt=\"\" class=\"wp-image-26146\" srcset=\"https:\/\/revistavitrineibiuna.com.br\/wp-content\/uploads\/2021\/12\/revolver.jpg 400w, https:\/\/revistavitrineibiuna.com.br\/wp-content\/uploads\/2021\/12\/revolver-282x300.jpg 282w\" sizes=\"(max-width: 400px) 100vw, 400px\" \/><figcaption>Rev\u00f3lver encontrado dentro da resid\u00eancia da v\u00edtima<\/figcaption><\/figure>\n\n\n\n<p><strong>A Pol\u00edcia Civil foi informada, acionou a per\u00edcia t\u00e9cnica no local. Ap\u00f3s o trabalho pericial, o corpo foi encaminhado ao Instituto de Criminal\u00edstica. Familiares da v\u00edtima compareceram no local, aparentemente nada foi subtra\u00eddo da casa. No decorrer da ocorr\u00eancia o GCM Marcos e a GCMF Patr\u00edcia prestaram apoio na preserva\u00e7\u00e3o do local.<\/strong><\/p>\n\n\n\n<p><strong>Os Gcm&#8217;s Silvano e Martins apresentaram a ocorr\u00eancia na Delegacia de Pol\u00edcia de Ibi\u00fana, que investigar\u00e1 o caso.<\/strong><\/p>\n","protected":false},"excerpt":{"rendered":"<p>A Patrulha Ambiental da GCM de Ibi\u00fana, composta pelos Gcm&#8217;s Apollo, Osley e Valmir, na tarde de ontem (1\u00b0), prestou<\/p>\n","protected":false},"author":1,"featured_media":26143,"comment_status":"open","ping_status":"open","sticky":false,"template":"","format":"standard","meta":[],"categories":[3],"tags":[],"yoast_head":"<!-- This site is optimized with the Yoast SEO plugin v15.8 - https:\/\/yoast.com\/wordpress\/plugins\/seo\/ -->\n<title>IBI\u00daNA \u2013 GCM ENCONTRA CORPO DE IDOSO EM UM LAGO NA \u00c1REA RURAL - Revista Vitrine Online<\/title>\n<meta name=\"robots\" content=\"index, follow, max-snippet:-1, max-image-preview:large, max-video-preview:-1\" \/>\n<link rel=\"canonical\" href=\"http:\/\/revistavitrineibiuna.com.br\/?p=26142\" \/>\n<meta property=\"og:locale\" content=\"pt_BR\" \/>\n<meta property=\"og:type\" content=\"article\" \/>\n<meta property=\"og:title\" content=\"IBI\u00daNA \u2013 GCM ENCONTRA CORPO DE IDOSO EM UM LAGO NA \u00c1REA RURAL - Revista Vitrine Online\" \/>\n<meta property=\"og:description\" content=\"A Patrulha Ambiental da GCM de Ibi\u00fana, composta pelos Gcm&#8217;s Apollo, Osley e Valmir, na tarde de ontem (1\u00b0), prestou\" \/>\n<meta property=\"og:url\" content=\"http:\/\/revistavitrineibiuna.com.br\/?p=26142\" \/>\n<meta property=\"og:site_name\" content=\"Revista Vitrine Online\" \/>\n<meta property=\"article:published_time\" content=\"2021-12-02T21:37:37+00:00\" \/>\n<meta property=\"article:modified_time\" content=\"2021-12-02T22:01:46+00:00\" \/>\n<meta property=\"og:image\" content=\"https:\/\/revistavitrineibiuna.com.br\/wp-content\/uploads\/2021\/12\/rolim-1.jpg\" \/>\n\t<meta property=\"og:image:width\" content=\"740\" \/>\n\t<meta property=\"og:image:height\" content=\"455\" \/>\n<meta name=\"twitter:card\" content=\"summary\" \/>\n<meta name=\"twitter:label1\" content=\"Est. reading time\">\n\t<meta name=\"twitter:data1\" content=\"2 minutos\">\n<script type=\"application\/ld+json\" class=\"yoast-schema-graph\">{\"@context\":\"https:\/\/schema.org\",\"@graph\":[{\"@type\":\"WebSite\",\"@id\":\"https:\/\/revistavitrineibiuna.com.br\/#website\",\"url\":\"https:\/\/revistavitrineibiuna.com.br\/\",\"name\":\"Revista Vitrine Ibi\\u00fana\",\"description\":\"A Revista de Ibi\\u00fana e Regi\\u00e3o\",\"publisher\":{\"@id\":\"https:\/\/revistavitrineibiuna.com.br\/#\/schema\/person\/e51ef49d6d88170ea21ceabff3f73deb\"},\"potentialAction\":[{\"@type\":\"SearchAction\",\"target\":\"https:\/\/revistavitrineibiuna.com.br\/?s={search_term_string}\",\"query-input\":\"required name=search_term_string\"}],\"inLanguage\":\"pt-BR\"},{\"@type\":\"ImageObject\",\"@id\":\"http:\/\/revistavitrineibiuna.com.br\/?p=26142#primaryimage\",\"inLanguage\":\"pt-BR\",\"url\":\"https:\/\/revistavitrineibiuna.com.br\/wp-content\/uploads\/2021\/12\/rolim-1.jpg\",\"width\":740,\"height\":455},{\"@type\":\"WebPage\",\"@id\":\"http:\/\/revistavitrineibiuna.com.br\/?p=26142#webpage\",\"url\":\"http:\/\/revistavitrineibiuna.com.br\/?p=26142\",\"name\":\"IBI\\u00daNA \\u2013 GCM ENCONTRA CORPO DE IDOSO EM UM LAGO NA \\u00c1REA RURAL - Revista Vitrine Online\",\"isPartOf\":{\"@id\":\"https:\/\/revistavitrineibiuna.com.br\/#website\"},\"primaryImageOfPage\":{\"@id\":\"http:\/\/revistavitrineibiuna.com.br\/?p=26142#primaryimage\"},\"datePublished\":\"2021-12-02T21:37:37+00:00\",\"dateModified\":\"2021-12-02T22:01:46+00:00\",\"breadcrumb\":{\"@id\":\"http:\/\/revistavitrineibiuna.com.br\/?p=26142#breadcrumb\"},\"inLanguage\":\"pt-BR\",\"potentialAction\":[{\"@type\":\"ReadAction\",\"target\":[\"http:\/\/revistavitrineibiuna.com.br\/?p=26142\"]}]},{\"@type\":\"BreadcrumbList\",\"@id\":\"http:\/\/revistavitrineibiuna.com.br\/?p=26142#breadcrumb\",\"itemListElement\":[{\"@type\":\"ListItem\",\"position\":1,\"item\":{\"@type\":\"WebPage\",\"@id\":\"https:\/\/revistavitrineibiuna.com.br\/\",\"url\":\"https:\/\/revistavitrineibiuna.com.br\/\",\"name\":\"In\\u00edcio\"}},{\"@type\":\"ListItem\",\"position\":2,\"item\":{\"@type\":\"WebPage\",\"@id\":\"http:\/\/revistavitrineibiuna.com.br\/?p=26142\",\"url\":\"http:\/\/revistavitrineibiuna.com.br\/?p=26142\",\"name\":\"IBI\\u00daNA \\u2013 GCM ENCONTRA CORPO DE IDOSO EM UM LAGO NA \\u00c1REA RURAL\"}}]},{\"@type\":\"Article\",\"@id\":\"http:\/\/revistavitrineibiuna.com.br\/?p=26142#article\",\"isPartOf\":{\"@id\":\"http:\/\/revistavitrineibiuna.com.br\/?p=26142#webpage\"},\"author\":{\"@id\":\"https:\/\/revistavitrineibiuna.com.br\/#\/schema\/person\/e51ef49d6d88170ea21ceabff3f73deb\"},\"headline\":\"IBI\\u00daNA \\u2013 GCM ENCONTRA CORPO DE IDOSO EM UM LAGO NA \\u00c1REA RURAL\",\"datePublished\":\"2021-12-02T21:37:37+00:00\",\"dateModified\":\"2021-12-02T22:01:46+00:00\",\"mainEntityOfPage\":{\"@id\":\"http:\/\/revistavitrineibiuna.com.br\/?p=26142#webpage\"},\"commentCount\":0,\"publisher\":{\"@id\":\"https:\/\/revistavitrineibiuna.com.br\/#\/schema\/person\/e51ef49d6d88170ea21ceabff3f73deb\"},\"image\":{\"@id\":\"http:\/\/revistavitrineibiuna.com.br\/?p=26142#primaryimage\"},\"articleSection\":\"Not\\u00edcias\",\"inLanguage\":\"pt-BR\",\"potentialAction\":[{\"@type\":\"CommentAction\",\"name\":\"Comment\",\"target\":[\"http:\/\/revistavitrineibiuna.com.br\/?p=26142#respond\"]}]},{\"@type\":[\"Person\",\"Organization\"],\"@id\":\"https:\/\/revistavitrineibiuna.com.br\/#\/schema\/person\/e51ef49d6d88170ea21ceabff3f73deb\",\"name\":\"Carlos Rossini\",\"image\":{\"@type\":\"ImageObject\",\"@id\":\"https:\/\/revistavitrineibiuna.com.br\/#personlogo\",\"inLanguage\":\"pt-BR\",\"url\":\"https:\/\/secure.gravatar.com\/avatar\/4f2d0f99fac1f85c7d643f21f5c8d900?s=96&d=mm&r=g\",\"caption\":\"Carlos Rossini\"},\"logo\":{\"@id\":\"https:\/\/revistavitrineibiuna.com.br\/#personlogo\"},\"description\":\"Carlos Rossini \\u00e9 jornalista, soci\\u00f3logo, escritor e professor universit\\u00e1rio, tendo sido professor de jornalismo por vinte anos. Trabalhou em ve\\u00edculos de comunica\\u00e7\\u00e3o nas fun\\u00e7\\u00f5es de rep\\u00f3rter, redator, editor, articulista e colaborador, como Folha de S. Paulo, O Estado de S. Paulo, Di\\u00e1rio Popular, entre outros. Ao transferir a revista vitrine, vers\\u00e3o imprensa, de S\\u00e3o Paulo para Ibi\\u00fana h\\u00e1 alguns anos, iniciou uma nova experi\\u00eancia profissional, dedicando-se ao jornalismo regional, depois de cumprir uma trajet\\u00f3ria bem-sucedida na grande imprensa brasileira. Seu primeiro livro A Coragem de Comunicar foi lan\\u00e7ado na Bienal do Livro em S\\u00e3o Paulo no ano 2000, pela editora Madras.\"}]}<\/script>\n<!-- \/ Yoast SEO plugin. -->","_links":{"self":[{"href":"https:\/\/revistavitrineibiuna.com.br\/index.php?rest_route=\/wp\/v2\/posts\/26142"}],"collection":[{"href":"https:\/\/revistavitrineibiuna.com.br\/index.php?rest_route=\/wp\/v2\/posts"}],"about":[{"href":"https:\/\/revistavitrineibiuna.com.br\/index.php?rest_route=\/wp\/v2\/types\/post"}],"author":[{"embeddable":true,"href":"https:\/\/revistavitrineibiuna.com.br\/index.php?rest_route=\/wp\/v2\/users\/1"}],"replies":[{"embeddable":true,"href":"https:\/\/revistavitrineibiuna.com.br\/index.php?rest_route=%2Fwp%2Fv2%2Fcomments&post=26142"}],"version-history":[{"count":3,"href":"https:\/\/revistavitrineibiuna.com.br\/index.php?rest_route=\/wp\/v2\/posts\/26142\/revisions"}],"predecessor-version":[{"id":26148,"href":"https:\/\/revistavitrineibiuna.com.br\/index.php?rest_route=\/wp\/v2\/posts\/26142\/revisions\/26148"}],"wp:featuredmedia":[{"embeddable":true,"href":"https:\/\/revistavitrineibiuna.com.br\/index.php?rest_route=\/wp\/v2\/media\/26143"}],"wp:attachment":[{"href":"https:\/\/revistavitrineibiuna.com.br\/index.php?rest_route=%2Fwp%2Fv2%2Fmedia&parent=26142"}],"wp:term":[{"taxonomy":"category","embeddable":true,"href":"https:\/\/revistavitrineibiuna.com.br\/index.php?rest_route=%2Fwp%2Fv2%2Fcategories&post=26142"},{"taxonomy":"post_tag","embeddable":true,"href":"https:\/\/revistavitrineibiuna.com.br\/index.php?rest_route=%2Fwp%2Fv2%2Ftags&post=26142"}],"curies":[{"name":"wp","href":"https:\/\/api.w.org\/{rel}","templated":true}]}}