{"id":26907,"date":"2022-04-10T10:38:26","date_gmt":"2022-04-10T13:38:26","guid":{"rendered":"http:\/\/revistavitrineibiuna.com.br\/?p=26907"},"modified":"2022-04-10T10:43:12","modified_gmt":"2022-04-10T13:43:12","slug":"minha-tia-e-o-domingo-de-ramos","status":"publish","type":"post","link":"https:\/\/revistavitrineibiuna.com.br\/?p=26907","title":{"rendered":"MINHA TIA E O DOMINGO DE RAMOS"},"content":{"rendered":"\n<p class=\"has-drop-cap\"><strong>Hoje \u00e9&nbsp;Domingo de Ramos, em que se celebra a entrada de Jesus em Jerusal\u00e9m, d\u00e1-se o reconhecimento de que Jesus \u00e9 o Filho de Deus. As comunidades costumam levar&nbsp;ramos&nbsp;de palmeiras para comemorar a entrada triunfal, cantando: \u201cBendito o que vem em nome do Senhor.\u201d<\/strong><\/p>\n\n\n\n<p><strong>Quando na manh\u00e3 deste domingo minha mulher lembrou-se que era Domingo de Ramos, um meteoro cruzou a minha mente trazendo-me a lembran\u00e7a da minha tia, minha segunda m\u00e3e, j\u00e1 que n\u00e3o se casou e n\u00e3o teve filho. Ela me tratava como se eu fosse<\/strong> <strong>seu filho.<\/strong><\/p>\n\n\n\n<p><strong>Nas minhas recorda\u00e7\u00f5es infantis, durante muitos anos, d\u00e9cadas na realidade, minha tia saia logo cedo e ia para a missa com ramalhetes de palmeiras para serem consagradas durante o santo of\u00edcio.<\/strong><\/p>\n\n\n\n<p><strong>Crian\u00e7a n\u00e3o liga muito para esses assuntos de natureza religiosa, mas percebe o que se passa ao seu redor.<\/strong><\/p>\n\n\n\n<p><strong>Quando voltava da missa toda feliz ia de casa em casa de parentes e vizinhos distribuir pequenos ramos de palmeira como uma miss\u00e3o redentora.<\/strong><\/p>\n\n\n\n<p><strong>Ao lado de sua cama havia um pequeno criado mudo e sobre ele v\u00e1rios santinhos em imagens tridimensionais ou retratos, al\u00e9m da figura de Jesus Cristo com seu rubro cora\u00e7\u00e3o no centro do peito. Um ros\u00e1rio tamb\u00e9m se destacava pendurado no quadro. A vida toda de minha tia foi de alguma forma consagrada \u00e1 f\u00e9 crist\u00e3.<\/strong><\/p>\n\n\n\n<p><strong>Eu a vi morrer em cama depois de um processo irrevers\u00edvel que a levou lentamente desta vida. Solteirona, ela sempre morou na casa de minha m\u00e3e.<\/strong><\/p>\n\n\n\n<p><strong>Era uma pessoa ador\u00e1vel e sempre ajudava os outros no que sabia e podia fazer. Talvez tenha sido a primeira rep\u00f3rter da minha fam\u00edlia e deva ter influenciado meu ingresso no jornalismo. Ela simplesmente sabia tudo o que acontecia no bairro e sempre nos informava dos acontecimentos. Naquele tempo ali todos se conheciam por nomes e se identificavam por suas casas. Vivi ali talvez os momentos mais incr\u00edveis de minha vida como se o mundo fosse eterno.<\/strong><\/p>\n\n\n\n<p><strong>Lembro-me agora de uma conversa de crian\u00e7as em que se perguntava: \u201cO mundo vai acabar um dia?\u201d Entre os que achavam isso uma possibilidade e outros que n\u00e3o na verdade o mundo parece eterno para todas as crian\u00e7as.<\/strong><\/p>\n\n\n\n<p><strong>Minha tia era muito conhecida, trabalhou como oper\u00e1ria por muitos anos at\u00e9 se aposentar. Ela ia \u00e0s feiras aos domingos e invariavelmente me trazia doces, entre os quais gomas \u00e1rabes, uma camisa do Corinthians, ma\u00e7\u00e3s lindas e deliciosas como nunca mais vi.<\/strong><\/p>\n\n\n\n<p><strong>Que bom que a not\u00edcia de Domingo de Ramos trouxe de volta a lembran\u00e7a de minha tia que me tratou como um filho e que bom que eu tenha sido o filho que ela cuidava com carinho, como zelava o seu canteiro de plantas que ficava na lateral do corredor da minha casa. (C.R.)<\/strong><\/p>\n","protected":false},"excerpt":{"rendered":"<p>Hoje \u00e9&nbsp;Domingo de Ramos, em que se celebra a entrada de Jesus em Jerusal\u00e9m, d\u00e1-se o reconhecimento de que Jesus<\/p>\n","protected":false},"author":1,"featured_media":26908,"comment_status":"open","ping_status":"open","sticky":false,"template":"","format":"standard","meta":[],"categories":[3],"tags":[],"yoast_head":"<!-- This site is optimized with the Yoast SEO plugin v15.8 - https:\/\/yoast.com\/wordpress\/plugins\/seo\/ -->\n<title>MINHA TIA E O DOMINGO DE RAMOS - Revista Vitrine Online<\/title>\n<meta name=\"robots\" content=\"index, follow, max-snippet:-1, max-image-preview:large, max-video-preview:-1\" \/>\n<link rel=\"canonical\" href=\"https:\/\/revistavitrineibiuna.com.br\/?p=26907\" \/>\n<meta property=\"og:locale\" content=\"pt_BR\" \/>\n<meta property=\"og:type\" content=\"article\" \/>\n<meta property=\"og:title\" content=\"MINHA TIA E O DOMINGO DE RAMOS - Revista Vitrine Online\" \/>\n<meta property=\"og:description\" content=\"Hoje \u00e9&nbsp;Domingo de Ramos, em que se celebra a entrada de Jesus em Jerusal\u00e9m, d\u00e1-se o reconhecimento de que Jesus\" \/>\n<meta property=\"og:url\" content=\"https:\/\/revistavitrineibiuna.com.br\/?p=26907\" \/>\n<meta property=\"og:site_name\" content=\"Revista Vitrine Online\" \/>\n<meta property=\"article:published_time\" content=\"2022-04-10T13:38:26+00:00\" \/>\n<meta property=\"article:modified_time\" content=\"2022-04-10T13:43:12+00:00\" \/>\n<meta property=\"og:image\" content=\"https:\/\/revistavitrineibiuna.com.br\/wp-content\/uploads\/2022\/04\/domingo-de-ramos.jpg\" \/>\n\t<meta property=\"og:image:width\" content=\"750\" \/>\n\t<meta property=\"og:image:height\" content=\"435\" \/>\n<meta name=\"twitter:card\" content=\"summary\" \/>\n<meta name=\"twitter:label1\" content=\"Est. reading time\">\n\t<meta name=\"twitter:data1\" content=\"3 minutos\">\n<script type=\"application\/ld+json\" class=\"yoast-schema-graph\">{\"@context\":\"https:\/\/schema.org\",\"@graph\":[{\"@type\":\"WebSite\",\"@id\":\"https:\/\/revistavitrineibiuna.com.br\/#website\",\"url\":\"https:\/\/revistavitrineibiuna.com.br\/\",\"name\":\"Revista Vitrine Ibi\\u00fana\",\"description\":\"A Revista de Ibi\\u00fana e Regi\\u00e3o\",\"publisher\":{\"@id\":\"https:\/\/revistavitrineibiuna.com.br\/#\/schema\/person\/e51ef49d6d88170ea21ceabff3f73deb\"},\"potentialAction\":[{\"@type\":\"SearchAction\",\"target\":\"https:\/\/revistavitrineibiuna.com.br\/?s={search_term_string}\",\"query-input\":\"required name=search_term_string\"}],\"inLanguage\":\"pt-BR\"},{\"@type\":\"ImageObject\",\"@id\":\"https:\/\/revistavitrineibiuna.com.br\/?p=26907#primaryimage\",\"inLanguage\":\"pt-BR\",\"url\":\"https:\/\/revistavitrineibiuna.com.br\/wp-content\/uploads\/2022\/04\/domingo-de-ramos.jpg\",\"width\":750,\"height\":435},{\"@type\":\"WebPage\",\"@id\":\"https:\/\/revistavitrineibiuna.com.br\/?p=26907#webpage\",\"url\":\"https:\/\/revistavitrineibiuna.com.br\/?p=26907\",\"name\":\"MINHA TIA E O DOMINGO DE RAMOS - Revista Vitrine Online\",\"isPartOf\":{\"@id\":\"https:\/\/revistavitrineibiuna.com.br\/#website\"},\"primaryImageOfPage\":{\"@id\":\"https:\/\/revistavitrineibiuna.com.br\/?p=26907#primaryimage\"},\"datePublished\":\"2022-04-10T13:38:26+00:00\",\"dateModified\":\"2022-04-10T13:43:12+00:00\",\"breadcrumb\":{\"@id\":\"https:\/\/revistavitrineibiuna.com.br\/?p=26907#breadcrumb\"},\"inLanguage\":\"pt-BR\",\"potentialAction\":[{\"@type\":\"ReadAction\",\"target\":[\"https:\/\/revistavitrineibiuna.com.br\/?p=26907\"]}]},{\"@type\":\"BreadcrumbList\",\"@id\":\"https:\/\/revistavitrineibiuna.com.br\/?p=26907#breadcrumb\",\"itemListElement\":[{\"@type\":\"ListItem\",\"position\":1,\"item\":{\"@type\":\"WebPage\",\"@id\":\"https:\/\/revistavitrineibiuna.com.br\/\",\"url\":\"https:\/\/revistavitrineibiuna.com.br\/\",\"name\":\"In\\u00edcio\"}},{\"@type\":\"ListItem\",\"position\":2,\"item\":{\"@type\":\"WebPage\",\"@id\":\"https:\/\/revistavitrineibiuna.com.br\/?p=26907\",\"url\":\"https:\/\/revistavitrineibiuna.com.br\/?p=26907\",\"name\":\"MINHA TIA E O DOMINGO DE RAMOS\"}}]},{\"@type\":\"Article\",\"@id\":\"https:\/\/revistavitrineibiuna.com.br\/?p=26907#article\",\"isPartOf\":{\"@id\":\"https:\/\/revistavitrineibiuna.com.br\/?p=26907#webpage\"},\"author\":{\"@id\":\"https:\/\/revistavitrineibiuna.com.br\/#\/schema\/person\/e51ef49d6d88170ea21ceabff3f73deb\"},\"headline\":\"MINHA TIA E O DOMINGO DE RAMOS\",\"datePublished\":\"2022-04-10T13:38:26+00:00\",\"dateModified\":\"2022-04-10T13:43:12+00:00\",\"mainEntityOfPage\":{\"@id\":\"https:\/\/revistavitrineibiuna.com.br\/?p=26907#webpage\"},\"commentCount\":0,\"publisher\":{\"@id\":\"https:\/\/revistavitrineibiuna.com.br\/#\/schema\/person\/e51ef49d6d88170ea21ceabff3f73deb\"},\"image\":{\"@id\":\"https:\/\/revistavitrineibiuna.com.br\/?p=26907#primaryimage\"},\"articleSection\":\"Not\\u00edcias\",\"inLanguage\":\"pt-BR\",\"potentialAction\":[{\"@type\":\"CommentAction\",\"name\":\"Comment\",\"target\":[\"https:\/\/revistavitrineibiuna.com.br\/?p=26907#respond\"]}]},{\"@type\":[\"Person\",\"Organization\"],\"@id\":\"https:\/\/revistavitrineibiuna.com.br\/#\/schema\/person\/e51ef49d6d88170ea21ceabff3f73deb\",\"name\":\"Carlos Rossini\",\"image\":{\"@type\":\"ImageObject\",\"@id\":\"https:\/\/revistavitrineibiuna.com.br\/#personlogo\",\"inLanguage\":\"pt-BR\",\"url\":\"https:\/\/secure.gravatar.com\/avatar\/4f2d0f99fac1f85c7d643f21f5c8d900?s=96&d=mm&r=g\",\"caption\":\"Carlos Rossini\"},\"logo\":{\"@id\":\"https:\/\/revistavitrineibiuna.com.br\/#personlogo\"},\"description\":\"Carlos Rossini \\u00e9 jornalista, soci\\u00f3logo, escritor e professor universit\\u00e1rio, tendo sido professor de jornalismo por vinte anos. Trabalhou em ve\\u00edculos de comunica\\u00e7\\u00e3o nas fun\\u00e7\\u00f5es de rep\\u00f3rter, redator, editor, articulista e colaborador, como Folha de S. Paulo, O Estado de S. Paulo, Di\\u00e1rio Popular, entre outros. Ao transferir a revista vitrine, vers\\u00e3o imprensa, de S\\u00e3o Paulo para Ibi\\u00fana h\\u00e1 alguns anos, iniciou uma nova experi\\u00eancia profissional, dedicando-se ao jornalismo regional, depois de cumprir uma trajet\\u00f3ria bem-sucedida na grande imprensa brasileira. Seu primeiro livro A Coragem de Comunicar foi lan\\u00e7ado na Bienal do Livro em S\\u00e3o Paulo no ano 2000, pela editora Madras.\"}]}<\/script>\n<!-- \/ Yoast SEO plugin. -->","_links":{"self":[{"href":"https:\/\/revistavitrineibiuna.com.br\/index.php?rest_route=\/wp\/v2\/posts\/26907"}],"collection":[{"href":"https:\/\/revistavitrineibiuna.com.br\/index.php?rest_route=\/wp\/v2\/posts"}],"about":[{"href":"https:\/\/revistavitrineibiuna.com.br\/index.php?rest_route=\/wp\/v2\/types\/post"}],"author":[{"embeddable":true,"href":"https:\/\/revistavitrineibiuna.com.br\/index.php?rest_route=\/wp\/v2\/users\/1"}],"replies":[{"embeddable":true,"href":"https:\/\/revistavitrineibiuna.com.br\/index.php?rest_route=%2Fwp%2Fv2%2Fcomments&post=26907"}],"version-history":[{"count":2,"href":"https:\/\/revistavitrineibiuna.com.br\/index.php?rest_route=\/wp\/v2\/posts\/26907\/revisions"}],"predecessor-version":[{"id":26910,"href":"https:\/\/revistavitrineibiuna.com.br\/index.php?rest_route=\/wp\/v2\/posts\/26907\/revisions\/26910"}],"wp:featuredmedia":[{"embeddable":true,"href":"https:\/\/revistavitrineibiuna.com.br\/index.php?rest_route=\/wp\/v2\/media\/26908"}],"wp:attachment":[{"href":"https:\/\/revistavitrineibiuna.com.br\/index.php?rest_route=%2Fwp%2Fv2%2Fmedia&parent=26907"}],"wp:term":[{"taxonomy":"category","embeddable":true,"href":"https:\/\/revistavitrineibiuna.com.br\/index.php?rest_route=%2Fwp%2Fv2%2Fcategories&post=26907"},{"taxonomy":"post_tag","embeddable":true,"href":"https:\/\/revistavitrineibiuna.com.br\/index.php?rest_route=%2Fwp%2Fv2%2Ftags&post=26907"}],"curies":[{"name":"wp","href":"https:\/\/api.w.org\/{rel}","templated":true}]}}