{"id":26912,"date":"2022-04-11T16:46:17","date_gmt":"2022-04-11T19:46:17","guid":{"rendered":"http:\/\/revistavitrineibiuna.com.br\/?p=26912"},"modified":"2022-04-11T16:46:18","modified_gmt":"2022-04-11T19:46:18","slug":"sao-paulo-tera-a-maior-roda-gigante-da-america-latina","status":"publish","type":"post","link":"https:\/\/revistavitrineibiuna.com.br\/?p=26912","title":{"rendered":"S\u00c3O PAULO TER\u00c1 A MAIOR RODA-GIGANTE DA AM\u00c9RICA LATINA"},"content":{"rendered":"\n<p class=\"has-drop-cap\"><strong>A empresa S\u00e3o Paulo Big Wheel (SPBW), classificada por meio de chamamento p\u00fablico, iniciou a montagem da maior roda-gigante da Am\u00e9rica Latina. A \u201cRoda S\u00e3o Paulo\u201d ficar\u00e1 em uma \u00e1rea de 4,5 mil metros quadrados, no Parque Candido Portinari, ao lado do Parque Villa-Lobos, zona oeste da capital. Com inaugura\u00e7\u00e3o prevista para junho de 2022, o projeto integra as a\u00e7\u00f5es do Governo do Estado para revitalizar a regi\u00e3o do Rio Pinheiros.&nbsp;&nbsp;&nbsp;<\/strong><\/p>\n\n\n\n<p><strong>\u201cEssa iniciativa \u00e9 mais uma parceria do Governo com a iniciativa privada para ampliar as op\u00e7\u00f5es de lazer da popula\u00e7\u00e3o e fomentar o turismo na capital. Vale lembrar que, de acordo com o contrato firmado, haver\u00e1 a\u00e7\u00f5es e tarifas sociais para que comunidades do entorno usem o espa\u00e7o.\u201d, destacou o secret\u00e1rio de Infraestrutura e Meio Ambiente, Marcos Penido.&nbsp;&nbsp;<\/strong><\/p>\n\n\n\n<p><strong>De acordo com a empresa respons\u00e1vel, a roda tem um design \u00fanico, leve e sustentada por cabos ou estais especialmente pensados para se integrar \u00e0 paisagem urbana. Ser\u00e3o 42 cabines de observa\u00e7\u00e3o com capacidade para at\u00e9 dez pessoas, ar-condicionado, monitoramento por c\u00e2meras, interfones e wi-fi. A estrutura tamb\u00e9m ter\u00e1 ilumina\u00e7\u00e3o c\u00eanica, projetada para interagir com a cidade.&nbsp;<\/strong><\/p>\n\n\n\n<p><strong>Quando conclu\u00edda, a Roda S\u00e3o Paulo deve gerar 160 empregos diretos e indiretos. O empreendimento tamb\u00e9m conta com outros 200 trabalhadores na montagem. Os recursos para constru\u00e7\u00e3o s\u00e3o privados.&nbsp;<\/strong><\/p>\n\n\n\n<p><strong>\u201cA Roda S\u00e3o Paulo \u00e9 um exemplo de como uma a\u00e7\u00e3o de saneamento e melhoria da qualidade vida dos moradores tem impacto positivo no turismo\u201d, lembra Vinicius Lummertz, secret\u00e1rio estadual de Turismo e Viagens.&nbsp;&nbsp;<\/strong><\/p>\n\n\n\n<p><strong>&nbsp;O local possui f\u00e1cil acesso com linha de trem conectada ao metr\u00f4, \u00f4nibus, al\u00e9m de ciclovias permanentes e ciclofaixas de lazer montadas aos domingos e feriados. A expectativa \u00e9 receber entre 600 mil e 1 milh\u00e3o de visitantes por ano, cerca de 10% do atual p\u00fablico frequentador dos parques.&nbsp;&nbsp;&nbsp;<\/strong><\/p>\n\n\n\n<p><strong>Para explorar o servi\u00e7o na \u00e1rea a empresa pagar\u00e1 \u00e0 Secretaria de Infraestrutura e Meio Ambiente (SIMA) R$ 141 mil mensais ou 10% do valor do faturamento bruto (prevalecendo o maior). Os valores ser\u00e3o transferidos \u00e0 administra\u00e7\u00e3o do parque. O entendimento tamb\u00e9m prev\u00ea apoio da SPBW na manuten\u00e7\u00e3o e robusto programa de inclus\u00e3o social e educa\u00e7\u00e3o ambiental a alunos de escolas p\u00fablicas, al\u00e9m de benefici\u00e1rios de programas e projetos sociais das comunidades do Jaguar\u00e9.&nbsp;&nbsp;<\/strong><\/p>\n\n\n\n<p><strong>\u201cMais que um \u00edcone da cidade, a Roda S\u00e3o Paulo ser\u00e1 um novo motor de desenvolvimento, um agente de transforma\u00e7\u00e3o, ao contribuir, no contexto do projeto do Governo do Estado de revitaliza\u00e7\u00e3o da regi\u00e3o do Rio Pinheiros, com a valoriza\u00e7\u00e3o dos im\u00f3veis, o surgimento de empreendimentos, com programa de educa\u00e7\u00e3o ambiental para escolas p\u00fablicas, e uma nova rela\u00e7\u00e3o dos moradores e visitantes com S\u00e3o Paulo. Ser\u00e1 um marco no desenvolvimento urbano e tur\u00edstico de S\u00e3o Paulo, que vai mostrar a cidade de um ponto de vista privilegiado, unindo a paisagem urbana e as belezas naturais do Rio Pinheiros e dos parques\u201d, afirma Marcelo Mugnaini, CEO da SPBW.&nbsp;&nbsp;<\/strong><\/p>\n\n\n\n<p><strong>O empreendimento ter\u00e1 uma \u00e1rea de conviv\u00eancia integrada ao C\u00e2ndido Portinari, assinada pelo escrit\u00f3rio Levisky Arquitetos Estrat\u00e9gia Urbana. Constru\u00edda com materiais sustent\u00e1veis, pavimentos perme\u00e1veis, solu\u00e7\u00f5es de reuso de \u00e1gua e acessibilidade para pessoas com defici\u00eancia e dificuldade de mobilidade. A \u00e1rea vai ocupar apenas 3% do parque e receber\u00e1 enriquecimento arb\u00f3reo, favorecendo a biodiversidade nas margens do rio Pinheiros. Ser\u00e1 ainda permitida a visita\u00e7\u00e3o de pets no local.&nbsp;<\/strong><\/p>\n\n\n\n<p><strong>Novo Rio Pinheiros&nbsp;<\/strong><\/p>\n\n\n\n<p><strong>O programa Novo Rio Pinheiros tem o objetivo de revitalizar este importante s\u00edmbolo da cidade de S\u00e3o Paulo por meio da a\u00e7\u00e3o de diversos \u00f3rg\u00e3os p\u00fablicos em parceria com a sociedade. A meta at\u00e9 o fim de 2022 \u00e9 reduzir o esgoto lan\u00e7ado em seus afluentes, melhorar a qualidade das \u00e1guas e integr\u00e1-lo completamente \u00e0 cidade. Por ser um rio urbano, a \u00e1gua n\u00e3o ser\u00e1 pot\u00e1vel, no entanto, com o projeto de despolui\u00e7\u00e3o conclu\u00eddo, haver\u00e1 a melhora do odor existente, abrigo de vida aqu\u00e1tica e, principalmente, a volta da popula\u00e7\u00e3o \u00e0s suas margens com a recupera\u00e7\u00e3o ambiental e paisag\u00edstica do seu entorno.&nbsp;<\/strong><\/p>\n\n\n\n<p><strong>Fonte: Secretaria de Turismo e Viagens do Estado de S\u00e3o Paulo<\/strong><\/p>\n","protected":false},"excerpt":{"rendered":"<p>A empresa S\u00e3o Paulo Big Wheel (SPBW), classificada por meio de chamamento p\u00fablico, iniciou a montagem da maior roda-gigante da<\/p>\n","protected":false},"author":1,"featured_media":26913,"comment_status":"open","ping_status":"open","sticky":false,"template":"","format":"standard","meta":[],"categories":[3],"tags":[],"yoast_head":"<!-- This site is optimized with the Yoast SEO plugin v15.8 - https:\/\/yoast.com\/wordpress\/plugins\/seo\/ -->\n<title>S\u00c3O PAULO TER\u00c1 A MAIOR RODA-GIGANTE DA AM\u00c9RICA LATINA - Revista Vitrine Online<\/title>\n<meta name=\"robots\" content=\"index, follow, max-snippet:-1, max-image-preview:large, max-video-preview:-1\" \/>\n<link rel=\"canonical\" href=\"https:\/\/revistavitrineibiuna.com.br\/?p=26912\" \/>\n<meta property=\"og:locale\" content=\"pt_BR\" \/>\n<meta property=\"og:type\" content=\"article\" \/>\n<meta property=\"og:title\" content=\"S\u00c3O PAULO TER\u00c1 A MAIOR RODA-GIGANTE DA AM\u00c9RICA LATINA - Revista Vitrine Online\" \/>\n<meta property=\"og:description\" content=\"A empresa S\u00e3o Paulo Big Wheel (SPBW), classificada por meio de chamamento p\u00fablico, iniciou a montagem da maior roda-gigante da\" \/>\n<meta property=\"og:url\" content=\"https:\/\/revistavitrineibiuna.com.br\/?p=26912\" \/>\n<meta property=\"og:site_name\" content=\"Revista Vitrine Online\" \/>\n<meta property=\"article:published_time\" content=\"2022-04-11T19:46:17+00:00\" \/>\n<meta property=\"article:modified_time\" content=\"2022-04-11T19:46:18+00:00\" \/>\n<meta property=\"og:image\" content=\"https:\/\/revistavitrineibiuna.com.br\/wp-content\/uploads\/2022\/04\/roda-gigante-novo.jpg\" \/>\n\t<meta property=\"og:image:width\" content=\"740\" \/>\n\t<meta property=\"og:image:height\" content=\"469\" \/>\n<meta name=\"twitter:card\" content=\"summary\" \/>\n<meta name=\"twitter:label1\" content=\"Est. reading time\">\n\t<meta name=\"twitter:data1\" content=\"3 minutos\">\n<script type=\"application\/ld+json\" class=\"yoast-schema-graph\">{\"@context\":\"https:\/\/schema.org\",\"@graph\":[{\"@type\":\"WebSite\",\"@id\":\"https:\/\/revistavitrineibiuna.com.br\/#website\",\"url\":\"https:\/\/revistavitrineibiuna.com.br\/\",\"name\":\"Revista Vitrine Ibi\\u00fana\",\"description\":\"A Revista de Ibi\\u00fana e Regi\\u00e3o\",\"publisher\":{\"@id\":\"https:\/\/revistavitrineibiuna.com.br\/#\/schema\/person\/e51ef49d6d88170ea21ceabff3f73deb\"},\"potentialAction\":[{\"@type\":\"SearchAction\",\"target\":\"https:\/\/revistavitrineibiuna.com.br\/?s={search_term_string}\",\"query-input\":\"required name=search_term_string\"}],\"inLanguage\":\"pt-BR\"},{\"@type\":\"ImageObject\",\"@id\":\"https:\/\/revistavitrineibiuna.com.br\/?p=26912#primaryimage\",\"inLanguage\":\"pt-BR\",\"url\":\"https:\/\/revistavitrineibiuna.com.br\/wp-content\/uploads\/2022\/04\/roda-gigante-novo.jpg\",\"width\":740,\"height\":469},{\"@type\":\"WebPage\",\"@id\":\"https:\/\/revistavitrineibiuna.com.br\/?p=26912#webpage\",\"url\":\"https:\/\/revistavitrineibiuna.com.br\/?p=26912\",\"name\":\"S\\u00c3O PAULO TER\\u00c1 A MAIOR RODA-GIGANTE DA AM\\u00c9RICA LATINA - Revista Vitrine Online\",\"isPartOf\":{\"@id\":\"https:\/\/revistavitrineibiuna.com.br\/#website\"},\"primaryImageOfPage\":{\"@id\":\"https:\/\/revistavitrineibiuna.com.br\/?p=26912#primaryimage\"},\"datePublished\":\"2022-04-11T19:46:17+00:00\",\"dateModified\":\"2022-04-11T19:46:18+00:00\",\"breadcrumb\":{\"@id\":\"https:\/\/revistavitrineibiuna.com.br\/?p=26912#breadcrumb\"},\"inLanguage\":\"pt-BR\",\"potentialAction\":[{\"@type\":\"ReadAction\",\"target\":[\"https:\/\/revistavitrineibiuna.com.br\/?p=26912\"]}]},{\"@type\":\"BreadcrumbList\",\"@id\":\"https:\/\/revistavitrineibiuna.com.br\/?p=26912#breadcrumb\",\"itemListElement\":[{\"@type\":\"ListItem\",\"position\":1,\"item\":{\"@type\":\"WebPage\",\"@id\":\"https:\/\/revistavitrineibiuna.com.br\/\",\"url\":\"https:\/\/revistavitrineibiuna.com.br\/\",\"name\":\"In\\u00edcio\"}},{\"@type\":\"ListItem\",\"position\":2,\"item\":{\"@type\":\"WebPage\",\"@id\":\"https:\/\/revistavitrineibiuna.com.br\/?p=26912\",\"url\":\"https:\/\/revistavitrineibiuna.com.br\/?p=26912\",\"name\":\"S\\u00c3O PAULO TER\\u00c1 A MAIOR RODA-GIGANTE DA AM\\u00c9RICA LATINA\"}}]},{\"@type\":\"Article\",\"@id\":\"https:\/\/revistavitrineibiuna.com.br\/?p=26912#article\",\"isPartOf\":{\"@id\":\"https:\/\/revistavitrineibiuna.com.br\/?p=26912#webpage\"},\"author\":{\"@id\":\"https:\/\/revistavitrineibiuna.com.br\/#\/schema\/person\/e51ef49d6d88170ea21ceabff3f73deb\"},\"headline\":\"S\\u00c3O PAULO TER\\u00c1 A MAIOR RODA-GIGANTE DA AM\\u00c9RICA LATINA\",\"datePublished\":\"2022-04-11T19:46:17+00:00\",\"dateModified\":\"2022-04-11T19:46:18+00:00\",\"mainEntityOfPage\":{\"@id\":\"https:\/\/revistavitrineibiuna.com.br\/?p=26912#webpage\"},\"commentCount\":0,\"publisher\":{\"@id\":\"https:\/\/revistavitrineibiuna.com.br\/#\/schema\/person\/e51ef49d6d88170ea21ceabff3f73deb\"},\"image\":{\"@id\":\"https:\/\/revistavitrineibiuna.com.br\/?p=26912#primaryimage\"},\"articleSection\":\"Not\\u00edcias\",\"inLanguage\":\"pt-BR\",\"potentialAction\":[{\"@type\":\"CommentAction\",\"name\":\"Comment\",\"target\":[\"https:\/\/revistavitrineibiuna.com.br\/?p=26912#respond\"]}]},{\"@type\":[\"Person\",\"Organization\"],\"@id\":\"https:\/\/revistavitrineibiuna.com.br\/#\/schema\/person\/e51ef49d6d88170ea21ceabff3f73deb\",\"name\":\"Carlos Rossini\",\"image\":{\"@type\":\"ImageObject\",\"@id\":\"https:\/\/revistavitrineibiuna.com.br\/#personlogo\",\"inLanguage\":\"pt-BR\",\"url\":\"https:\/\/secure.gravatar.com\/avatar\/4f2d0f99fac1f85c7d643f21f5c8d900?s=96&d=mm&r=g\",\"caption\":\"Carlos Rossini\"},\"logo\":{\"@id\":\"https:\/\/revistavitrineibiuna.com.br\/#personlogo\"},\"description\":\"Carlos Rossini \\u00e9 jornalista, soci\\u00f3logo, escritor e professor universit\\u00e1rio, tendo sido professor de jornalismo por vinte anos. Trabalhou em ve\\u00edculos de comunica\\u00e7\\u00e3o nas fun\\u00e7\\u00f5es de rep\\u00f3rter, redator, editor, articulista e colaborador, como Folha de S. Paulo, O Estado de S. Paulo, Di\\u00e1rio Popular, entre outros. Ao transferir a revista vitrine, vers\\u00e3o imprensa, de S\\u00e3o Paulo para Ibi\\u00fana h\\u00e1 alguns anos, iniciou uma nova experi\\u00eancia profissional, dedicando-se ao jornalismo regional, depois de cumprir uma trajet\\u00f3ria bem-sucedida na grande imprensa brasileira. Seu primeiro livro A Coragem de Comunicar foi lan\\u00e7ado na Bienal do Livro em S\\u00e3o Paulo no ano 2000, pela editora Madras.\"}]}<\/script>\n<!-- \/ Yoast SEO plugin. -->","_links":{"self":[{"href":"https:\/\/revistavitrineibiuna.com.br\/index.php?rest_route=\/wp\/v2\/posts\/26912"}],"collection":[{"href":"https:\/\/revistavitrineibiuna.com.br\/index.php?rest_route=\/wp\/v2\/posts"}],"about":[{"href":"https:\/\/revistavitrineibiuna.com.br\/index.php?rest_route=\/wp\/v2\/types\/post"}],"author":[{"embeddable":true,"href":"https:\/\/revistavitrineibiuna.com.br\/index.php?rest_route=\/wp\/v2\/users\/1"}],"replies":[{"embeddable":true,"href":"https:\/\/revistavitrineibiuna.com.br\/index.php?rest_route=%2Fwp%2Fv2%2Fcomments&post=26912"}],"version-history":[{"count":1,"href":"https:\/\/revistavitrineibiuna.com.br\/index.php?rest_route=\/wp\/v2\/posts\/26912\/revisions"}],"predecessor-version":[{"id":26914,"href":"https:\/\/revistavitrineibiuna.com.br\/index.php?rest_route=\/wp\/v2\/posts\/26912\/revisions\/26914"}],"wp:featuredmedia":[{"embeddable":true,"href":"https:\/\/revistavitrineibiuna.com.br\/index.php?rest_route=\/wp\/v2\/media\/26913"}],"wp:attachment":[{"href":"https:\/\/revistavitrineibiuna.com.br\/index.php?rest_route=%2Fwp%2Fv2%2Fmedia&parent=26912"}],"wp:term":[{"taxonomy":"category","embeddable":true,"href":"https:\/\/revistavitrineibiuna.com.br\/index.php?rest_route=%2Fwp%2Fv2%2Fcategories&post=26912"},{"taxonomy":"post_tag","embeddable":true,"href":"https:\/\/revistavitrineibiuna.com.br\/index.php?rest_route=%2Fwp%2Fv2%2Ftags&post=26912"}],"curies":[{"name":"wp","href":"https:\/\/api.w.org\/{rel}","templated":true}]}}