{"id":26915,"date":"2022-04-14T19:29:47","date_gmt":"2022-04-14T22:29:47","guid":{"rendered":"http:\/\/revistavitrineibiuna.com.br\/?p=26915"},"modified":"2022-04-14T19:40:49","modified_gmt":"2022-04-14T22:40:49","slug":"ibiuna-e-vergonhosa-a-situacao-dos-onibus-que-operam-no-municipio","status":"publish","type":"post","link":"https:\/\/revistavitrineibiuna.com.br\/?p=26915","title":{"rendered":"IBI\u00daNA \u2013 \u00c9 VERGONHOSA A SITUA\u00c7\u00c3O DOS \u00d4NIBUS QUE OPERAM NO MUNIC\u00cdPIO"},"content":{"rendered":"\n<p class=\"has-drop-cap\"><strong>H\u00e1 poucos dias o pre\u00e7o da passagem de \u00f4nibus municipal no munic\u00edpio operado pela Via\u00e7\u00e3o Raposo Tavares subiu de R$ 4,50 para R$ 5,00. Mas, mesmo assim, as condi\u00e7\u00f5es dos \u00f4nibus que atendem a popula\u00e7\u00e3o de Ibi\u00fana s\u00e3o vergonhosas, talvez devido principalmente \u00e0s p\u00e9ssimas condi\u00e7\u00f5es das estradas municipais cheias de buracos, lama quando chove, e nuvens de poeira em tempo seco.<\/strong><\/p>\n\n\n\n<p><strong>Vitrine online j\u00e1 constatou diretamente um senhor que acabara de descer de um \u00f4nibus na avenida Vereador Benedito de Campos com a roupa cheia de poeira. Ele pediu para sua esposa remover as manchas batendo nelas com um pano.<\/strong><\/p>\n\n\n\n<p><strong>Hoje (14) recebemos do leitor Jos\u00e9 Moacir Franca quatro fotografias com a seguinte mensagem:<\/strong><strong><\/strong><\/p>\n\n\n\n<p><strong>\u201cOlha a situa\u00e7\u00e3o do estado de sujeira que est\u00e1 esse \u00f4nibus que faz a linha do residencial Europa, essas fotos eu tirei hoje.<\/strong><\/p>\n\n\n\n<p><strong>Veja o estado que est\u00e1 ser\u00e1 que algu\u00e9m tem coragem de sentar nesses bancos imundos? E o estado do piso olha bem a situa\u00e7\u00e3o!<\/strong><\/p>\n\n\n\n<p><strong>\u00c9 isso mesmo que os respons\u00e1veis por nossa enst\u00e2ncia tur\u00edstica querem mostrar para quem vem para ibi\u00fana?\u201d<\/strong><\/p>\n\n\n\n<p><strong>A esse problema observ\u00e1vel por qualquer usu\u00e1rio do servi\u00e7o p\u00fablico de transporte no munic\u00edpio de Ibi\u00fana, n\u00e3o devemos esquecer as prec\u00e1rias condi\u00e7\u00f5es a que est\u00e3o sujeitos os usu\u00e1rios desses servi\u00e7os que foram transferidos para a Rua Guarani, como vitrine online vem publicando reiteradamente, debaixo de sol, chuva, tendo que sentar no meio fio e nos degraus das lojas ali localizadas.<\/strong><\/p>\n\n\n\n<p><strong>A mudan\u00e7a que ocorreu para esse local j\u00e1 verificado como inadequado para substituir o Terminal Rodovi\u00e1rio vai completar 5 meses no pr\u00f3ximo dia 20. Desde ent\u00e3o, a rua chegou a afundar por n\u00e3o resistir aos pesos dos \u00f4nibus e a ficar meses com buracos profundos dificultando para os usu\u00e1rios acessarem ou descerem dos \u00f4nibus. (C.R.)<\/strong><\/p>\n\n\n\n<figure class=\"wp-block-image size-large\"><img loading=\"lazy\" width=\"400\" height=\"532\" src=\"http:\/\/revistavitrineibiuna.com.br\/wp-content\/uploads\/2022\/04\/sujeira-em-onibus-2.jpg\" alt=\"\" class=\"wp-image-26919\" srcset=\"https:\/\/revistavitrineibiuna.com.br\/wp-content\/uploads\/2022\/04\/sujeira-em-onibus-2.jpg 400w, https:\/\/revistavitrineibiuna.com.br\/wp-content\/uploads\/2022\/04\/sujeira-em-onibus-2-226x300.jpg 226w\" sizes=\"(max-width: 400px) 100vw, 400px\" \/><\/figure>\n\n\n\n<figure class=\"wp-block-image size-large\"><img loading=\"lazy\" width=\"498\" height=\"479\" src=\"http:\/\/revistavitrineibiuna.com.br\/wp-content\/uploads\/2022\/04\/sujeira-em-onibus-3.jpg\" alt=\"\" class=\"wp-image-26921\" srcset=\"https:\/\/revistavitrineibiuna.com.br\/wp-content\/uploads\/2022\/04\/sujeira-em-onibus-3.jpg 498w, https:\/\/revistavitrineibiuna.com.br\/wp-content\/uploads\/2022\/04\/sujeira-em-onibus-3-300x289.jpg 300w\" sizes=\"(max-width: 498px) 100vw, 498px\" \/><\/figure>\n\n\n\n<figure class=\"wp-block-image size-large\"><img loading=\"lazy\" width=\"449\" height=\"492\" src=\"http:\/\/revistavitrineibiuna.com.br\/wp-content\/uploads\/2022\/04\/sujeira-em-onibus-4.jpg\" alt=\"\" class=\"wp-image-26923\" srcset=\"https:\/\/revistavitrineibiuna.com.br\/wp-content\/uploads\/2022\/04\/sujeira-em-onibus-4.jpg 449w, https:\/\/revistavitrineibiuna.com.br\/wp-content\/uploads\/2022\/04\/sujeira-em-onibus-4-274x300.jpg 274w\" sizes=\"(max-width: 449px) 100vw, 449px\" \/><figcaption>Al\u00e9m do p\u00f3, os \u00f4nibus apresentam problemas de manuten\u00e7\u00e3o como se verifica na foto<\/figcaption><\/figure>\n","protected":false},"excerpt":{"rendered":"<p>H\u00e1 poucos dias o pre\u00e7o da passagem de \u00f4nibus municipal no munic\u00edpio operado pela Via\u00e7\u00e3o Raposo Tavares subiu de R$<\/p>\n","protected":false},"author":1,"featured_media":26916,"comment_status":"open","ping_status":"open","sticky":false,"template":"","format":"standard","meta":[],"categories":[3],"tags":[],"yoast_head":"<!-- This site is optimized with the Yoast SEO plugin v15.8 - https:\/\/yoast.com\/wordpress\/plugins\/seo\/ -->\n<title>IBI\u00daNA \u2013 \u00c9 VERGONHOSA A SITUA\u00c7\u00c3O DOS \u00d4NIBUS QUE OPERAM NO MUNIC\u00cdPIO - Revista Vitrine Online<\/title>\n<meta name=\"robots\" content=\"index, follow, max-snippet:-1, max-image-preview:large, max-video-preview:-1\" \/>\n<link rel=\"canonical\" href=\"https:\/\/revistavitrineibiuna.com.br\/?p=26915\" \/>\n<meta property=\"og:locale\" content=\"pt_BR\" \/>\n<meta property=\"og:type\" content=\"article\" \/>\n<meta property=\"og:title\" content=\"IBI\u00daNA \u2013 \u00c9 VERGONHOSA A SITUA\u00c7\u00c3O DOS \u00d4NIBUS QUE OPERAM NO MUNIC\u00cdPIO - Revista Vitrine Online\" \/>\n<meta property=\"og:description\" content=\"H\u00e1 poucos dias o pre\u00e7o da passagem de \u00f4nibus municipal no munic\u00edpio operado pela Via\u00e7\u00e3o Raposo Tavares subiu de R$\" \/>\n<meta property=\"og:url\" content=\"https:\/\/revistavitrineibiuna.com.br\/?p=26915\" \/>\n<meta property=\"og:site_name\" content=\"Revista Vitrine Online\" \/>\n<meta property=\"article:published_time\" content=\"2022-04-14T22:29:47+00:00\" \/>\n<meta property=\"article:modified_time\" content=\"2022-04-14T22:40:49+00:00\" \/>\n<meta property=\"og:image\" content=\"https:\/\/revistavitrineibiuna.com.br\/wp-content\/uploads\/2022\/04\/sujeira-em-onibus-1.jpg\" \/>\n\t<meta property=\"og:image:width\" content=\"750\" \/>\n\t<meta property=\"og:image:height\" content=\"444\" \/>\n<meta name=\"twitter:card\" content=\"summary\" \/>\n<meta name=\"twitter:label1\" content=\"Est. reading time\">\n\t<meta name=\"twitter:data1\" content=\"2 minutos\">\n<script type=\"application\/ld+json\" class=\"yoast-schema-graph\">{\"@context\":\"https:\/\/schema.org\",\"@graph\":[{\"@type\":\"WebSite\",\"@id\":\"https:\/\/revistavitrineibiuna.com.br\/#website\",\"url\":\"https:\/\/revistavitrineibiuna.com.br\/\",\"name\":\"Revista Vitrine Ibi\\u00fana\",\"description\":\"A Revista de Ibi\\u00fana e Regi\\u00e3o\",\"publisher\":{\"@id\":\"https:\/\/revistavitrineibiuna.com.br\/#\/schema\/person\/e51ef49d6d88170ea21ceabff3f73deb\"},\"potentialAction\":[{\"@type\":\"SearchAction\",\"target\":\"https:\/\/revistavitrineibiuna.com.br\/?s={search_term_string}\",\"query-input\":\"required name=search_term_string\"}],\"inLanguage\":\"pt-BR\"},{\"@type\":\"ImageObject\",\"@id\":\"https:\/\/revistavitrineibiuna.com.br\/?p=26915#primaryimage\",\"inLanguage\":\"pt-BR\",\"url\":\"https:\/\/revistavitrineibiuna.com.br\/wp-content\/uploads\/2022\/04\/sujeira-em-onibus-1.jpg\",\"width\":750,\"height\":444},{\"@type\":\"WebPage\",\"@id\":\"https:\/\/revistavitrineibiuna.com.br\/?p=26915#webpage\",\"url\":\"https:\/\/revistavitrineibiuna.com.br\/?p=26915\",\"name\":\"IBI\\u00daNA \\u2013 \\u00c9 VERGONHOSA A SITUA\\u00c7\\u00c3O DOS \\u00d4NIBUS QUE OPERAM NO MUNIC\\u00cdPIO - Revista Vitrine Online\",\"isPartOf\":{\"@id\":\"https:\/\/revistavitrineibiuna.com.br\/#website\"},\"primaryImageOfPage\":{\"@id\":\"https:\/\/revistavitrineibiuna.com.br\/?p=26915#primaryimage\"},\"datePublished\":\"2022-04-14T22:29:47+00:00\",\"dateModified\":\"2022-04-14T22:40:49+00:00\",\"breadcrumb\":{\"@id\":\"https:\/\/revistavitrineibiuna.com.br\/?p=26915#breadcrumb\"},\"inLanguage\":\"pt-BR\",\"potentialAction\":[{\"@type\":\"ReadAction\",\"target\":[\"https:\/\/revistavitrineibiuna.com.br\/?p=26915\"]}]},{\"@type\":\"BreadcrumbList\",\"@id\":\"https:\/\/revistavitrineibiuna.com.br\/?p=26915#breadcrumb\",\"itemListElement\":[{\"@type\":\"ListItem\",\"position\":1,\"item\":{\"@type\":\"WebPage\",\"@id\":\"https:\/\/revistavitrineibiuna.com.br\/\",\"url\":\"https:\/\/revistavitrineibiuna.com.br\/\",\"name\":\"In\\u00edcio\"}},{\"@type\":\"ListItem\",\"position\":2,\"item\":{\"@type\":\"WebPage\",\"@id\":\"https:\/\/revistavitrineibiuna.com.br\/?p=26915\",\"url\":\"https:\/\/revistavitrineibiuna.com.br\/?p=26915\",\"name\":\"IBI\\u00daNA \\u2013 \\u00c9 VERGONHOSA A SITUA\\u00c7\\u00c3O DOS \\u00d4NIBUS QUE OPERAM NO MUNIC\\u00cdPIO\"}}]},{\"@type\":\"Article\",\"@id\":\"https:\/\/revistavitrineibiuna.com.br\/?p=26915#article\",\"isPartOf\":{\"@id\":\"https:\/\/revistavitrineibiuna.com.br\/?p=26915#webpage\"},\"author\":{\"@id\":\"https:\/\/revistavitrineibiuna.com.br\/#\/schema\/person\/e51ef49d6d88170ea21ceabff3f73deb\"},\"headline\":\"IBI\\u00daNA \\u2013 \\u00c9 VERGONHOSA A SITUA\\u00c7\\u00c3O DOS \\u00d4NIBUS QUE OPERAM NO MUNIC\\u00cdPIO\",\"datePublished\":\"2022-04-14T22:29:47+00:00\",\"dateModified\":\"2022-04-14T22:40:49+00:00\",\"mainEntityOfPage\":{\"@id\":\"https:\/\/revistavitrineibiuna.com.br\/?p=26915#webpage\"},\"commentCount\":0,\"publisher\":{\"@id\":\"https:\/\/revistavitrineibiuna.com.br\/#\/schema\/person\/e51ef49d6d88170ea21ceabff3f73deb\"},\"image\":{\"@id\":\"https:\/\/revistavitrineibiuna.com.br\/?p=26915#primaryimage\"},\"articleSection\":\"Not\\u00edcias\",\"inLanguage\":\"pt-BR\",\"potentialAction\":[{\"@type\":\"CommentAction\",\"name\":\"Comment\",\"target\":[\"https:\/\/revistavitrineibiuna.com.br\/?p=26915#respond\"]}]},{\"@type\":[\"Person\",\"Organization\"],\"@id\":\"https:\/\/revistavitrineibiuna.com.br\/#\/schema\/person\/e51ef49d6d88170ea21ceabff3f73deb\",\"name\":\"Carlos Rossini\",\"image\":{\"@type\":\"ImageObject\",\"@id\":\"https:\/\/revistavitrineibiuna.com.br\/#personlogo\",\"inLanguage\":\"pt-BR\",\"url\":\"https:\/\/secure.gravatar.com\/avatar\/4f2d0f99fac1f85c7d643f21f5c8d900?s=96&d=mm&r=g\",\"caption\":\"Carlos Rossini\"},\"logo\":{\"@id\":\"https:\/\/revistavitrineibiuna.com.br\/#personlogo\"},\"description\":\"Carlos Rossini \\u00e9 jornalista, soci\\u00f3logo, escritor e professor universit\\u00e1rio, tendo sido professor de jornalismo por vinte anos. Trabalhou em ve\\u00edculos de comunica\\u00e7\\u00e3o nas fun\\u00e7\\u00f5es de rep\\u00f3rter, redator, editor, articulista e colaborador, como Folha de S. Paulo, O Estado de S. Paulo, Di\\u00e1rio Popular, entre outros. Ao transferir a revista vitrine, vers\\u00e3o imprensa, de S\\u00e3o Paulo para Ibi\\u00fana h\\u00e1 alguns anos, iniciou uma nova experi\\u00eancia profissional, dedicando-se ao jornalismo regional, depois de cumprir uma trajet\\u00f3ria bem-sucedida na grande imprensa brasileira. Seu primeiro livro A Coragem de Comunicar foi lan\\u00e7ado na Bienal do Livro em S\\u00e3o Paulo no ano 2000, pela editora Madras.\"}]}<\/script>\n<!-- \/ Yoast SEO plugin. -->","_links":{"self":[{"href":"https:\/\/revistavitrineibiuna.com.br\/index.php?rest_route=\/wp\/v2\/posts\/26915"}],"collection":[{"href":"https:\/\/revistavitrineibiuna.com.br\/index.php?rest_route=\/wp\/v2\/posts"}],"about":[{"href":"https:\/\/revistavitrineibiuna.com.br\/index.php?rest_route=\/wp\/v2\/types\/post"}],"author":[{"embeddable":true,"href":"https:\/\/revistavitrineibiuna.com.br\/index.php?rest_route=\/wp\/v2\/users\/1"}],"replies":[{"embeddable":true,"href":"https:\/\/revistavitrineibiuna.com.br\/index.php?rest_route=%2Fwp%2Fv2%2Fcomments&post=26915"}],"version-history":[{"count":4,"href":"https:\/\/revistavitrineibiuna.com.br\/index.php?rest_route=\/wp\/v2\/posts\/26915\/revisions"}],"predecessor-version":[{"id":26925,"href":"https:\/\/revistavitrineibiuna.com.br\/index.php?rest_route=\/wp\/v2\/posts\/26915\/revisions\/26925"}],"wp:featuredmedia":[{"embeddable":true,"href":"https:\/\/revistavitrineibiuna.com.br\/index.php?rest_route=\/wp\/v2\/media\/26916"}],"wp:attachment":[{"href":"https:\/\/revistavitrineibiuna.com.br\/index.php?rest_route=%2Fwp%2Fv2%2Fmedia&parent=26915"}],"wp:term":[{"taxonomy":"category","embeddable":true,"href":"https:\/\/revistavitrineibiuna.com.br\/index.php?rest_route=%2Fwp%2Fv2%2Fcategories&post=26915"},{"taxonomy":"post_tag","embeddable":true,"href":"https:\/\/revistavitrineibiuna.com.br\/index.php?rest_route=%2Fwp%2Fv2%2Ftags&post=26915"}],"curies":[{"name":"wp","href":"https:\/\/api.w.org\/{rel}","templated":true}]}}