{"id":26926,"date":"2022-04-16T10:32:09","date_gmt":"2022-04-16T13:32:09","guid":{"rendered":"http:\/\/revistavitrineibiuna.com.br\/?p=26926"},"modified":"2022-04-16T11:16:58","modified_gmt":"2022-04-16T14:16:58","slug":"da-malhacao-de-judas-ao-domingo-de-pascoa","status":"publish","type":"post","link":"https:\/\/revistavitrineibiuna.com.br\/?p=26926","title":{"rendered":"DA MALHA\u00c7\u00c3O DE JUDAS AO DOMINGO DE P\u00c1SCOA"},"content":{"rendered":"\n<p class=\"has-drop-cap\"><strong>Hoje \u00e9 S\u00e1bado de Aleluia da Semana Santa, o primeiro dia depois da crucifica\u00e7\u00e3o e morte de Jesus Cristo e o dia anterior ao Domingo de P\u00e1scoa. Uma tradi\u00e7\u00e3o de diversas comunidades cat\u00f3licas consiste em surrar um boneco do tamanho de um homem, e depois atear fogo a ele.<\/strong><\/p>\n\n\n\n<p><strong>Quando eu era pequeno e chegava o S\u00e1bado de Aleluia era certo. Eu preparava um pau de vassoura e me juntava \u00e0s outras crian\u00e7as para malhar Judas.<\/strong><\/p>\n\n\n\n<p><strong>Lembro-me que acredit\u00e1vamos piamente que est\u00e1vamos vingando e fazendo justi\u00e7a contra a morte de Jesus, mesmo quase dois mil anos depois dos fatos acontecidos e narrados pela tradi\u00e7\u00e3o cat\u00f3lica.<\/strong><\/p>\n\n\n\n<p><strong>Muito mais tarde, j\u00e1 adulto, li aqui e ali que na verdade Judas Iscariotes cumpriu um papel terr\u00edvel mas decisivo no destino da f\u00e9 crist\u00e3.<\/strong><\/p>\n\n\n\n<p><strong>Se ele n\u00e3o tivesse feito o que fez n\u00e3o haveria a ressurei\u00e7\u00e3o e a promessa de um lar espiritual para todos aqueles que acreditam em outra vida celestial, infinitamente melhor do que a que vive na terra um palco de dor e sofrimento em toda a hist\u00f3ria da humanidade.<\/strong><\/p>\n\n\n\n<p><strong>Aqui e ali se pergunta por que Deus n\u00e3o interveio para proteger seu Filho de tanta dor e sofrimento pregado na cruz que se tornou o s\u00edmbolo inequ\u00edvoco da cristandade. Mas quem s\u00e3o aqueles que duvidam da vontade e dos prop\u00f3sitos do Criador?<\/strong><\/p>\n\n\n\n<p><strong>Talvez o grande efeito de toda da trajet\u00f3ria de sofrimento de Jesus tenha nos legado o sentimento da santifica\u00e7\u00e3o desses dias da Semana Santa em que at\u00e9 mesmo se alimentar de carne na Sexta-Feira se tornou proibido, ainda que essa tradi\u00e7\u00e3o esteja sendo cada vez menos acatada pelos fieis menos ortodoxos. Afinal, peixe tamb\u00e9m n\u00e3o \u00e9 carne?<\/strong><\/p>\n\n\n\n<p><strong>O fato ao qual voltamos \u00e9 a malha\u00e7\u00e3o de Judas.<\/strong><\/p>\n\n\n\n<p><strong>Amarrado em um poste, o boneco era incendiado e quando as chamas assumiam maiores propor\u00e7\u00f5es era derrubado e algu\u00e9m se encarregava de arrast\u00e1-lo pela rua enquanto recebia cont\u00ednuas pauladas at\u00e9 desintegrar-se e restar quase nada de seus trajes.<\/strong><\/p>\n\n\n\n<p><strong>A\u00ed e somente a\u00ed a garotada dava por cumprida sua miss\u00e3o de defender simbolicamente a vida de Jesus e voltava para suas casas com o dever cumprido por terem lutado por uma boa causa.<\/strong><\/p>\n\n\n\n<p><strong>No fundo no fundo era um ato muito divertido, coletivo, uma brincadeira compartilhada sobre a reg\u00eancia de um fato que a Igreja rememora todos h\u00e1 2022 anos.<\/strong><\/p>\n\n\n\n<p><strong>Mas o que seria da vida se tanta dor e sofrimento deixassem de ser compensados pelo Domingo de P\u00e1scoa, uma das festividades mais importantes para o cristianismo, pois representa a ressurrei\u00e7\u00e3o de Jesus Cristo. A data \u00e9 comemorada com reuni\u00e3o familiar no primeiro\u00a0domingo\u00a0ap\u00f3s a primeira lua cheia que ocorre no in\u00edcio da primavera (no Hemisf\u00e9rio Norte) e do outono (no Hemisf\u00e9rio Sul). Feliz P\u00e1scoa! (C.R.)<\/strong><\/p>\n","protected":false},"excerpt":{"rendered":"<p>Hoje \u00e9 S\u00e1bado de Aleluia da Semana Santa, o primeiro dia depois da crucifica\u00e7\u00e3o e morte de Jesus Cristo e<\/p>\n","protected":false},"author":1,"featured_media":26927,"comment_status":"open","ping_status":"open","sticky":false,"template":"","format":"standard","meta":[],"categories":[3],"tags":[],"yoast_head":"<!-- This site is optimized with the Yoast SEO plugin v15.8 - https:\/\/yoast.com\/wordpress\/plugins\/seo\/ -->\n<title>DA MALHA\u00c7\u00c3O DE JUDAS AO DOMINGO DE P\u00c1SCOA - Revista Vitrine Online<\/title>\n<meta name=\"robots\" content=\"index, follow, max-snippet:-1, max-image-preview:large, max-video-preview:-1\" \/>\n<link rel=\"canonical\" href=\"https:\/\/revistavitrineibiuna.com.br\/?p=26926\" \/>\n<meta property=\"og:locale\" content=\"pt_BR\" \/>\n<meta property=\"og:type\" content=\"article\" \/>\n<meta property=\"og:title\" content=\"DA MALHA\u00c7\u00c3O DE JUDAS AO DOMINGO DE P\u00c1SCOA - Revista Vitrine Online\" \/>\n<meta property=\"og:description\" content=\"Hoje \u00e9 S\u00e1bado de Aleluia da Semana Santa, o primeiro dia depois da crucifica\u00e7\u00e3o e morte de Jesus Cristo e\" \/>\n<meta property=\"og:url\" content=\"https:\/\/revistavitrineibiuna.com.br\/?p=26926\" \/>\n<meta property=\"og:site_name\" content=\"Revista Vitrine Online\" \/>\n<meta property=\"article:published_time\" content=\"2022-04-16T13:32:09+00:00\" \/>\n<meta property=\"article:modified_time\" content=\"2022-04-16T14:16:58+00:00\" \/>\n<meta property=\"og:image\" content=\"https:\/\/revistavitrineibiuna.com.br\/wp-content\/uploads\/2022\/04\/MALHACAO.jpg\" \/>\n\t<meta property=\"og:image:width\" content=\"750\" \/>\n\t<meta property=\"og:image:height\" content=\"416\" \/>\n<meta name=\"twitter:card\" content=\"summary\" \/>\n<meta name=\"twitter:label1\" content=\"Est. reading time\">\n\t<meta name=\"twitter:data1\" content=\"2 minutos\">\n<script type=\"application\/ld+json\" class=\"yoast-schema-graph\">{\"@context\":\"https:\/\/schema.org\",\"@graph\":[{\"@type\":\"WebSite\",\"@id\":\"https:\/\/revistavitrineibiuna.com.br\/#website\",\"url\":\"https:\/\/revistavitrineibiuna.com.br\/\",\"name\":\"Revista Vitrine Ibi\\u00fana\",\"description\":\"A Revista de Ibi\\u00fana e Regi\\u00e3o\",\"publisher\":{\"@id\":\"https:\/\/revistavitrineibiuna.com.br\/#\/schema\/person\/e51ef49d6d88170ea21ceabff3f73deb\"},\"potentialAction\":[{\"@type\":\"SearchAction\",\"target\":\"https:\/\/revistavitrineibiuna.com.br\/?s={search_term_string}\",\"query-input\":\"required name=search_term_string\"}],\"inLanguage\":\"pt-BR\"},{\"@type\":\"ImageObject\",\"@id\":\"https:\/\/revistavitrineibiuna.com.br\/?p=26926#primaryimage\",\"inLanguage\":\"pt-BR\",\"url\":\"https:\/\/revistavitrineibiuna.com.br\/wp-content\/uploads\/2022\/04\/MALHACAO.jpg\",\"width\":750,\"height\":416},{\"@type\":\"WebPage\",\"@id\":\"https:\/\/revistavitrineibiuna.com.br\/?p=26926#webpage\",\"url\":\"https:\/\/revistavitrineibiuna.com.br\/?p=26926\",\"name\":\"DA MALHA\\u00c7\\u00c3O DE JUDAS AO DOMINGO DE P\\u00c1SCOA - Revista Vitrine Online\",\"isPartOf\":{\"@id\":\"https:\/\/revistavitrineibiuna.com.br\/#website\"},\"primaryImageOfPage\":{\"@id\":\"https:\/\/revistavitrineibiuna.com.br\/?p=26926#primaryimage\"},\"datePublished\":\"2022-04-16T13:32:09+00:00\",\"dateModified\":\"2022-04-16T14:16:58+00:00\",\"breadcrumb\":{\"@id\":\"https:\/\/revistavitrineibiuna.com.br\/?p=26926#breadcrumb\"},\"inLanguage\":\"pt-BR\",\"potentialAction\":[{\"@type\":\"ReadAction\",\"target\":[\"https:\/\/revistavitrineibiuna.com.br\/?p=26926\"]}]},{\"@type\":\"BreadcrumbList\",\"@id\":\"https:\/\/revistavitrineibiuna.com.br\/?p=26926#breadcrumb\",\"itemListElement\":[{\"@type\":\"ListItem\",\"position\":1,\"item\":{\"@type\":\"WebPage\",\"@id\":\"https:\/\/revistavitrineibiuna.com.br\/\",\"url\":\"https:\/\/revistavitrineibiuna.com.br\/\",\"name\":\"In\\u00edcio\"}},{\"@type\":\"ListItem\",\"position\":2,\"item\":{\"@type\":\"WebPage\",\"@id\":\"https:\/\/revistavitrineibiuna.com.br\/?p=26926\",\"url\":\"https:\/\/revistavitrineibiuna.com.br\/?p=26926\",\"name\":\"DA MALHA\\u00c7\\u00c3O DE JUDAS AO DOMINGO DE P\\u00c1SCOA\"}}]},{\"@type\":\"Article\",\"@id\":\"https:\/\/revistavitrineibiuna.com.br\/?p=26926#article\",\"isPartOf\":{\"@id\":\"https:\/\/revistavitrineibiuna.com.br\/?p=26926#webpage\"},\"author\":{\"@id\":\"https:\/\/revistavitrineibiuna.com.br\/#\/schema\/person\/e51ef49d6d88170ea21ceabff3f73deb\"},\"headline\":\"DA MALHA\\u00c7\\u00c3O DE JUDAS AO DOMINGO DE P\\u00c1SCOA\",\"datePublished\":\"2022-04-16T13:32:09+00:00\",\"dateModified\":\"2022-04-16T14:16:58+00:00\",\"mainEntityOfPage\":{\"@id\":\"https:\/\/revistavitrineibiuna.com.br\/?p=26926#webpage\"},\"commentCount\":0,\"publisher\":{\"@id\":\"https:\/\/revistavitrineibiuna.com.br\/#\/schema\/person\/e51ef49d6d88170ea21ceabff3f73deb\"},\"image\":{\"@id\":\"https:\/\/revistavitrineibiuna.com.br\/?p=26926#primaryimage\"},\"articleSection\":\"Not\\u00edcias\",\"inLanguage\":\"pt-BR\",\"potentialAction\":[{\"@type\":\"CommentAction\",\"name\":\"Comment\",\"target\":[\"https:\/\/revistavitrineibiuna.com.br\/?p=26926#respond\"]}]},{\"@type\":[\"Person\",\"Organization\"],\"@id\":\"https:\/\/revistavitrineibiuna.com.br\/#\/schema\/person\/e51ef49d6d88170ea21ceabff3f73deb\",\"name\":\"Carlos Rossini\",\"image\":{\"@type\":\"ImageObject\",\"@id\":\"https:\/\/revistavitrineibiuna.com.br\/#personlogo\",\"inLanguage\":\"pt-BR\",\"url\":\"https:\/\/secure.gravatar.com\/avatar\/4f2d0f99fac1f85c7d643f21f5c8d900?s=96&d=mm&r=g\",\"caption\":\"Carlos Rossini\"},\"logo\":{\"@id\":\"https:\/\/revistavitrineibiuna.com.br\/#personlogo\"},\"description\":\"Carlos Rossini \\u00e9 jornalista, soci\\u00f3logo, escritor e professor universit\\u00e1rio, tendo sido professor de jornalismo por vinte anos. Trabalhou em ve\\u00edculos de comunica\\u00e7\\u00e3o nas fun\\u00e7\\u00f5es de rep\\u00f3rter, redator, editor, articulista e colaborador, como Folha de S. Paulo, O Estado de S. Paulo, Di\\u00e1rio Popular, entre outros. Ao transferir a revista vitrine, vers\\u00e3o imprensa, de S\\u00e3o Paulo para Ibi\\u00fana h\\u00e1 alguns anos, iniciou uma nova experi\\u00eancia profissional, dedicando-se ao jornalismo regional, depois de cumprir uma trajet\\u00f3ria bem-sucedida na grande imprensa brasileira. Seu primeiro livro A Coragem de Comunicar foi lan\\u00e7ado na Bienal do Livro em S\\u00e3o Paulo no ano 2000, pela editora Madras.\"}]}<\/script>\n<!-- \/ Yoast SEO plugin. -->","_links":{"self":[{"href":"https:\/\/revistavitrineibiuna.com.br\/index.php?rest_route=\/wp\/v2\/posts\/26926"}],"collection":[{"href":"https:\/\/revistavitrineibiuna.com.br\/index.php?rest_route=\/wp\/v2\/posts"}],"about":[{"href":"https:\/\/revistavitrineibiuna.com.br\/index.php?rest_route=\/wp\/v2\/types\/post"}],"author":[{"embeddable":true,"href":"https:\/\/revistavitrineibiuna.com.br\/index.php?rest_route=\/wp\/v2\/users\/1"}],"replies":[{"embeddable":true,"href":"https:\/\/revistavitrineibiuna.com.br\/index.php?rest_route=%2Fwp%2Fv2%2Fcomments&post=26926"}],"version-history":[{"count":4,"href":"https:\/\/revistavitrineibiuna.com.br\/index.php?rest_route=\/wp\/v2\/posts\/26926\/revisions"}],"predecessor-version":[{"id":26932,"href":"https:\/\/revistavitrineibiuna.com.br\/index.php?rest_route=\/wp\/v2\/posts\/26926\/revisions\/26932"}],"wp:featuredmedia":[{"embeddable":true,"href":"https:\/\/revistavitrineibiuna.com.br\/index.php?rest_route=\/wp\/v2\/media\/26927"}],"wp:attachment":[{"href":"https:\/\/revistavitrineibiuna.com.br\/index.php?rest_route=%2Fwp%2Fv2%2Fmedia&parent=26926"}],"wp:term":[{"taxonomy":"category","embeddable":true,"href":"https:\/\/revistavitrineibiuna.com.br\/index.php?rest_route=%2Fwp%2Fv2%2Fcategories&post=26926"},{"taxonomy":"post_tag","embeddable":true,"href":"https:\/\/revistavitrineibiuna.com.br\/index.php?rest_route=%2Fwp%2Fv2%2Ftags&post=26926"}],"curies":[{"name":"wp","href":"https:\/\/api.w.org\/{rel}","templated":true}]}}