{"id":26934,"date":"2022-04-23T20:36:24","date_gmt":"2022-04-23T23:36:24","guid":{"rendered":"http:\/\/revistavitrineibiuna.com.br\/?p=26934"},"modified":"2022-04-23T20:50:45","modified_gmt":"2022-04-23T23:50:45","slug":"ah-esse-por-de-sol-do-outono-um-espetaculo-imperdivel","status":"publish","type":"post","link":"https:\/\/revistavitrineibiuna.com.br\/?p=26934","title":{"rendered":"AH, ESSE P\u00d4R DE SOL DO OUTONO! UM ESPET\u00c1CULO IMPERD\u00cdVEL!"},"content":{"rendered":"\n<p class=\"has-drop-cap\"><strong>De origem indo-europeia, a palavra Sol significa \u201cbrilhar, iluminar\u201d. Mas o valor desse corpo celeste vai infinitamente al\u00e9m dessa dimens\u00e3o. O Sol \u00e9 a nossa fonte de vida. Sem ele n\u00e3o existir\u00edamos na Terra, simples assim.<\/strong><\/p>\n\n\n\n<p><strong>Composto principalmente por hidrog\u00eanio e h\u00e9lio, tem em sua composi\u00e7\u00e3o ferro, n\u00edquel, oxig\u00eanio, sil\u00edcio, carbono, nitrog\u00eanio, enxofre, al\u00e9m de outras subst\u00e2ncias.<\/strong><\/p>\n\n\n\n<p><strong>Seu di\u00e2metro \u00e9 de 1,392 milh\u00e3o de quil\u00f4metros. Para dar uma ideia do que isso significa, a Terra tem um di\u00e2metro de 12.742 quil\u00f4metros.<\/strong><\/p>\n\n\n\n<p><strong>A temperatura no n\u00facleo solar \u00e9 de 15.000.000.000\u00baC, na superf\u00edcie a m\u00e9dia \u00e9 de 6.000\u00baC.<\/strong><\/p>\n\n\n\n<p><strong>Segundo previs\u00f5es cient\u00edficas, o Sol ir\u00e1 se extinguir daqui a 5.000.000 de anos.<\/strong><\/p>\n\n\n\n<p><strong>A dist\u00e2ncia da Terra do Sol \u00e9 de 149.600.000 de quil\u00f4metros.<\/strong><\/p>\n\n\n\n<p><strong>Caramba! Mas por que estou pensando nisso? Essas informa\u00e7\u00f5es nada t\u00eam a ver com a incr\u00edvel imagem do seu esplendor na tarde deste s\u00e1bado de outono quando voltava de S\u00e3o Paulo.<\/strong><\/p>\n\n\n\n<p><strong>N\u00e3o resisti. Parei o carro na margem da rodovia, mirei o Sol e mandei ver um maravilhoso espet\u00e1culo de pura luz que banhava a Natureza. E resolvi compartilhar o que a c\u00e2mera registrou.<\/strong><\/p>\n\n\n\n<p><strong>Naquele momento agi por emo\u00e7\u00e3o. Mas que coisa \u00e9 essa que ofusca nossos olhos de tanta luz e energia<\/strong>?<\/p>\n\n\n\n<p><strong>Procurei por poesias, m\u00fasicas sobre o Sol. S\u00e3o muitas cada qual refletindo a sensibilidade humana nas rela\u00e7\u00f5es entre Homem e Natureza. Decidi n\u00e3o copiar e por alguns instantes tentei resumir o que senti.<\/strong><\/p>\n\n\n\n<p><strong>\u201cO p\u00f4r do sol talvez nos lembre de nossa luz interior, pois todos somos filhos da luz\u201d, foi isso que imaginei, mas estou certo que cada pessoas teria sua pr\u00f3pria percep\u00e7\u00e3o e palavras para expressar algum tipo de sentimento.<\/strong><\/p>\n\n\n\n<p><strong>Hoje foi um dia de muito vento que dispersou a nebulosidade que se formou logo cedo e, por isso, tivemos um dia de c\u00e9u azul com manchas coloridas pelo reflexo da luz solar sobre as nuvens outonais.<\/strong><\/p>\n\n\n\n<p><strong>Li em algum lugar que para o Sol n\u00e3o existem sombras e achei bacana essa percep\u00e7\u00e3o de que Luz e Sombra s\u00e3o antagonistas complementares. No momento em que o Sol desaparece no [nosso] horizonte ele se manifesta como aurora do outro lado do mundo e, como j\u00e1 foi dito, rege os movimentos da vida que desperta a cada novo dia que somente existe porque o Sol existe.<\/strong><\/p>\n\n\n\n<p><strong>Bem, resolvi compartilhar essa experi\u00eancia porque amanh\u00e3, em mais um domingo de outono, o espet\u00e1culo solar dever se repetir e voc\u00ea pode se lembrar de olhar para o c\u00e9u que, nessa esta\u00e7\u00e3o, fica mais alto, devido \u00e0 inclina\u00e7\u00e3o da Terra em rela\u00e7\u00e3o ao Sol que \u00e9 uma pequenina estrela azul numa periferia espiralada da Via L\u00e1ctea. (Carlos Rossini)<\/strong><\/p>\n","protected":false},"excerpt":{"rendered":"<p>De origem indo-europeia, a palavra Sol significa \u201cbrilhar, iluminar\u201d. Mas o valor desse corpo celeste vai infinitamente al\u00e9m dessa dimens\u00e3o.<\/p>\n","protected":false},"author":1,"featured_media":26935,"comment_status":"open","ping_status":"open","sticky":false,"template":"","format":"standard","meta":[],"categories":[3],"tags":[],"yoast_head":"<!-- This site is optimized with the Yoast SEO plugin v15.8 - https:\/\/yoast.com\/wordpress\/plugins\/seo\/ -->\n<title>AH, ESSE P\u00d4R DE SOL DO OUTONO! UM ESPET\u00c1CULO IMPERD\u00cdVEL! - Revista Vitrine Online<\/title>\n<meta name=\"robots\" content=\"index, follow, max-snippet:-1, max-image-preview:large, max-video-preview:-1\" \/>\n<link rel=\"canonical\" href=\"https:\/\/revistavitrineibiuna.com.br\/?p=26934\" \/>\n<meta property=\"og:locale\" content=\"pt_BR\" \/>\n<meta property=\"og:type\" content=\"article\" \/>\n<meta property=\"og:title\" content=\"AH, ESSE P\u00d4R DE SOL DO OUTONO! UM ESPET\u00c1CULO IMPERD\u00cdVEL! - Revista Vitrine Online\" \/>\n<meta property=\"og:description\" content=\"De origem indo-europeia, a palavra Sol significa \u201cbrilhar, iluminar\u201d. Mas o valor desse corpo celeste vai infinitamente al\u00e9m dessa dimens\u00e3o.\" \/>\n<meta property=\"og:url\" content=\"https:\/\/revistavitrineibiuna.com.br\/?p=26934\" \/>\n<meta property=\"og:site_name\" content=\"Revista Vitrine Online\" \/>\n<meta property=\"article:published_time\" content=\"2022-04-23T23:36:24+00:00\" \/>\n<meta property=\"article:modified_time\" content=\"2022-04-23T23:50:45+00:00\" \/>\n<meta property=\"og:image\" content=\"https:\/\/revistavitrineibiuna.com.br\/wp-content\/uploads\/2022\/04\/sol-ibiuna.jpg\" \/>\n\t<meta property=\"og:image:width\" content=\"750\" \/>\n\t<meta property=\"og:image:height\" content=\"418\" \/>\n<meta name=\"twitter:card\" content=\"summary\" \/>\n<meta name=\"twitter:label1\" content=\"Est. reading time\">\n\t<meta name=\"twitter:data1\" content=\"2 minutos\">\n<script type=\"application\/ld+json\" class=\"yoast-schema-graph\">{\"@context\":\"https:\/\/schema.org\",\"@graph\":[{\"@type\":\"WebSite\",\"@id\":\"https:\/\/revistavitrineibiuna.com.br\/#website\",\"url\":\"https:\/\/revistavitrineibiuna.com.br\/\",\"name\":\"Revista Vitrine Ibi\\u00fana\",\"description\":\"A Revista de Ibi\\u00fana e Regi\\u00e3o\",\"publisher\":{\"@id\":\"https:\/\/revistavitrineibiuna.com.br\/#\/schema\/person\/e51ef49d6d88170ea21ceabff3f73deb\"},\"potentialAction\":[{\"@type\":\"SearchAction\",\"target\":\"https:\/\/revistavitrineibiuna.com.br\/?s={search_term_string}\",\"query-input\":\"required name=search_term_string\"}],\"inLanguage\":\"pt-BR\"},{\"@type\":\"ImageObject\",\"@id\":\"https:\/\/revistavitrineibiuna.com.br\/?p=26934#primaryimage\",\"inLanguage\":\"pt-BR\",\"url\":\"https:\/\/revistavitrineibiuna.com.br\/wp-content\/uploads\/2022\/04\/sol-ibiuna.jpg\",\"width\":750,\"height\":418},{\"@type\":\"WebPage\",\"@id\":\"https:\/\/revistavitrineibiuna.com.br\/?p=26934#webpage\",\"url\":\"https:\/\/revistavitrineibiuna.com.br\/?p=26934\",\"name\":\"AH, ESSE P\\u00d4R DE SOL DO OUTONO! UM ESPET\\u00c1CULO IMPERD\\u00cdVEL! - Revista Vitrine Online\",\"isPartOf\":{\"@id\":\"https:\/\/revistavitrineibiuna.com.br\/#website\"},\"primaryImageOfPage\":{\"@id\":\"https:\/\/revistavitrineibiuna.com.br\/?p=26934#primaryimage\"},\"datePublished\":\"2022-04-23T23:36:24+00:00\",\"dateModified\":\"2022-04-23T23:50:45+00:00\",\"breadcrumb\":{\"@id\":\"https:\/\/revistavitrineibiuna.com.br\/?p=26934#breadcrumb\"},\"inLanguage\":\"pt-BR\",\"potentialAction\":[{\"@type\":\"ReadAction\",\"target\":[\"https:\/\/revistavitrineibiuna.com.br\/?p=26934\"]}]},{\"@type\":\"BreadcrumbList\",\"@id\":\"https:\/\/revistavitrineibiuna.com.br\/?p=26934#breadcrumb\",\"itemListElement\":[{\"@type\":\"ListItem\",\"position\":1,\"item\":{\"@type\":\"WebPage\",\"@id\":\"https:\/\/revistavitrineibiuna.com.br\/\",\"url\":\"https:\/\/revistavitrineibiuna.com.br\/\",\"name\":\"In\\u00edcio\"}},{\"@type\":\"ListItem\",\"position\":2,\"item\":{\"@type\":\"WebPage\",\"@id\":\"https:\/\/revistavitrineibiuna.com.br\/?p=26934\",\"url\":\"https:\/\/revistavitrineibiuna.com.br\/?p=26934\",\"name\":\"AH, ESSE P\\u00d4R DE SOL DO OUTONO! UM ESPET\\u00c1CULO IMPERD\\u00cdVEL!\"}}]},{\"@type\":\"Article\",\"@id\":\"https:\/\/revistavitrineibiuna.com.br\/?p=26934#article\",\"isPartOf\":{\"@id\":\"https:\/\/revistavitrineibiuna.com.br\/?p=26934#webpage\"},\"author\":{\"@id\":\"https:\/\/revistavitrineibiuna.com.br\/#\/schema\/person\/e51ef49d6d88170ea21ceabff3f73deb\"},\"headline\":\"AH, ESSE P\\u00d4R DE SOL DO OUTONO! UM ESPET\\u00c1CULO IMPERD\\u00cdVEL!\",\"datePublished\":\"2022-04-23T23:36:24+00:00\",\"dateModified\":\"2022-04-23T23:50:45+00:00\",\"mainEntityOfPage\":{\"@id\":\"https:\/\/revistavitrineibiuna.com.br\/?p=26934#webpage\"},\"commentCount\":0,\"publisher\":{\"@id\":\"https:\/\/revistavitrineibiuna.com.br\/#\/schema\/person\/e51ef49d6d88170ea21ceabff3f73deb\"},\"image\":{\"@id\":\"https:\/\/revistavitrineibiuna.com.br\/?p=26934#primaryimage\"},\"articleSection\":\"Not\\u00edcias\",\"inLanguage\":\"pt-BR\",\"potentialAction\":[{\"@type\":\"CommentAction\",\"name\":\"Comment\",\"target\":[\"https:\/\/revistavitrineibiuna.com.br\/?p=26934#respond\"]}]},{\"@type\":[\"Person\",\"Organization\"],\"@id\":\"https:\/\/revistavitrineibiuna.com.br\/#\/schema\/person\/e51ef49d6d88170ea21ceabff3f73deb\",\"name\":\"Carlos Rossini\",\"image\":{\"@type\":\"ImageObject\",\"@id\":\"https:\/\/revistavitrineibiuna.com.br\/#personlogo\",\"inLanguage\":\"pt-BR\",\"url\":\"https:\/\/secure.gravatar.com\/avatar\/4f2d0f99fac1f85c7d643f21f5c8d900?s=96&d=mm&r=g\",\"caption\":\"Carlos Rossini\"},\"logo\":{\"@id\":\"https:\/\/revistavitrineibiuna.com.br\/#personlogo\"},\"description\":\"Carlos Rossini \\u00e9 jornalista, soci\\u00f3logo, escritor e professor universit\\u00e1rio, tendo sido professor de jornalismo por vinte anos. Trabalhou em ve\\u00edculos de comunica\\u00e7\\u00e3o nas fun\\u00e7\\u00f5es de rep\\u00f3rter, redator, editor, articulista e colaborador, como Folha de S. Paulo, O Estado de S. Paulo, Di\\u00e1rio Popular, entre outros. Ao transferir a revista vitrine, vers\\u00e3o imprensa, de S\\u00e3o Paulo para Ibi\\u00fana h\\u00e1 alguns anos, iniciou uma nova experi\\u00eancia profissional, dedicando-se ao jornalismo regional, depois de cumprir uma trajet\\u00f3ria bem-sucedida na grande imprensa brasileira. Seu primeiro livro A Coragem de Comunicar foi lan\\u00e7ado na Bienal do Livro em S\\u00e3o Paulo no ano 2000, pela editora Madras.\"}]}<\/script>\n<!-- \/ Yoast SEO plugin. -->","_links":{"self":[{"href":"https:\/\/revistavitrineibiuna.com.br\/index.php?rest_route=\/wp\/v2\/posts\/26934"}],"collection":[{"href":"https:\/\/revistavitrineibiuna.com.br\/index.php?rest_route=\/wp\/v2\/posts"}],"about":[{"href":"https:\/\/revistavitrineibiuna.com.br\/index.php?rest_route=\/wp\/v2\/types\/post"}],"author":[{"embeddable":true,"href":"https:\/\/revistavitrineibiuna.com.br\/index.php?rest_route=\/wp\/v2\/users\/1"}],"replies":[{"embeddable":true,"href":"https:\/\/revistavitrineibiuna.com.br\/index.php?rest_route=%2Fwp%2Fv2%2Fcomments&post=26934"}],"version-history":[{"count":4,"href":"https:\/\/revistavitrineibiuna.com.br\/index.php?rest_route=\/wp\/v2\/posts\/26934\/revisions"}],"predecessor-version":[{"id":26939,"href":"https:\/\/revistavitrineibiuna.com.br\/index.php?rest_route=\/wp\/v2\/posts\/26934\/revisions\/26939"}],"wp:featuredmedia":[{"embeddable":true,"href":"https:\/\/revistavitrineibiuna.com.br\/index.php?rest_route=\/wp\/v2\/media\/26935"}],"wp:attachment":[{"href":"https:\/\/revistavitrineibiuna.com.br\/index.php?rest_route=%2Fwp%2Fv2%2Fmedia&parent=26934"}],"wp:term":[{"taxonomy":"category","embeddable":true,"href":"https:\/\/revistavitrineibiuna.com.br\/index.php?rest_route=%2Fwp%2Fv2%2Fcategories&post=26934"},{"taxonomy":"post_tag","embeddable":true,"href":"https:\/\/revistavitrineibiuna.com.br\/index.php?rest_route=%2Fwp%2Fv2%2Ftags&post=26934"}],"curies":[{"name":"wp","href":"https:\/\/api.w.org\/{rel}","templated":true}]}}