{"id":26944,"date":"2022-04-26T10:03:58","date_gmt":"2022-04-26T13:03:58","guid":{"rendered":"http:\/\/revistavitrineibiuna.com.br\/?p=26944"},"modified":"2022-04-26T10:17:26","modified_gmt":"2022-04-26T13:17:26","slug":"ibiuna-cdhu-santa-lucia-reclama-do-mau-cheiro-de-corregos-e-do-rio-una","status":"publish","type":"post","link":"https:\/\/revistavitrineibiuna.com.br\/?p=26944","title":{"rendered":"IBI\u00daNA \u2013 CDHU SANTA L\u00daCIA RECLAMA DO MAU CHEIRO DE C\u00d3RREGOS E DO RIO UNA"},"content":{"rendered":"\n<p class=\"has-drop-cap\"><strong>O Rio Una, um dos tr\u00eas rios formadores do Rio Sorocaba que des\u00e1gua na Represa Itupararanga, passa nos fundos do CDHU Santa L\u00facia, um bairro com trezentas casas localizado na margem da Rodovia Bunjiro Nakao, bem pr\u00f3ximo da regi\u00e3o central da cidade de Ibi\u00fana.<\/strong><\/p>\n\n\n\n<p><strong>Exatamente pelo mau cheiro exalado por suas \u00e1guas devido \u00e0 polui\u00e7\u00e3o por esgoto sem tratamento, seus moradores chamaram vitrine online para verificar in loco a situa\u00e7\u00e3o.<\/strong><\/p>\n\n\n\n<p><strong>Pelo menos dois c\u00f3rregos cobertos pelo mato descarregam suas \u00e1guas polu\u00eddas no rio que j\u00e1 chega ali carregado de esgoto<\/strong> dos bairros que corta em sua trajet\u00f3ria.<\/p>\n\n\n\n<p><strong>Os moradores pedem medidas concretas por parte da Sabesp, a fim de que a situa\u00e7\u00e3o seja resolvida. Andando pela mata, onde se observa montes de lixo, encontra-se uma esta\u00e7\u00e3o de tratamento desativada em ru\u00ednas.<\/strong><\/p>\n\n\n\n<p><strong>O Rio Una, um dos tr\u00eas rios formadores do Rio Sorocaba que des\u00e1gua na Represa Itupararanga, passa nos fundos do CDHU Santa L\u00facia, um bairro com trezentas casas localizado na margem da Rodovia Bunjiro Nakao, bem pr\u00f3ximo da regi\u00e3o central da cidade de Ibi\u00fana.<\/strong><\/p>\n\n\n\n<p><strong>Exatamente pelo mau cheiro exalado por suas \u00e1guas devido \u00e0 polui\u00e7\u00e3o por esgoto sem tratamento, seus moradores chamaram vitrine online para verificar in loco a situa\u00e7\u00e3o.<\/strong><\/p>\n\n\n\n<p><strong>Pelo menos dois c\u00f3rregos cobertos pelo mato descarregam suas \u00e1guas imundas no rio que j\u00e1 chega ali carregado de esgoto.<\/strong><\/p>\n\n\n\n<p><strong>Os moradores pedem medidas concretas por parte da Sabesp, a fim de que a situa\u00e7\u00e3o seja resolvida. Andando pela mata, onde se observa montes de lixo, encontra-se uma esta\u00e7\u00e3o de tratamento desativada em ru\u00ednas.<\/strong><\/p>\n\n\n\n<p><strong>Um grande tubo da esta\u00e7\u00e3o est\u00e1 cheio de lixo, bem pr\u00f3xima existe a rede coletora. Basta olhar no fundo para ver escorrer cont\u00ednuo de esgoto para o Rio Una que des\u00e1gua no Rio Sorocaba e este na Represa Itupararanga, que abastece 85% da popula\u00e7\u00e3o de Sorocaba.<\/strong><\/p>\n\n\n\n<p><strong>Vitrine online entrou em contato com a Sabesp em Ibi\u00fana que informou que seria feita uma verifica\u00e7\u00e3o na rede para detectar poss\u00edveis entupimentos.<\/strong><\/p>\n\n\n\n<figure class=\"wp-block-image size-large\"><img loading=\"lazy\" width=\"477\" height=\"481\" src=\"http:\/\/revistavitrineibiuna.com.br\/wp-content\/uploads\/2022\/04\/santa-lucia-2.jpg\" alt=\"\" class=\"wp-image-26949\" srcset=\"https:\/\/revistavitrineibiuna.com.br\/wp-content\/uploads\/2022\/04\/santa-lucia-2.jpg 477w, https:\/\/revistavitrineibiuna.com.br\/wp-content\/uploads\/2022\/04\/santa-lucia-2-298x300.jpg 298w, https:\/\/revistavitrineibiuna.com.br\/wp-content\/uploads\/2022\/04\/santa-lucia-2-150x150.jpg 150w, https:\/\/revistavitrineibiuna.com.br\/wp-content\/uploads\/2022\/04\/santa-lucia-2-65x65.jpg 65w\" sizes=\"(max-width: 477px) 100vw, 477px\" \/><figcaption>Esse tubo faz parte das ru\u00ednas da antiga esta\u00e7\u00e3o da Sabesp<\/figcaption><\/figure>\n\n\n\n<p><strong>OUTROS PROBLEMAS<\/strong><\/p>\n\n\n\n<p><strong>Quem anda pelas ruas do CDHU Santa L\u00facia verifica claramente a exist\u00eancia de um grande n\u00famero de bueiros sem tampa, quebrados, que preocupa a popula\u00e7\u00e3o, sobretudo em rela\u00e7\u00e3o aos riscos de queda dentro de um desses bueiros.<\/strong><\/p>\n\n\n\n<p><strong>\u201cNos sentimos abandonados pelas autoridades municipais\u201d, declara um morador que pediu para n\u00e3o ser identificado.<\/strong><\/p>\n\n\n\n<figure class=\"wp-block-image size-large\"><img loading=\"lazy\" width=\"740\" height=\"416\" src=\"http:\/\/revistavitrineibiuna.com.br\/wp-content\/uploads\/2022\/04\/santa-lucia-3.jpg\" alt=\"\" class=\"wp-image-26951\" srcset=\"https:\/\/revistavitrineibiuna.com.br\/wp-content\/uploads\/2022\/04\/santa-lucia-3.jpg 740w, https:\/\/revistavitrineibiuna.com.br\/wp-content\/uploads\/2022\/04\/santa-lucia-3-300x169.jpg 300w\" sizes=\"(max-width: 740px) 100vw, 740px\" \/><\/figure>\n\n\n\n<p><strong>Ele faz quest\u00e3o de mostrar uma constru\u00e7\u00e3o, igualmente em ru\u00ednas e abandonada, onde funcionou o N\u00facleo de Ensino CDHU. Devido ao mato \u00e0s vezes aparecem cobras na rua.<\/strong><\/p>\n\n\n\n<p><strong>VEREADORES<\/strong><\/p>\n\n\n\n<figure class=\"wp-block-image size-large\"><img loading=\"lazy\" width=\"740\" height=\"416\" src=\"http:\/\/revistavitrineibiuna.com.br\/wp-content\/uploads\/2022\/04\/santa-lucia-4.jpg\" alt=\"\" class=\"wp-image-26954\" srcset=\"https:\/\/revistavitrineibiuna.com.br\/wp-content\/uploads\/2022\/04\/santa-lucia-4.jpg 740w, https:\/\/revistavitrineibiuna.com.br\/wp-content\/uploads\/2022\/04\/santa-lucia-4-300x169.jpg 300w\" sizes=\"(max-width: 740px) 100vw, 740px\" \/><figcaption>Antiga escola do bairro est\u00e1 abandonada h\u00e1 anos; cobras aparecem no mato e na rua<\/figcaption><\/figure>\n\n\n\n<p><strong>Os moradores estranham o fato de no bairro morar um vereador e outro ter propriedade ali e n\u00e3o verem eles tomarem provid\u00eancias junto \u00e0s autoridades municipais para que sejam realizadas as melhorias necess\u00e1rias.<\/strong><\/p>\n\n\n\n<p><strong>\u201cVoc\u00ea sabe, n\u00e9, a Prefeitura ouve mais os vereadores do que a popula\u00e7\u00e3o por causa do interesse de apoio pol\u00edtico. Por isso, a gente gostaria que eles tomassem a frente de nossa causa, incluindo medidas de seguran\u00e7a na entrada do CDHU que fica numa curva perigosa da Rodovia Bunjiro Nakao, onde acontecem muitos acidentes\u201d, disse outro morador.<\/strong><\/p>\n","protected":false},"excerpt":{"rendered":"<p>O Rio Una, um dos tr\u00eas rios formadores do Rio Sorocaba que des\u00e1gua na Represa Itupararanga, passa nos fundos do<\/p>\n","protected":false},"author":1,"featured_media":26945,"comment_status":"open","ping_status":"open","sticky":false,"template":"","format":"standard","meta":[],"categories":[3],"tags":[],"yoast_head":"<!-- This site is optimized with the Yoast SEO plugin v15.8 - https:\/\/yoast.com\/wordpress\/plugins\/seo\/ -->\n<title>IBI\u00daNA \u2013 CDHU SANTA L\u00daCIA RECLAMA DO MAU CHEIRO DE C\u00d3RREGOS E DO RIO UNA - Revista Vitrine Online<\/title>\n<meta name=\"robots\" content=\"index, follow, max-snippet:-1, max-image-preview:large, max-video-preview:-1\" \/>\n<link rel=\"canonical\" href=\"https:\/\/revistavitrineibiuna.com.br\/?p=26944\" \/>\n<meta property=\"og:locale\" content=\"pt_BR\" \/>\n<meta property=\"og:type\" content=\"article\" \/>\n<meta property=\"og:title\" content=\"IBI\u00daNA \u2013 CDHU SANTA L\u00daCIA RECLAMA DO MAU CHEIRO DE C\u00d3RREGOS E DO RIO UNA - Revista Vitrine Online\" \/>\n<meta property=\"og:description\" content=\"O Rio Una, um dos tr\u00eas rios formadores do Rio Sorocaba que des\u00e1gua na Represa Itupararanga, passa nos fundos do\" \/>\n<meta property=\"og:url\" content=\"https:\/\/revistavitrineibiuna.com.br\/?p=26944\" \/>\n<meta property=\"og:site_name\" content=\"Revista Vitrine Online\" \/>\n<meta property=\"article:published_time\" content=\"2022-04-26T13:03:58+00:00\" \/>\n<meta property=\"article:modified_time\" content=\"2022-04-26T13:17:26+00:00\" \/>\n<meta property=\"og:image\" content=\"https:\/\/revistavitrineibiuna.com.br\/wp-content\/uploads\/2022\/04\/Santa-Lucia-1.jpg\" \/>\n\t<meta property=\"og:image:width\" content=\"750\" \/>\n\t<meta property=\"og:image:height\" content=\"421\" \/>\n<meta name=\"twitter:card\" content=\"summary\" \/>\n<meta name=\"twitter:label1\" content=\"Est. reading time\">\n\t<meta name=\"twitter:data1\" content=\"3 minutos\">\n<script type=\"application\/ld+json\" class=\"yoast-schema-graph\">{\"@context\":\"https:\/\/schema.org\",\"@graph\":[{\"@type\":\"WebSite\",\"@id\":\"https:\/\/revistavitrineibiuna.com.br\/#website\",\"url\":\"https:\/\/revistavitrineibiuna.com.br\/\",\"name\":\"Revista Vitrine Ibi\\u00fana\",\"description\":\"A Revista de Ibi\\u00fana e Regi\\u00e3o\",\"publisher\":{\"@id\":\"https:\/\/revistavitrineibiuna.com.br\/#\/schema\/person\/e51ef49d6d88170ea21ceabff3f73deb\"},\"potentialAction\":[{\"@type\":\"SearchAction\",\"target\":\"https:\/\/revistavitrineibiuna.com.br\/?s={search_term_string}\",\"query-input\":\"required name=search_term_string\"}],\"inLanguage\":\"pt-BR\"},{\"@type\":\"ImageObject\",\"@id\":\"https:\/\/revistavitrineibiuna.com.br\/?p=26944#primaryimage\",\"inLanguage\":\"pt-BR\",\"url\":\"https:\/\/revistavitrineibiuna.com.br\/wp-content\/uploads\/2022\/04\/Santa-Lucia-1.jpg\",\"width\":750,\"height\":421},{\"@type\":\"WebPage\",\"@id\":\"https:\/\/revistavitrineibiuna.com.br\/?p=26944#webpage\",\"url\":\"https:\/\/revistavitrineibiuna.com.br\/?p=26944\",\"name\":\"IBI\\u00daNA \\u2013 CDHU SANTA L\\u00daCIA RECLAMA DO MAU CHEIRO DE C\\u00d3RREGOS E DO RIO UNA - Revista Vitrine Online\",\"isPartOf\":{\"@id\":\"https:\/\/revistavitrineibiuna.com.br\/#website\"},\"primaryImageOfPage\":{\"@id\":\"https:\/\/revistavitrineibiuna.com.br\/?p=26944#primaryimage\"},\"datePublished\":\"2022-04-26T13:03:58+00:00\",\"dateModified\":\"2022-04-26T13:17:26+00:00\",\"breadcrumb\":{\"@id\":\"https:\/\/revistavitrineibiuna.com.br\/?p=26944#breadcrumb\"},\"inLanguage\":\"pt-BR\",\"potentialAction\":[{\"@type\":\"ReadAction\",\"target\":[\"https:\/\/revistavitrineibiuna.com.br\/?p=26944\"]}]},{\"@type\":\"BreadcrumbList\",\"@id\":\"https:\/\/revistavitrineibiuna.com.br\/?p=26944#breadcrumb\",\"itemListElement\":[{\"@type\":\"ListItem\",\"position\":1,\"item\":{\"@type\":\"WebPage\",\"@id\":\"https:\/\/revistavitrineibiuna.com.br\/\",\"url\":\"https:\/\/revistavitrineibiuna.com.br\/\",\"name\":\"In\\u00edcio\"}},{\"@type\":\"ListItem\",\"position\":2,\"item\":{\"@type\":\"WebPage\",\"@id\":\"https:\/\/revistavitrineibiuna.com.br\/?p=26944\",\"url\":\"https:\/\/revistavitrineibiuna.com.br\/?p=26944\",\"name\":\"IBI\\u00daNA \\u2013 CDHU SANTA L\\u00daCIA RECLAMA DO MAU CHEIRO DE C\\u00d3RREGOS E DO RIO UNA\"}}]},{\"@type\":\"Article\",\"@id\":\"https:\/\/revistavitrineibiuna.com.br\/?p=26944#article\",\"isPartOf\":{\"@id\":\"https:\/\/revistavitrineibiuna.com.br\/?p=26944#webpage\"},\"author\":{\"@id\":\"https:\/\/revistavitrineibiuna.com.br\/#\/schema\/person\/e51ef49d6d88170ea21ceabff3f73deb\"},\"headline\":\"IBI\\u00daNA \\u2013 CDHU SANTA L\\u00daCIA RECLAMA DO MAU CHEIRO DE C\\u00d3RREGOS E DO RIO UNA\",\"datePublished\":\"2022-04-26T13:03:58+00:00\",\"dateModified\":\"2022-04-26T13:17:26+00:00\",\"mainEntityOfPage\":{\"@id\":\"https:\/\/revistavitrineibiuna.com.br\/?p=26944#webpage\"},\"commentCount\":0,\"publisher\":{\"@id\":\"https:\/\/revistavitrineibiuna.com.br\/#\/schema\/person\/e51ef49d6d88170ea21ceabff3f73deb\"},\"image\":{\"@id\":\"https:\/\/revistavitrineibiuna.com.br\/?p=26944#primaryimage\"},\"articleSection\":\"Not\\u00edcias\",\"inLanguage\":\"pt-BR\",\"potentialAction\":[{\"@type\":\"CommentAction\",\"name\":\"Comment\",\"target\":[\"https:\/\/revistavitrineibiuna.com.br\/?p=26944#respond\"]}]},{\"@type\":[\"Person\",\"Organization\"],\"@id\":\"https:\/\/revistavitrineibiuna.com.br\/#\/schema\/person\/e51ef49d6d88170ea21ceabff3f73deb\",\"name\":\"Carlos Rossini\",\"image\":{\"@type\":\"ImageObject\",\"@id\":\"https:\/\/revistavitrineibiuna.com.br\/#personlogo\",\"inLanguage\":\"pt-BR\",\"url\":\"https:\/\/secure.gravatar.com\/avatar\/4f2d0f99fac1f85c7d643f21f5c8d900?s=96&d=mm&r=g\",\"caption\":\"Carlos Rossini\"},\"logo\":{\"@id\":\"https:\/\/revistavitrineibiuna.com.br\/#personlogo\"},\"description\":\"Carlos Rossini \\u00e9 jornalista, soci\\u00f3logo, escritor e professor universit\\u00e1rio, tendo sido professor de jornalismo por vinte anos. Trabalhou em ve\\u00edculos de comunica\\u00e7\\u00e3o nas fun\\u00e7\\u00f5es de rep\\u00f3rter, redator, editor, articulista e colaborador, como Folha de S. Paulo, O Estado de S. Paulo, Di\\u00e1rio Popular, entre outros. Ao transferir a revista vitrine, vers\\u00e3o imprensa, de S\\u00e3o Paulo para Ibi\\u00fana h\\u00e1 alguns anos, iniciou uma nova experi\\u00eancia profissional, dedicando-se ao jornalismo regional, depois de cumprir uma trajet\\u00f3ria bem-sucedida na grande imprensa brasileira. Seu primeiro livro A Coragem de Comunicar foi lan\\u00e7ado na Bienal do Livro em S\\u00e3o Paulo no ano 2000, pela editora Madras.\"}]}<\/script>\n<!-- \/ Yoast SEO plugin. -->","_links":{"self":[{"href":"https:\/\/revistavitrineibiuna.com.br\/index.php?rest_route=\/wp\/v2\/posts\/26944"}],"collection":[{"href":"https:\/\/revistavitrineibiuna.com.br\/index.php?rest_route=\/wp\/v2\/posts"}],"about":[{"href":"https:\/\/revistavitrineibiuna.com.br\/index.php?rest_route=\/wp\/v2\/types\/post"}],"author":[{"embeddable":true,"href":"https:\/\/revistavitrineibiuna.com.br\/index.php?rest_route=\/wp\/v2\/users\/1"}],"replies":[{"embeddable":true,"href":"https:\/\/revistavitrineibiuna.com.br\/index.php?rest_route=%2Fwp%2Fv2%2Fcomments&post=26944"}],"version-history":[{"count":5,"href":"https:\/\/revistavitrineibiuna.com.br\/index.php?rest_route=\/wp\/v2\/posts\/26944\/revisions"}],"predecessor-version":[{"id":26955,"href":"https:\/\/revistavitrineibiuna.com.br\/index.php?rest_route=\/wp\/v2\/posts\/26944\/revisions\/26955"}],"wp:featuredmedia":[{"embeddable":true,"href":"https:\/\/revistavitrineibiuna.com.br\/index.php?rest_route=\/wp\/v2\/media\/26945"}],"wp:attachment":[{"href":"https:\/\/revistavitrineibiuna.com.br\/index.php?rest_route=%2Fwp%2Fv2%2Fmedia&parent=26944"}],"wp:term":[{"taxonomy":"category","embeddable":true,"href":"https:\/\/revistavitrineibiuna.com.br\/index.php?rest_route=%2Fwp%2Fv2%2Fcategories&post=26944"},{"taxonomy":"post_tag","embeddable":true,"href":"https:\/\/revistavitrineibiuna.com.br\/index.php?rest_route=%2Fwp%2Fv2%2Ftags&post=26944"}],"curies":[{"name":"wp","href":"https:\/\/api.w.org\/{rel}","templated":true}]}}