{"id":26956,"date":"2022-04-28T17:11:27","date_gmt":"2022-04-28T20:11:27","guid":{"rendered":"http:\/\/revistavitrineibiuna.com.br\/?p=26956"},"modified":"2022-04-28T17:42:17","modified_gmt":"2022-04-28T20:42:17","slug":"vergonha-pista-de-caminhada-e-ciclovia-de-ibiuna-continua-inacabada-apos-11-anos","status":"publish","type":"post","link":"https:\/\/revistavitrineibiuna.com.br\/?p=26956","title":{"rendered":"VERGONHA \u2013 PISTA DE CAMINHADA E CICLOVIA DE IBI\u00daNA CONTINUA INACABADA AP\u00d3S 11 ANOS"},"content":{"rendered":"\n<p class=\"has-drop-cap\">I<strong>niciada em 2011 e tr\u00eas gest\u00f5es depois, a pista de caminhada e ciclovia de Ibi\u00fana continua inacabada e \u00e9 uma vergonhosa demonstra\u00e7\u00e3o de in\u00e9pcia em uma obra destinada a promover a sa\u00fade da popula\u00e7\u00e3o por meio da pr\u00e1tica de exerc\u00edcios.<\/strong><\/p>\n\n\n\n<p><strong>Mesmo tendo consumido algo em torno de R$ 5 milh\u00f5es destinados em v\u00e1rias etapas pelo Governo Estadual por meio <\/strong><strong>do Departamento de Apoio ao Desenvolvimento dos Munic\u00edpios Tur\u00edsticos (Dadetur), da Secretaria de Turismo do Estado de S\u00e3o Paulo, o que se v\u00ea hoje \u00e9 decepcionante.<\/strong><\/p>\n\n\n\n<p><strong>Hoje (28) vitrine online fez uma caminhada num trecho da ciclovia, ouviu alguns caminhantes que n\u00e3o quiseram gravar entrevista mas demonstraram grande descontentamento com o estado em que se encontra o que poderia ser um marco de uma grande obra que acabou sendo abandonada, ao contr\u00e1rio do que se v\u00ea em outras cidades.<\/strong><\/p>\n\n\n\n<p><strong>Em um grande trecho, talvez de um quil\u00f4metro, o que se v\u00ea \u00e9 uma pista de caminhada feita de cimento com buracos, coc\u00f4 de cavalo e de cachorro. Na pista em paralelo nessa mesma extens\u00e3o nada foi feito. Ela se encontra coberta de mato, peda\u00e7os de tubos e res\u00edduos.<\/strong><\/p>\n\n\n\n<figure class=\"wp-block-image size-large\"><img loading=\"lazy\" width=\"750\" height=\"421\" src=\"http:\/\/revistavitrineibiuna.com.br\/wp-content\/uploads\/2022\/04\/ciclovia-2.jpg\" alt=\"\" class=\"wp-image-26960\" srcset=\"https:\/\/revistavitrineibiuna.com.br\/wp-content\/uploads\/2022\/04\/ciclovia-2.jpg 750w, https:\/\/revistavitrineibiuna.com.br\/wp-content\/uploads\/2022\/04\/ciclovia-2-300x168.jpg 300w\" sizes=\"(max-width: 750px) 100vw, 750px\" \/><figcaption>A parte cimentada da pista se encontra com buracos<\/figcaption><\/figure>\n\n\n\n<figure class=\"wp-block-image size-large\"><img loading=\"lazy\" width=\"750\" height=\"421\" src=\"http:\/\/revistavitrineibiuna.com.br\/wp-content\/uploads\/2022\/04\/ciclovia-3.jpg\" alt=\"\" class=\"wp-image-26962\" srcset=\"https:\/\/revistavitrineibiuna.com.br\/wp-content\/uploads\/2022\/04\/ciclovia-3.jpg 750w, https:\/\/revistavitrineibiuna.com.br\/wp-content\/uploads\/2022\/04\/ciclovia-3-300x168.jpg 300w\" sizes=\"(max-width: 750px) 100vw, 750px\" \/><figcaption>Os sinais do abandono s\u00e3o \u00f3bvios e ululantes<\/figcaption><\/figure>\n\n\n\n<p><strong>Em frente a um posto de combust\u00edvel a poucos passos da ciclovia inacabada h\u00e1 dois buracos abertos com cerca de 1,5 m de profundidade e lixo no fundo, perigo para os que caminham por ali.<\/strong><\/p>\n\n\n\n<figure class=\"wp-block-image size-large\"><img loading=\"lazy\" width=\"750\" height=\"421\" src=\"http:\/\/revistavitrineibiuna.com.br\/wp-content\/uploads\/2022\/04\/ciclovia-4.jpg\" alt=\"\" class=\"wp-image-26966\" srcset=\"https:\/\/revistavitrineibiuna.com.br\/wp-content\/uploads\/2022\/04\/ciclovia-4.jpg 750w, https:\/\/revistavitrineibiuna.com.br\/wp-content\/uploads\/2022\/04\/ciclovia-4-300x168.jpg 300w\" sizes=\"(max-width: 750px) 100vw, 750px\" \/><figcaption>Ao lado da pista de caminhada {em frente a um posto de combust\u00edvel, h\u00e1 dois buracos com 1,5 m de profundidade: perigo<\/figcaption><\/figure>\n\n\n\n<p><strong>ESCURID\u00c3O<\/strong><\/p>\n\n\n\n<p><strong>Dezenas e dezenas de l\u00e2mpadas encontram-se apagadas, o que faz com que as pessoas j\u00e1 n\u00e3o caminhem mais ali ap\u00f3s escurecer. \u00c9 puro breu e lugar inseguro.<\/strong><\/p>\n\n\n\n<p><strong>Uma mulher que preferiu n\u00e3o aparecer disse a vitrine online que quase foi atropelada por uma bicicleta que, por evitar a pista inacabada, seguiu na pista cimentada.<\/strong><\/p>\n\n\n\n<p><strong>Outras pessoas consideraram \u201cuma vergonha\u201d a situa\u00e7\u00e3o daquela obra e disseram que por quest\u00e3o de sa\u00fade e orienta\u00e7\u00e3o m\u00e9dica precisam caminhar e que usam o que \u201cali est\u00e1\u201d por falta de alternativa.<\/strong><\/p>\n\n\n\n<p><strong>Uma senhora que tamb\u00e9m preferiu o anonimato declarou que essa situa\u00e7\u00e3o \u201c\u00e9 muito ruim\u201d e que \u201cisso n\u00e3o se v\u00ea em outras cidades que procuram oferecer as melhores condi\u00e7\u00f5es para seus cidad\u00e3os praticarem uma atividade ao ar livre, fundamental para a preserva\u00e7\u00e3o da sa\u00fade\u201d.<\/strong><\/p>\n\n\n\n<p><strong>Ao longo de sua constru\u00e7\u00e3o at\u00e9 hoje a obra inconclusa sofreu paralisa\u00e7\u00f5es por falta de pagamento \u00e0 empresa construtora, a libera\u00e7\u00e3o de verbas foi interrompida. Houve tentativas de se obterem em v\u00e3o novos recursos para se efetivar sua conclus\u00e3o e o que restou, no fim, foi a verifica\u00e7\u00e3o da p\u00e9ssima qualidade dos servi\u00e7os realizados. (C.R.)<\/strong><\/p>\n\n\n\n<figure class=\"wp-block-image size-large\"><img loading=\"lazy\" width=\"750\" height=\"421\" src=\"http:\/\/revistavitrineibiuna.com.br\/wp-content\/uploads\/2022\/04\/ciclovia-5.jpg\" alt=\"\" class=\"wp-image-26968\" srcset=\"https:\/\/revistavitrineibiuna.com.br\/wp-content\/uploads\/2022\/04\/ciclovia-5.jpg 750w, https:\/\/revistavitrineibiuna.com.br\/wp-content\/uploads\/2022\/04\/ciclovia-5-300x168.jpg 300w\" sizes=\"(max-width: 750px) 100vw, 750px\" \/><figcaption>Al\u00e9m dos problemas apontados, os caminhantes reclamaram do coc\u00f4 de cavalos e de cachorros na pista<\/figcaption><\/figure>\n","protected":false},"excerpt":{"rendered":"<p>Iniciada em 2011 e tr\u00eas gest\u00f5es depois, a pista de caminhada e ciclovia de Ibi\u00fana continua inacabada e \u00e9 uma<\/p>\n","protected":false},"author":1,"featured_media":26957,"comment_status":"open","ping_status":"open","sticky":false,"template":"","format":"standard","meta":[],"categories":[3],"tags":[],"yoast_head":"<!-- This site is optimized with the Yoast SEO plugin v15.8 - https:\/\/yoast.com\/wordpress\/plugins\/seo\/ -->\n<title>VERGONHA \u2013 PISTA DE CAMINHADA E CICLOVIA DE IBI\u00daNA CONTINUA INACABADA AP\u00d3S 11 ANOS - Revista Vitrine Online<\/title>\n<meta name=\"robots\" content=\"index, follow, max-snippet:-1, max-image-preview:large, max-video-preview:-1\" \/>\n<link rel=\"canonical\" href=\"https:\/\/revistavitrineibiuna.com.br\/?p=26956\" \/>\n<meta property=\"og:locale\" content=\"pt_BR\" \/>\n<meta property=\"og:type\" content=\"article\" \/>\n<meta property=\"og:title\" content=\"VERGONHA \u2013 PISTA DE CAMINHADA E CICLOVIA DE IBI\u00daNA CONTINUA INACABADA AP\u00d3S 11 ANOS - Revista Vitrine Online\" \/>\n<meta property=\"og:description\" content=\"Iniciada em 2011 e tr\u00eas gest\u00f5es depois, a pista de caminhada e ciclovia de Ibi\u00fana continua inacabada e \u00e9 uma\" \/>\n<meta property=\"og:url\" content=\"https:\/\/revistavitrineibiuna.com.br\/?p=26956\" \/>\n<meta property=\"og:site_name\" content=\"Revista Vitrine Online\" \/>\n<meta property=\"article:published_time\" content=\"2022-04-28T20:11:27+00:00\" \/>\n<meta property=\"article:modified_time\" content=\"2022-04-28T20:42:17+00:00\" \/>\n<meta property=\"og:image\" content=\"https:\/\/revistavitrineibiuna.com.br\/wp-content\/uploads\/2022\/04\/ciclovia-1.jpg\" \/>\n\t<meta property=\"og:image:width\" content=\"750\" \/>\n\t<meta property=\"og:image:height\" content=\"421\" \/>\n<meta name=\"twitter:card\" content=\"summary\" \/>\n<meta name=\"twitter:label1\" content=\"Est. reading time\">\n\t<meta name=\"twitter:data1\" content=\"3 minutos\">\n<script type=\"application\/ld+json\" class=\"yoast-schema-graph\">{\"@context\":\"https:\/\/schema.org\",\"@graph\":[{\"@type\":\"WebSite\",\"@id\":\"https:\/\/revistavitrineibiuna.com.br\/#website\",\"url\":\"https:\/\/revistavitrineibiuna.com.br\/\",\"name\":\"Revista Vitrine Ibi\\u00fana\",\"description\":\"A Revista de Ibi\\u00fana e Regi\\u00e3o\",\"publisher\":{\"@id\":\"https:\/\/revistavitrineibiuna.com.br\/#\/schema\/person\/e51ef49d6d88170ea21ceabff3f73deb\"},\"potentialAction\":[{\"@type\":\"SearchAction\",\"target\":\"https:\/\/revistavitrineibiuna.com.br\/?s={search_term_string}\",\"query-input\":\"required name=search_term_string\"}],\"inLanguage\":\"pt-BR\"},{\"@type\":\"ImageObject\",\"@id\":\"https:\/\/revistavitrineibiuna.com.br\/?p=26956#primaryimage\",\"inLanguage\":\"pt-BR\",\"url\":\"https:\/\/revistavitrineibiuna.com.br\/wp-content\/uploads\/2022\/04\/ciclovia-1.jpg\",\"width\":750,\"height\":421},{\"@type\":\"WebPage\",\"@id\":\"https:\/\/revistavitrineibiuna.com.br\/?p=26956#webpage\",\"url\":\"https:\/\/revistavitrineibiuna.com.br\/?p=26956\",\"name\":\"VERGONHA \\u2013 PISTA DE CAMINHADA E CICLOVIA DE IBI\\u00daNA CONTINUA INACABADA AP\\u00d3S 11 ANOS - Revista Vitrine Online\",\"isPartOf\":{\"@id\":\"https:\/\/revistavitrineibiuna.com.br\/#website\"},\"primaryImageOfPage\":{\"@id\":\"https:\/\/revistavitrineibiuna.com.br\/?p=26956#primaryimage\"},\"datePublished\":\"2022-04-28T20:11:27+00:00\",\"dateModified\":\"2022-04-28T20:42:17+00:00\",\"breadcrumb\":{\"@id\":\"https:\/\/revistavitrineibiuna.com.br\/?p=26956#breadcrumb\"},\"inLanguage\":\"pt-BR\",\"potentialAction\":[{\"@type\":\"ReadAction\",\"target\":[\"https:\/\/revistavitrineibiuna.com.br\/?p=26956\"]}]},{\"@type\":\"BreadcrumbList\",\"@id\":\"https:\/\/revistavitrineibiuna.com.br\/?p=26956#breadcrumb\",\"itemListElement\":[{\"@type\":\"ListItem\",\"position\":1,\"item\":{\"@type\":\"WebPage\",\"@id\":\"https:\/\/revistavitrineibiuna.com.br\/\",\"url\":\"https:\/\/revistavitrineibiuna.com.br\/\",\"name\":\"In\\u00edcio\"}},{\"@type\":\"ListItem\",\"position\":2,\"item\":{\"@type\":\"WebPage\",\"@id\":\"https:\/\/revistavitrineibiuna.com.br\/?p=26956\",\"url\":\"https:\/\/revistavitrineibiuna.com.br\/?p=26956\",\"name\":\"VERGONHA \\u2013 PISTA DE CAMINHADA E CICLOVIA DE IBI\\u00daNA CONTINUA INACABADA AP\\u00d3S 11 ANOS\"}}]},{\"@type\":\"Article\",\"@id\":\"https:\/\/revistavitrineibiuna.com.br\/?p=26956#article\",\"isPartOf\":{\"@id\":\"https:\/\/revistavitrineibiuna.com.br\/?p=26956#webpage\"},\"author\":{\"@id\":\"https:\/\/revistavitrineibiuna.com.br\/#\/schema\/person\/e51ef49d6d88170ea21ceabff3f73deb\"},\"headline\":\"VERGONHA \\u2013 PISTA DE CAMINHADA E CICLOVIA DE IBI\\u00daNA CONTINUA INACABADA AP\\u00d3S 11 ANOS\",\"datePublished\":\"2022-04-28T20:11:27+00:00\",\"dateModified\":\"2022-04-28T20:42:17+00:00\",\"mainEntityOfPage\":{\"@id\":\"https:\/\/revistavitrineibiuna.com.br\/?p=26956#webpage\"},\"commentCount\":0,\"publisher\":{\"@id\":\"https:\/\/revistavitrineibiuna.com.br\/#\/schema\/person\/e51ef49d6d88170ea21ceabff3f73deb\"},\"image\":{\"@id\":\"https:\/\/revistavitrineibiuna.com.br\/?p=26956#primaryimage\"},\"articleSection\":\"Not\\u00edcias\",\"inLanguage\":\"pt-BR\",\"potentialAction\":[{\"@type\":\"CommentAction\",\"name\":\"Comment\",\"target\":[\"https:\/\/revistavitrineibiuna.com.br\/?p=26956#respond\"]}]},{\"@type\":[\"Person\",\"Organization\"],\"@id\":\"https:\/\/revistavitrineibiuna.com.br\/#\/schema\/person\/e51ef49d6d88170ea21ceabff3f73deb\",\"name\":\"Carlos Rossini\",\"image\":{\"@type\":\"ImageObject\",\"@id\":\"https:\/\/revistavitrineibiuna.com.br\/#personlogo\",\"inLanguage\":\"pt-BR\",\"url\":\"https:\/\/secure.gravatar.com\/avatar\/4f2d0f99fac1f85c7d643f21f5c8d900?s=96&d=mm&r=g\",\"caption\":\"Carlos Rossini\"},\"logo\":{\"@id\":\"https:\/\/revistavitrineibiuna.com.br\/#personlogo\"},\"description\":\"Carlos Rossini \\u00e9 jornalista, soci\\u00f3logo, escritor e professor universit\\u00e1rio, tendo sido professor de jornalismo por vinte anos. Trabalhou em ve\\u00edculos de comunica\\u00e7\\u00e3o nas fun\\u00e7\\u00f5es de rep\\u00f3rter, redator, editor, articulista e colaborador, como Folha de S. Paulo, O Estado de S. Paulo, Di\\u00e1rio Popular, entre outros. Ao transferir a revista vitrine, vers\\u00e3o imprensa, de S\\u00e3o Paulo para Ibi\\u00fana h\\u00e1 alguns anos, iniciou uma nova experi\\u00eancia profissional, dedicando-se ao jornalismo regional, depois de cumprir uma trajet\\u00f3ria bem-sucedida na grande imprensa brasileira. Seu primeiro livro A Coragem de Comunicar foi lan\\u00e7ado na Bienal do Livro em S\\u00e3o Paulo no ano 2000, pela editora Madras.\"}]}<\/script>\n<!-- \/ Yoast SEO plugin. -->","_links":{"self":[{"href":"https:\/\/revistavitrineibiuna.com.br\/index.php?rest_route=\/wp\/v2\/posts\/26956"}],"collection":[{"href":"https:\/\/revistavitrineibiuna.com.br\/index.php?rest_route=\/wp\/v2\/posts"}],"about":[{"href":"https:\/\/revistavitrineibiuna.com.br\/index.php?rest_route=\/wp\/v2\/types\/post"}],"author":[{"embeddable":true,"href":"https:\/\/revistavitrineibiuna.com.br\/index.php?rest_route=\/wp\/v2\/users\/1"}],"replies":[{"embeddable":true,"href":"https:\/\/revistavitrineibiuna.com.br\/index.php?rest_route=%2Fwp%2Fv2%2Fcomments&post=26956"}],"version-history":[{"count":10,"href":"https:\/\/revistavitrineibiuna.com.br\/index.php?rest_route=\/wp\/v2\/posts\/26956\/revisions"}],"predecessor-version":[{"id":26976,"href":"https:\/\/revistavitrineibiuna.com.br\/index.php?rest_route=\/wp\/v2\/posts\/26956\/revisions\/26976"}],"wp:featuredmedia":[{"embeddable":true,"href":"https:\/\/revistavitrineibiuna.com.br\/index.php?rest_route=\/wp\/v2\/media\/26957"}],"wp:attachment":[{"href":"https:\/\/revistavitrineibiuna.com.br\/index.php?rest_route=%2Fwp%2Fv2%2Fmedia&parent=26956"}],"wp:term":[{"taxonomy":"category","embeddable":true,"href":"https:\/\/revistavitrineibiuna.com.br\/index.php?rest_route=%2Fwp%2Fv2%2Fcategories&post=26956"},{"taxonomy":"post_tag","embeddable":true,"href":"https:\/\/revistavitrineibiuna.com.br\/index.php?rest_route=%2Fwp%2Fv2%2Ftags&post=26956"}],"curies":[{"name":"wp","href":"https:\/\/api.w.org\/{rel}","templated":true}]}}