{"id":30096,"date":"2023-11-26T18:05:49","date_gmt":"2023-11-26T21:05:49","guid":{"rendered":"http:\/\/revistavitrineibiuna.com.br\/?p=30096"},"modified":"2023-11-26T18:05:50","modified_gmt":"2023-11-26T21:05:50","slug":"mulheres-empreendedoras-de-ibiuna-estao-cada-vez-mais-unidas","status":"publish","type":"post","link":"https:\/\/revistavitrineibiuna.com.br\/?p=30096","title":{"rendered":"\u2018MULHERES EMPREENDEDORAS DE IBI\u00daNA EST\u00c3O CADA VEZ MAIS UNIDAS\u2019"},"content":{"rendered":"\n<p class=\"has-drop-cap\"><strong>Saiba como isso est\u00e1 acontecendo nesta quarta-feira, dia 29, ao vivo na TVUNA, \u00e0s 20h, com transmiss\u00e3o pelo Youtube, Facebook e Instagram. Se inscreva e participe diretamente atrav\u00e9s do chat: youtube.com\/@tv-una.<\/strong><\/p>\n\n\n\n<p><strong>A entrevistada ser\u00e1 Adriana Daghum, psic\u00f3loga de forma\u00e7\u00e3o, atendia em S\u00e3o Paulo. Na pandemia da covid-19 se mudou para Ibi\u00fana. Com o tempo resolveu empreender e, junto com seu namorado,se tornou propriet\u00e1ria de uma loja de semijoias em Piedade. Ela \u00e9 participante ass\u00eddua da Feira da Mulher Empreendedora de Ibi\u00fana.<\/strong><\/p>\n\n\n\n<p><strong>\u201cDepois de conhecer a Jully [Juliana Rodrigues Tavares que criou a Feira da Mulher Empreendedora de Ibi\u00fana] e as meninas da feira, decidi compartilhar meu conhecimento por meio de palestras e tamb\u00e9m em minha p\u00e1gina no Instagram.\u201d<\/strong><\/p>\n\n\n\n<p><strong>Adriana acredita que h\u00e1 um potencial no empreendedorismo de forma geral e, em se tratando de mulheres, est\u00e1 havendo uma uni\u00e3o de for\u00e7as de mulheres que \u201cs\u00e3o pequenas empreendedoras e est\u00e3o tendo a chance de mostrar seu trabalho e talento\u201d.<\/strong><\/p>\n\n\n\n<p><strong>Ela cr\u00ea tamb\u00e9m que agora com a constitui\u00e7\u00e3o de uma associa\u00e7\u00e3o que est\u00e1 em forma\u00e7\u00e3o exista a oportunidade de um crescimento ainda maior, at\u00e9 mesmo na melhoria da capacita\u00e7\u00e3o para ampliar seu desempenho.<\/strong><\/p>\n\n\n\n<p><strong>UMA VIRADA<\/strong><\/p>\n\n\n\n<p><strong>Perguntada sobre a sa\u00fade mental das pessoas, sobretudo os casos de depress\u00e3o e ansiedade, fez uma revela\u00e7\u00e3o oportuna que promoveu uma virada positiva em sua vida.<\/strong><\/p>\n\n\n\n<p><strong>\u201cEssa \u00e9 uma pergunta bastante profunda a meu ver, porque a depress\u00e3o, a ansiedade e outros transtornos existem como raz\u00e3o principal da falta de autoconhecimento. Mas, n\u00e3o esse autoconhecimento que muitos defendem. Trata-se de algo mais profundo, como, por exemplo, saber quem se \u00e9 de verdade, seu talento, e da\u00ed partir para defini\u00e7\u00e3o de prop\u00f3sito e busca de significado.\u201d<\/strong><\/p>\n\n\n\n<p><strong>\u201cH\u00e1 uma grande massa defendendo muito partes superficiais a serem trabalhadas no ser humano, ignorando o principal que \u00e9 a ess\u00eancia de cada um e como resultado vemos uma massa caminhando sem rumo, seguindo padr\u00f5es pr\u00e9-determinados que n\u00e3o colaboram para o Ser ou a ess\u00eancia em si, e isso est\u00e1 mais do que claro, n\u00e3o leva ningu\u00e9m a lugar algum.\u201d<\/strong><\/p>\n\n\n\n<p><strong>\u201cConversaria por horas sobre esse assunto, mesmo porque, passei por uma profunda depress\u00e3o em 2018, o que colaborou para uma reconstru\u00e7\u00e3o total de vida e seu significado.&nbsp; E \u00e9 justo nesse ponto que desejo ajudar o outro, porque trata-se de um processo longo, doloroso e necess\u00e1rio.\u201d<\/strong><\/p>\n","protected":false},"excerpt":{"rendered":"<p>Saiba como isso est\u00e1 acontecendo nesta quarta-feira, dia 29, ao vivo na TVUNA, \u00e0s 20h, com transmiss\u00e3o pelo Youtube, Facebook<\/p>\n","protected":false},"author":1,"featured_media":30097,"comment_status":"open","ping_status":"open","sticky":false,"template":"","format":"standard","meta":[],"categories":[3],"tags":[],"yoast_head":"<!-- This site is optimized with the Yoast SEO plugin v15.8 - https:\/\/yoast.com\/wordpress\/plugins\/seo\/ -->\n<title>\u2018MULHERES EMPREENDEDORAS DE IBI\u00daNA EST\u00c3O CADA VEZ MAIS UNIDAS\u2019 - Revista Vitrine Online<\/title>\n<meta name=\"robots\" content=\"index, follow, max-snippet:-1, max-image-preview:large, max-video-preview:-1\" \/>\n<link rel=\"canonical\" href=\"http:\/\/revistavitrineibiuna.com.br\/?p=30096\" \/>\n<meta property=\"og:locale\" content=\"pt_BR\" \/>\n<meta property=\"og:type\" content=\"article\" \/>\n<meta property=\"og:title\" content=\"\u2018MULHERES EMPREENDEDORAS DE IBI\u00daNA EST\u00c3O CADA VEZ MAIS UNIDAS\u2019 - Revista Vitrine Online\" \/>\n<meta property=\"og:description\" content=\"Saiba como isso est\u00e1 acontecendo nesta quarta-feira, dia 29, ao vivo na TVUNA, \u00e0s 20h, com transmiss\u00e3o pelo Youtube, Facebook\" \/>\n<meta property=\"og:url\" content=\"http:\/\/revistavitrineibiuna.com.br\/?p=30096\" \/>\n<meta property=\"og:site_name\" content=\"Revista Vitrine Online\" \/>\n<meta property=\"article:published_time\" content=\"2023-11-26T21:05:49+00:00\" \/>\n<meta property=\"article:modified_time\" content=\"2023-11-26T21:05:50+00:00\" \/>\n<meta property=\"og:image\" content=\"https:\/\/revistavitrineibiuna.com.br\/wp-content\/uploads\/2023\/11\/Adriana-na-tvuna.png\" \/>\n\t<meta property=\"og:image:width\" content=\"939\" \/>\n\t<meta property=\"og:image:height\" content=\"651\" \/>\n<meta name=\"twitter:card\" content=\"summary\" \/>\n<meta name=\"twitter:label1\" content=\"Est. reading time\">\n\t<meta name=\"twitter:data1\" content=\"2 minutos\">\n<script type=\"application\/ld+json\" class=\"yoast-schema-graph\">{\"@context\":\"https:\/\/schema.org\",\"@graph\":[{\"@type\":\"WebSite\",\"@id\":\"https:\/\/revistavitrineibiuna.com.br\/#website\",\"url\":\"https:\/\/revistavitrineibiuna.com.br\/\",\"name\":\"Revista Vitrine Ibi\\u00fana\",\"description\":\"A Revista de Ibi\\u00fana e Regi\\u00e3o\",\"publisher\":{\"@id\":\"https:\/\/revistavitrineibiuna.com.br\/#\/schema\/person\/e51ef49d6d88170ea21ceabff3f73deb\"},\"potentialAction\":[{\"@type\":\"SearchAction\",\"target\":\"https:\/\/revistavitrineibiuna.com.br\/?s={search_term_string}\",\"query-input\":\"required name=search_term_string\"}],\"inLanguage\":\"pt-BR\"},{\"@type\":\"ImageObject\",\"@id\":\"http:\/\/revistavitrineibiuna.com.br\/?p=30096#primaryimage\",\"inLanguage\":\"pt-BR\",\"url\":\"https:\/\/revistavitrineibiuna.com.br\/wp-content\/uploads\/2023\/11\/Adriana-na-tvuna.png\",\"width\":939,\"height\":651},{\"@type\":\"WebPage\",\"@id\":\"http:\/\/revistavitrineibiuna.com.br\/?p=30096#webpage\",\"url\":\"http:\/\/revistavitrineibiuna.com.br\/?p=30096\",\"name\":\"\\u2018MULHERES EMPREENDEDORAS DE IBI\\u00daNA EST\\u00c3O CADA VEZ MAIS UNIDAS\\u2019 - Revista Vitrine Online\",\"isPartOf\":{\"@id\":\"https:\/\/revistavitrineibiuna.com.br\/#website\"},\"primaryImageOfPage\":{\"@id\":\"http:\/\/revistavitrineibiuna.com.br\/?p=30096#primaryimage\"},\"datePublished\":\"2023-11-26T21:05:49+00:00\",\"dateModified\":\"2023-11-26T21:05:50+00:00\",\"breadcrumb\":{\"@id\":\"http:\/\/revistavitrineibiuna.com.br\/?p=30096#breadcrumb\"},\"inLanguage\":\"pt-BR\",\"potentialAction\":[{\"@type\":\"ReadAction\",\"target\":[\"http:\/\/revistavitrineibiuna.com.br\/?p=30096\"]}]},{\"@type\":\"BreadcrumbList\",\"@id\":\"http:\/\/revistavitrineibiuna.com.br\/?p=30096#breadcrumb\",\"itemListElement\":[{\"@type\":\"ListItem\",\"position\":1,\"item\":{\"@type\":\"WebPage\",\"@id\":\"https:\/\/revistavitrineibiuna.com.br\/\",\"url\":\"https:\/\/revistavitrineibiuna.com.br\/\",\"name\":\"In\\u00edcio\"}},{\"@type\":\"ListItem\",\"position\":2,\"item\":{\"@type\":\"WebPage\",\"@id\":\"http:\/\/revistavitrineibiuna.com.br\/?p=30096\",\"url\":\"http:\/\/revistavitrineibiuna.com.br\/?p=30096\",\"name\":\"\\u2018MULHERES EMPREENDEDORAS DE IBI\\u00daNA EST\\u00c3O CADA VEZ MAIS UNIDAS\\u2019\"}}]},{\"@type\":\"Article\",\"@id\":\"http:\/\/revistavitrineibiuna.com.br\/?p=30096#article\",\"isPartOf\":{\"@id\":\"http:\/\/revistavitrineibiuna.com.br\/?p=30096#webpage\"},\"author\":{\"@id\":\"https:\/\/revistavitrineibiuna.com.br\/#\/schema\/person\/e51ef49d6d88170ea21ceabff3f73deb\"},\"headline\":\"\\u2018MULHERES EMPREENDEDORAS DE IBI\\u00daNA EST\\u00c3O CADA VEZ MAIS UNIDAS\\u2019\",\"datePublished\":\"2023-11-26T21:05:49+00:00\",\"dateModified\":\"2023-11-26T21:05:50+00:00\",\"mainEntityOfPage\":{\"@id\":\"http:\/\/revistavitrineibiuna.com.br\/?p=30096#webpage\"},\"commentCount\":0,\"publisher\":{\"@id\":\"https:\/\/revistavitrineibiuna.com.br\/#\/schema\/person\/e51ef49d6d88170ea21ceabff3f73deb\"},\"image\":{\"@id\":\"http:\/\/revistavitrineibiuna.com.br\/?p=30096#primaryimage\"},\"articleSection\":\"Not\\u00edcias\",\"inLanguage\":\"pt-BR\",\"potentialAction\":[{\"@type\":\"CommentAction\",\"name\":\"Comment\",\"target\":[\"http:\/\/revistavitrineibiuna.com.br\/?p=30096#respond\"]}]},{\"@type\":[\"Person\",\"Organization\"],\"@id\":\"https:\/\/revistavitrineibiuna.com.br\/#\/schema\/person\/e51ef49d6d88170ea21ceabff3f73deb\",\"name\":\"Carlos Rossini\",\"image\":{\"@type\":\"ImageObject\",\"@id\":\"https:\/\/revistavitrineibiuna.com.br\/#personlogo\",\"inLanguage\":\"pt-BR\",\"url\":\"https:\/\/secure.gravatar.com\/avatar\/4f2d0f99fac1f85c7d643f21f5c8d900?s=96&d=mm&r=g\",\"caption\":\"Carlos Rossini\"},\"logo\":{\"@id\":\"https:\/\/revistavitrineibiuna.com.br\/#personlogo\"},\"description\":\"Carlos Rossini \\u00e9 jornalista, soci\\u00f3logo, escritor e professor universit\\u00e1rio, tendo sido professor de jornalismo por vinte anos. Trabalhou em ve\\u00edculos de comunica\\u00e7\\u00e3o nas fun\\u00e7\\u00f5es de rep\\u00f3rter, redator, editor, articulista e colaborador, como Folha de S. Paulo, O Estado de S. Paulo, Di\\u00e1rio Popular, entre outros. Ao transferir a revista vitrine, vers\\u00e3o imprensa, de S\\u00e3o Paulo para Ibi\\u00fana h\\u00e1 alguns anos, iniciou uma nova experi\\u00eancia profissional, dedicando-se ao jornalismo regional, depois de cumprir uma trajet\\u00f3ria bem-sucedida na grande imprensa brasileira. Seu primeiro livro A Coragem de Comunicar foi lan\\u00e7ado na Bienal do Livro em S\\u00e3o Paulo no ano 2000, pela editora Madras.\"}]}<\/script>\n<!-- \/ Yoast SEO plugin. -->","_links":{"self":[{"href":"https:\/\/revistavitrineibiuna.com.br\/index.php?rest_route=\/wp\/v2\/posts\/30096"}],"collection":[{"href":"https:\/\/revistavitrineibiuna.com.br\/index.php?rest_route=\/wp\/v2\/posts"}],"about":[{"href":"https:\/\/revistavitrineibiuna.com.br\/index.php?rest_route=\/wp\/v2\/types\/post"}],"author":[{"embeddable":true,"href":"https:\/\/revistavitrineibiuna.com.br\/index.php?rest_route=\/wp\/v2\/users\/1"}],"replies":[{"embeddable":true,"href":"https:\/\/revistavitrineibiuna.com.br\/index.php?rest_route=%2Fwp%2Fv2%2Fcomments&post=30096"}],"version-history":[{"count":1,"href":"https:\/\/revistavitrineibiuna.com.br\/index.php?rest_route=\/wp\/v2\/posts\/30096\/revisions"}],"predecessor-version":[{"id":30098,"href":"https:\/\/revistavitrineibiuna.com.br\/index.php?rest_route=\/wp\/v2\/posts\/30096\/revisions\/30098"}],"wp:featuredmedia":[{"embeddable":true,"href":"https:\/\/revistavitrineibiuna.com.br\/index.php?rest_route=\/wp\/v2\/media\/30097"}],"wp:attachment":[{"href":"https:\/\/revistavitrineibiuna.com.br\/index.php?rest_route=%2Fwp%2Fv2%2Fmedia&parent=30096"}],"wp:term":[{"taxonomy":"category","embeddable":true,"href":"https:\/\/revistavitrineibiuna.com.br\/index.php?rest_route=%2Fwp%2Fv2%2Fcategories&post=30096"},{"taxonomy":"post_tag","embeddable":true,"href":"https:\/\/revistavitrineibiuna.com.br\/index.php?rest_route=%2Fwp%2Fv2%2Ftags&post=30096"}],"curies":[{"name":"wp","href":"https:\/\/api.w.org\/{rel}","templated":true}]}}