{"id":30106,"date":"2023-11-27T14:38:27","date_gmt":"2023-11-27T17:38:27","guid":{"rendered":"http:\/\/revistavitrineibiuna.com.br\/?p=30106"},"modified":"2023-11-27T19:36:08","modified_gmt":"2023-11-27T22:36:08","slug":"buracos-nas-ruas-nao-atraem-turistas","status":"publish","type":"post","link":"https:\/\/revistavitrineibiuna.com.br\/?p=30106","title":{"rendered":"BURACOS NAS RUAS N\u00c3O ATRAEM TURISTAS"},"content":{"rendered":"\n<p class=\"has-drop-cap\"><strong>Em mar\u00e7o de 2016 duas obras deveriam ser iniciadas na cidade de Ibi\u00fana. A reforma do Terminal Rodovi\u00e1rio, que custaria R$ 1,3 milh\u00e3o; e a transforma\u00e7\u00e3o da Rua Angelino Falci, ao lado, em um bulevard, no montante de R$ 1 milh\u00e3o. Os recursos seriam provenientes do Dade \u2013 Departamento de Apoio ao Desenvolvimento das Est\u00e2ncias Tur\u00edsticas, um \u00f3rg\u00e3o da Secretaria Estadual de Turismo. A empresa vencedora da concorr\u00eancia na \u00e9poca chama-se Corpav \u2013 Transportes e Empreendimentos.<\/strong><\/p>\n\n\n\n<p><strong>Duas curiosidades sobre esse assunto. Primeiro, a reforma n\u00e3o teve in\u00edcio, e o bulevard, um nome de origem francesa que lembra uma via p\u00fablica elegante com elementos paisag\u00edsticos, se transformou no famigerado cal\u00e7ad\u00e3o, um lugar perigoso para quem possa se descuidar e trope\u00e7ar em um dos seus buracos-armadilhas.<\/strong><\/p>\n\n\n\n<p><strong>Hoje (27), enquanto fotograf\u00e1vamos o cal\u00e7ad\u00e3o, a mulher de um &nbsp;casal de idosos disse: \u201cIsso mesmo fotografe, isso aqui \u00e9 de dar vergonha.\u201d O marido disse esperar que as autoridades municipais vejam a not\u00edcia e resolvam esse problema.<\/strong><\/p>\n\n\n\n<figure class=\"wp-block-image size-large\"><img loading=\"lazy\" width=\"1024\" height=\"916\" src=\"https:\/\/revistavitrineibiuna.com.br\/wp-content\/uploads\/2023\/11\/Buracos-3-1024x916.png\" alt=\"\" class=\"wp-image-30113\" srcset=\"https:\/\/revistavitrineibiuna.com.br\/wp-content\/uploads\/2023\/11\/Buracos-3-1024x916.png 1024w, https:\/\/revistavitrineibiuna.com.br\/wp-content\/uploads\/2023\/11\/Buracos-3-300x269.png 300w, https:\/\/revistavitrineibiuna.com.br\/wp-content\/uploads\/2023\/11\/Buracos-3-768x687.png 768w, https:\/\/revistavitrineibiuna.com.br\/wp-content\/uploads\/2023\/11\/Buracos-3.png 1200w\" sizes=\"(max-width: 1024px) 100vw, 1024px\" \/><figcaption>O bulervad (Cal\u00e7ad\u00e3o): &#8220;Tr\u00e8s beau&#8221;<\/figcaption><\/figure>\n\n\n\n<p><strong>A pedido de alguns leitores, vitrine online percorreu as ruas centrais da cidade de Ibi\u00fana para observar in loco as queixas da popula\u00e7\u00e3o a respeito da exist\u00eancia de muitos buracos.<\/strong><\/p>\n\n\n\n<p><strong>Na verdade, n\u00e3o precisamos de muito tempo para reunir uma cole\u00e7\u00e3o deles, mas tamb\u00e9m observamos problemas com a coleta de lixo e placas de ruas com os nomes completamente apagados.<\/strong><\/p>\n\n\n\n<p><strong>Quanto ao terminal rodovi\u00e1rio, a reforma iniciada no dia 20 de novembro de 2021 ainda n\u00e3o terminou. Sem esta\u00e7\u00e3o rodovi\u00e1ria h\u00e1 mais de dois anos e com muitos buracos, ser\u00e1 dif\u00edcil atrair turistas.<\/strong> <\/p>\n\n\n\n<figure class=\"wp-block-image size-large\"><img loading=\"lazy\" width=\"1024\" height=\"673\" src=\"https:\/\/revistavitrineibiuna.com.br\/wp-content\/uploads\/2023\/11\/Buracos-2-1024x673.png\" alt=\"\" class=\"wp-image-30110\" srcset=\"https:\/\/revistavitrineibiuna.com.br\/wp-content\/uploads\/2023\/11\/Buracos-2-1024x673.png 1024w, https:\/\/revistavitrineibiuna.com.br\/wp-content\/uploads\/2023\/11\/Buracos-2-300x197.png 300w, https:\/\/revistavitrineibiuna.com.br\/wp-content\/uploads\/2023\/11\/Buracos-2-768x504.png 768w, https:\/\/revistavitrineibiuna.com.br\/wp-content\/uploads\/2023\/11\/Buracos-2.png 1189w\" sizes=\"(max-width: 1024px) 100vw, 1024px\" \/><figcaption>Buraco na Rua Minas Gerais, paralela \u00e0 av. Maria de La Farina Milani<\/figcaption><\/figure>\n\n\n\n<figure class=\"wp-block-image size-large\"><img loading=\"lazy\" width=\"1024\" height=\"652\" src=\"https:\/\/revistavitrineibiuna.com.br\/wp-content\/uploads\/2023\/11\/buracos-4-1024x652.png\" alt=\"\" class=\"wp-image-30116\" srcset=\"https:\/\/revistavitrineibiuna.com.br\/wp-content\/uploads\/2023\/11\/buracos-4-1024x652.png 1024w, https:\/\/revistavitrineibiuna.com.br\/wp-content\/uploads\/2023\/11\/buracos-4-300x191.png 300w, https:\/\/revistavitrineibiuna.com.br\/wp-content\/uploads\/2023\/11\/buracos-4-768x489.png 768w, https:\/\/revistavitrineibiuna.com.br\/wp-content\/uploads\/2023\/11\/buracos-4-1536x978.png 1536w, https:\/\/revistavitrineibiuna.com.br\/wp-content\/uploads\/2023\/11\/buracos-4.png 1548w\" sizes=\"(max-width: 1024px) 100vw, 1024px\" \/><figcaption>Na Rua Raimundo Santiago, ao lado do Audit\u00f3rio Municipal<\/figcaption><\/figure>\n\n\n\n<figure class=\"wp-block-image size-large\"><img loading=\"lazy\" width=\"1024\" height=\"648\" src=\"https:\/\/revistavitrineibiuna.com.br\/wp-content\/uploads\/2023\/11\/buracos-5-1024x648.png\" alt=\"\" class=\"wp-image-30118\" srcset=\"https:\/\/revistavitrineibiuna.com.br\/wp-content\/uploads\/2023\/11\/buracos-5-1024x648.png 1024w, https:\/\/revistavitrineibiuna.com.br\/wp-content\/uploads\/2023\/11\/buracos-5-300x190.png 300w, https:\/\/revistavitrineibiuna.com.br\/wp-content\/uploads\/2023\/11\/buracos-5-768x486.png 768w, https:\/\/revistavitrineibiuna.com.br\/wp-content\/uploads\/2023\/11\/buracos-5.png 1171w\" sizes=\"(max-width: 1024px) 100vw, 1024px\" \/><figcaption>Na Av. Vereador Benedito de Campos (ao lado do Banco do Brasil)<\/figcaption><\/figure>\n\n\n\n<figure class=\"wp-block-image size-large\"><img loading=\"lazy\" width=\"1024\" height=\"634\" src=\"https:\/\/revistavitrineibiuna.com.br\/wp-content\/uploads\/2023\/11\/buracos-6-1024x634.png\" alt=\"\" class=\"wp-image-30122\" srcset=\"https:\/\/revistavitrineibiuna.com.br\/wp-content\/uploads\/2023\/11\/buracos-6-1024x634.png 1024w, https:\/\/revistavitrineibiuna.com.br\/wp-content\/uploads\/2023\/11\/buracos-6-300x186.png 300w, https:\/\/revistavitrineibiuna.com.br\/wp-content\/uploads\/2023\/11\/buracos-6-768x475.png 768w, https:\/\/revistavitrineibiuna.com.br\/wp-content\/uploads\/2023\/11\/buracos-6.png 1335w\" sizes=\"(max-width: 1024px) 100vw, 1024px\" \/><figcaption>Outro buraco na AV. Vereador Benedito de Campos, ao lado do BB<\/figcaption><\/figure>\n\n\n\n<figure class=\"wp-block-image size-large\"><img loading=\"lazy\" width=\"1024\" height=\"669\" src=\"https:\/\/revistavitrineibiuna.com.br\/wp-content\/uploads\/2023\/11\/buracos-7-1024x669.png\" alt=\"\" class=\"wp-image-30125\" srcset=\"https:\/\/revistavitrineibiuna.com.br\/wp-content\/uploads\/2023\/11\/buracos-7-1024x669.png 1024w, https:\/\/revistavitrineibiuna.com.br\/wp-content\/uploads\/2023\/11\/buracos-7-300x196.png 300w, https:\/\/revistavitrineibiuna.com.br\/wp-content\/uploads\/2023\/11\/buracos-7-768x502.png 768w, https:\/\/revistavitrineibiuna.com.br\/wp-content\/uploads\/2023\/11\/buracos-7-1536x1003.png 1536w, https:\/\/revistavitrineibiuna.com.br\/wp-content\/uploads\/2023\/11\/buracos-7.png 1600w\" sizes=\"(max-width: 1024px) 100vw, 1024px\" \/><figcaption>Pra\u00e7a da Matriz<\/figcaption><\/figure>\n\n\n\n<figure class=\"wp-block-image size-large\"><img loading=\"lazy\" width=\"1024\" height=\"638\" src=\"https:\/\/revistavitrineibiuna.com.br\/wp-content\/uploads\/2023\/11\/buracos-8-1024x638.png\" alt=\"\" class=\"wp-image-30127\" srcset=\"https:\/\/revistavitrineibiuna.com.br\/wp-content\/uploads\/2023\/11\/buracos-8-1024x638.png 1024w, https:\/\/revistavitrineibiuna.com.br\/wp-content\/uploads\/2023\/11\/buracos-8-300x187.png 300w, https:\/\/revistavitrineibiuna.com.br\/wp-content\/uploads\/2023\/11\/buracos-8-768x478.png 768w, https:\/\/revistavitrineibiuna.com.br\/wp-content\/uploads\/2023\/11\/buracos-8-1536x957.png 1536w, https:\/\/revistavitrineibiuna.com.br\/wp-content\/uploads\/2023\/11\/buracos-8.png 1583w\" sizes=\"(max-width: 1024px) 100vw, 1024px\" \/><figcaption>Pra\u00e7a da Matriz<\/figcaption><\/figure>\n\n\n\n<figure class=\"wp-block-image size-large\"><img loading=\"lazy\" width=\"1024\" height=\"618\" src=\"https:\/\/revistavitrineibiuna.com.br\/wp-content\/uploads\/2023\/11\/Buraco-9-1024x618.png\" alt=\"\" class=\"wp-image-30129\" srcset=\"https:\/\/revistavitrineibiuna.com.br\/wp-content\/uploads\/2023\/11\/Buraco-9-1024x618.png 1024w, https:\/\/revistavitrineibiuna.com.br\/wp-content\/uploads\/2023\/11\/Buraco-9-300x181.png 300w, https:\/\/revistavitrineibiuna.com.br\/wp-content\/uploads\/2023\/11\/Buraco-9-768x464.png 768w, https:\/\/revistavitrineibiuna.com.br\/wp-content\/uploads\/2023\/11\/Buraco-9-1536x927.png 1536w, https:\/\/revistavitrineibiuna.com.br\/wp-content\/uploads\/2023\/11\/Buraco-9.png 1595w\" sizes=\"(max-width: 1024px) 100vw, 1024px\" \/><figcaption>Avenida Fortunatinho<\/figcaption><\/figure>\n\n\n\n<figure class=\"wp-block-image size-large\"><img loading=\"lazy\" width=\"1024\" height=\"654\" src=\"https:\/\/revistavitrineibiuna.com.br\/wp-content\/uploads\/2023\/11\/Buracos-10-1024x654.png\" alt=\"\" class=\"wp-image-30131\" srcset=\"https:\/\/revistavitrineibiuna.com.br\/wp-content\/uploads\/2023\/11\/Buracos-10-1024x654.png 1024w, https:\/\/revistavitrineibiuna.com.br\/wp-content\/uploads\/2023\/11\/Buracos-10-300x192.png 300w, https:\/\/revistavitrineibiuna.com.br\/wp-content\/uploads\/2023\/11\/Buracos-10-768x490.png 768w, https:\/\/revistavitrineibiuna.com.br\/wp-content\/uploads\/2023\/11\/Buracos-10-1536x981.png 1536w, https:\/\/revistavitrineibiuna.com.br\/wp-content\/uploads\/2023\/11\/Buracos-10.png 1594w\" sizes=\"(max-width: 1024px) 100vw, 1024px\" \/><figcaption>Av. Jo\u00e3o Benedicto de Mello Jr.<\/figcaption><\/figure>\n\n\n\n<figure class=\"wp-block-image size-large\"><img loading=\"lazy\" width=\"1024\" height=\"653\" src=\"https:\/\/revistavitrineibiuna.com.br\/wp-content\/uploads\/2023\/11\/buracos-11-1024x653.png\" alt=\"\" class=\"wp-image-30133\" srcset=\"https:\/\/revistavitrineibiuna.com.br\/wp-content\/uploads\/2023\/11\/buracos-11-1024x653.png 1024w, https:\/\/revistavitrineibiuna.com.br\/wp-content\/uploads\/2023\/11\/buracos-11-300x191.png 300w, https:\/\/revistavitrineibiuna.com.br\/wp-content\/uploads\/2023\/11\/buracos-11-768x490.png 768w, https:\/\/revistavitrineibiuna.com.br\/wp-content\/uploads\/2023\/11\/buracos-11-1536x980.png 1536w, https:\/\/revistavitrineibiuna.com.br\/wp-content\/uploads\/2023\/11\/buracos-11.png 1594w\" sizes=\"(max-width: 1024px) 100vw, 1024px\" \/><figcaption>Av. Vereador Jo\u00e3o Benedicto de Mello Jr.<\/figcaption><\/figure>\n\n\n\n<figure class=\"wp-block-image size-large\"><img loading=\"lazy\" width=\"1024\" height=\"562\" src=\"https:\/\/revistavitrineibiuna.com.br\/wp-content\/uploads\/2023\/11\/buracos-12-1024x562.png\" alt=\"\" class=\"wp-image-30137\" srcset=\"https:\/\/revistavitrineibiuna.com.br\/wp-content\/uploads\/2023\/11\/buracos-12-1024x562.png 1024w, https:\/\/revistavitrineibiuna.com.br\/wp-content\/uploads\/2023\/11\/buracos-12-300x165.png 300w, https:\/\/revistavitrineibiuna.com.br\/wp-content\/uploads\/2023\/11\/buracos-12-768x422.png 768w, https:\/\/revistavitrineibiuna.com.br\/wp-content\/uploads\/2023\/11\/buracos-12-1536x843.png 1536w, https:\/\/revistavitrineibiuna.com.br\/wp-content\/uploads\/2023\/11\/buracos-12.png 1579w\" sizes=\"(max-width: 1024px) 100vw, 1024px\" \/><figcaption>Na esquina, em frente ao Correio<\/figcaption><\/figure>\n\n\n\n<figure class=\"wp-block-image size-large\"><img loading=\"lazy\" width=\"1024\" height=\"623\" src=\"https:\/\/revistavitrineibiuna.com.br\/wp-content\/uploads\/2023\/11\/buracos-13-1024x623.png\" alt=\"\" class=\"wp-image-30139\" srcset=\"https:\/\/revistavitrineibiuna.com.br\/wp-content\/uploads\/2023\/11\/buracos-13-1024x623.png 1024w, https:\/\/revistavitrineibiuna.com.br\/wp-content\/uploads\/2023\/11\/buracos-13-300x183.png 300w, https:\/\/revistavitrineibiuna.com.br\/wp-content\/uploads\/2023\/11\/buracos-13-768x468.png 768w, https:\/\/revistavitrineibiuna.com.br\/wp-content\/uploads\/2023\/11\/buracos-13-1536x935.png 1536w, https:\/\/revistavitrineibiuna.com.br\/wp-content\/uploads\/2023\/11\/buracos-13.png 1600w\" sizes=\"(max-width: 1024px) 100vw, 1024px\" \/><figcaption>Ao lado da Biblioteca Municipal: a floreira est\u00e1 abandonada<\/figcaption><\/figure>\n\n\n\n<figure class=\"wp-block-image size-large\"><img loading=\"lazy\" width=\"1024\" height=\"648\" src=\"https:\/\/revistavitrineibiuna.com.br\/wp-content\/uploads\/2023\/11\/buracos-14-1024x648.png\" alt=\"\" class=\"wp-image-30143\" srcset=\"https:\/\/revistavitrineibiuna.com.br\/wp-content\/uploads\/2023\/11\/buracos-14-1024x648.png 1024w, https:\/\/revistavitrineibiuna.com.br\/wp-content\/uploads\/2023\/11\/buracos-14-300x190.png 300w, https:\/\/revistavitrineibiuna.com.br\/wp-content\/uploads\/2023\/11\/buracos-14-768x486.png 768w, https:\/\/revistavitrineibiuna.com.br\/wp-content\/uploads\/2023\/11\/buracos-14-1536x972.png 1536w, https:\/\/revistavitrineibiuna.com.br\/wp-content\/uploads\/2023\/11\/buracos-14.png 1595w\" sizes=\"(max-width: 1024px) 100vw, 1024px\" \/><figcaption>Esse \u00e9 um trecho da Rua Milton Giancoli pr\u00f3ximo do Hospital Municipal<\/figcaption><\/figure>\n\n\n\n<figure class=\"wp-block-image size-large\"><img loading=\"lazy\" width=\"1024\" height=\"625\" src=\"https:\/\/revistavitrineibiuna.com.br\/wp-content\/uploads\/2023\/11\/buracos-15-1024x625.png\" alt=\"\" class=\"wp-image-30145\" srcset=\"https:\/\/revistavitrineibiuna.com.br\/wp-content\/uploads\/2023\/11\/buracos-15-1024x625.png 1024w, https:\/\/revistavitrineibiuna.com.br\/wp-content\/uploads\/2023\/11\/buracos-15-300x183.png 300w, https:\/\/revistavitrineibiuna.com.br\/wp-content\/uploads\/2023\/11\/buracos-15-768x469.png 768w, https:\/\/revistavitrineibiuna.com.br\/wp-content\/uploads\/2023\/11\/buracos-15-1536x938.png 1536w, https:\/\/revistavitrineibiuna.com.br\/wp-content\/uploads\/2023\/11\/buracos-15.png 1595w\" sizes=\"(max-width: 1024px) 100vw, 1024px\" \/><figcaption>Placas de ruas sem os respectivos nomes<\/figcaption><\/figure>\n\n\n\n<figure class=\"wp-block-image size-large\"><img loading=\"lazy\" width=\"1024\" height=\"678\" src=\"https:\/\/revistavitrineibiuna.com.br\/wp-content\/uploads\/2023\/11\/buracos-16-1024x678.png\" alt=\"\" class=\"wp-image-30148\" srcset=\"https:\/\/revistavitrineibiuna.com.br\/wp-content\/uploads\/2023\/11\/buracos-16-1024x678.png 1024w, https:\/\/revistavitrineibiuna.com.br\/wp-content\/uploads\/2023\/11\/buracos-16-300x199.png 300w, https:\/\/revistavitrineibiuna.com.br\/wp-content\/uploads\/2023\/11\/buracos-16-768x508.png 768w, https:\/\/revistavitrineibiuna.com.br\/wp-content\/uploads\/2023\/11\/buracos-16-1536x1017.png 1536w, https:\/\/revistavitrineibiuna.com.br\/wp-content\/uploads\/2023\/11\/buracos-16.png 1597w\" sizes=\"(max-width: 1024px) 100vw, 1024px\" \/><figcaption>Lixo transborda na Rua Milton Giancoli, ao lado do Hospital Municipal<\/figcaption><\/figure>\n","protected":false},"excerpt":{"rendered":"<p>Em mar\u00e7o de 2016 duas obras deveriam ser iniciadas na cidade de Ibi\u00fana. A reforma do Terminal Rodovi\u00e1rio, que custaria<\/p>\n","protected":false},"author":1,"featured_media":30107,"comment_status":"open","ping_status":"open","sticky":false,"template":"","format":"standard","meta":[],"categories":[3],"tags":[],"yoast_head":"<!-- This site is optimized with the Yoast SEO plugin v15.8 - https:\/\/yoast.com\/wordpress\/plugins\/seo\/ -->\n<title>BURACOS NAS RUAS N\u00c3O ATRAEM TURISTAS - Revista Vitrine Online<\/title>\n<meta name=\"robots\" content=\"index, follow, max-snippet:-1, max-image-preview:large, max-video-preview:-1\" \/>\n<link rel=\"canonical\" href=\"http:\/\/revistavitrineibiuna.com.br\/?p=30106\" \/>\n<meta property=\"og:locale\" content=\"pt_BR\" \/>\n<meta property=\"og:type\" content=\"article\" \/>\n<meta property=\"og:title\" content=\"BURACOS NAS RUAS N\u00c3O ATRAEM TURISTAS - Revista Vitrine Online\" \/>\n<meta property=\"og:description\" content=\"Em mar\u00e7o de 2016 duas obras deveriam ser iniciadas na cidade de Ibi\u00fana. A reforma do Terminal Rodovi\u00e1rio, que custaria\" \/>\n<meta property=\"og:url\" content=\"http:\/\/revistavitrineibiuna.com.br\/?p=30106\" \/>\n<meta property=\"og:site_name\" content=\"Revista Vitrine Online\" \/>\n<meta property=\"article:published_time\" content=\"2023-11-27T17:38:27+00:00\" \/>\n<meta property=\"article:modified_time\" content=\"2023-11-27T22:36:08+00:00\" \/>\n<meta property=\"og:image\" content=\"https:\/\/revistavitrineibiuna.com.br\/wp-content\/uploads\/2023\/11\/Buracos-1.png\" \/>\n\t<meta property=\"og:image:width\" content=\"1190\" \/>\n\t<meta property=\"og:image:height\" content=\"711\" \/>\n<meta name=\"twitter:card\" content=\"summary\" \/>\n<meta name=\"twitter:label1\" content=\"Est. reading time\">\n\t<meta name=\"twitter:data1\" content=\"5 minutos\">\n<script type=\"application\/ld+json\" class=\"yoast-schema-graph\">{\"@context\":\"https:\/\/schema.org\",\"@graph\":[{\"@type\":\"WebSite\",\"@id\":\"https:\/\/revistavitrineibiuna.com.br\/#website\",\"url\":\"https:\/\/revistavitrineibiuna.com.br\/\",\"name\":\"Revista Vitrine Ibi\\u00fana\",\"description\":\"A Revista de Ibi\\u00fana e Regi\\u00e3o\",\"publisher\":{\"@id\":\"https:\/\/revistavitrineibiuna.com.br\/#\/schema\/person\/e51ef49d6d88170ea21ceabff3f73deb\"},\"potentialAction\":[{\"@type\":\"SearchAction\",\"target\":\"https:\/\/revistavitrineibiuna.com.br\/?s={search_term_string}\",\"query-input\":\"required name=search_term_string\"}],\"inLanguage\":\"pt-BR\"},{\"@type\":\"ImageObject\",\"@id\":\"http:\/\/revistavitrineibiuna.com.br\/?p=30106#primaryimage\",\"inLanguage\":\"pt-BR\",\"url\":\"https:\/\/revistavitrineibiuna.com.br\/wp-content\/uploads\/2023\/11\/Buracos-1.png\",\"width\":1190,\"height\":711},{\"@type\":\"WebPage\",\"@id\":\"http:\/\/revistavitrineibiuna.com.br\/?p=30106#webpage\",\"url\":\"http:\/\/revistavitrineibiuna.com.br\/?p=30106\",\"name\":\"BURACOS NAS RUAS N\\u00c3O ATRAEM TURISTAS - Revista Vitrine Online\",\"isPartOf\":{\"@id\":\"https:\/\/revistavitrineibiuna.com.br\/#website\"},\"primaryImageOfPage\":{\"@id\":\"http:\/\/revistavitrineibiuna.com.br\/?p=30106#primaryimage\"},\"datePublished\":\"2023-11-27T17:38:27+00:00\",\"dateModified\":\"2023-11-27T22:36:08+00:00\",\"breadcrumb\":{\"@id\":\"http:\/\/revistavitrineibiuna.com.br\/?p=30106#breadcrumb\"},\"inLanguage\":\"pt-BR\",\"potentialAction\":[{\"@type\":\"ReadAction\",\"target\":[\"http:\/\/revistavitrineibiuna.com.br\/?p=30106\"]}]},{\"@type\":\"BreadcrumbList\",\"@id\":\"http:\/\/revistavitrineibiuna.com.br\/?p=30106#breadcrumb\",\"itemListElement\":[{\"@type\":\"ListItem\",\"position\":1,\"item\":{\"@type\":\"WebPage\",\"@id\":\"https:\/\/revistavitrineibiuna.com.br\/\",\"url\":\"https:\/\/revistavitrineibiuna.com.br\/\",\"name\":\"In\\u00edcio\"}},{\"@type\":\"ListItem\",\"position\":2,\"item\":{\"@type\":\"WebPage\",\"@id\":\"http:\/\/revistavitrineibiuna.com.br\/?p=30106\",\"url\":\"http:\/\/revistavitrineibiuna.com.br\/?p=30106\",\"name\":\"BURACOS NAS RUAS N\\u00c3O ATRAEM TURISTAS\"}}]},{\"@type\":\"Article\",\"@id\":\"http:\/\/revistavitrineibiuna.com.br\/?p=30106#article\",\"isPartOf\":{\"@id\":\"http:\/\/revistavitrineibiuna.com.br\/?p=30106#webpage\"},\"author\":{\"@id\":\"https:\/\/revistavitrineibiuna.com.br\/#\/schema\/person\/e51ef49d6d88170ea21ceabff3f73deb\"},\"headline\":\"BURACOS NAS RUAS N\\u00c3O ATRAEM TURISTAS\",\"datePublished\":\"2023-11-27T17:38:27+00:00\",\"dateModified\":\"2023-11-27T22:36:08+00:00\",\"mainEntityOfPage\":{\"@id\":\"http:\/\/revistavitrineibiuna.com.br\/?p=30106#webpage\"},\"commentCount\":0,\"publisher\":{\"@id\":\"https:\/\/revistavitrineibiuna.com.br\/#\/schema\/person\/e51ef49d6d88170ea21ceabff3f73deb\"},\"image\":{\"@id\":\"http:\/\/revistavitrineibiuna.com.br\/?p=30106#primaryimage\"},\"articleSection\":\"Not\\u00edcias\",\"inLanguage\":\"pt-BR\",\"potentialAction\":[{\"@type\":\"CommentAction\",\"name\":\"Comment\",\"target\":[\"http:\/\/revistavitrineibiuna.com.br\/?p=30106#respond\"]}]},{\"@type\":[\"Person\",\"Organization\"],\"@id\":\"https:\/\/revistavitrineibiuna.com.br\/#\/schema\/person\/e51ef49d6d88170ea21ceabff3f73deb\",\"name\":\"Carlos Rossini\",\"image\":{\"@type\":\"ImageObject\",\"@id\":\"https:\/\/revistavitrineibiuna.com.br\/#personlogo\",\"inLanguage\":\"pt-BR\",\"url\":\"https:\/\/secure.gravatar.com\/avatar\/4f2d0f99fac1f85c7d643f21f5c8d900?s=96&d=mm&r=g\",\"caption\":\"Carlos Rossini\"},\"logo\":{\"@id\":\"https:\/\/revistavitrineibiuna.com.br\/#personlogo\"},\"description\":\"Carlos Rossini \\u00e9 jornalista, soci\\u00f3logo, escritor e professor universit\\u00e1rio, tendo sido professor de jornalismo por vinte anos. Trabalhou em ve\\u00edculos de comunica\\u00e7\\u00e3o nas fun\\u00e7\\u00f5es de rep\\u00f3rter, redator, editor, articulista e colaborador, como Folha de S. Paulo, O Estado de S. Paulo, Di\\u00e1rio Popular, entre outros. Ao transferir a revista vitrine, vers\\u00e3o imprensa, de S\\u00e3o Paulo para Ibi\\u00fana h\\u00e1 alguns anos, iniciou uma nova experi\\u00eancia profissional, dedicando-se ao jornalismo regional, depois de cumprir uma trajet\\u00f3ria bem-sucedida na grande imprensa brasileira. Seu primeiro livro A Coragem de Comunicar foi lan\\u00e7ado na Bienal do Livro em S\\u00e3o Paulo no ano 2000, pela editora Madras.\"}]}<\/script>\n<!-- \/ Yoast SEO plugin. -->","_links":{"self":[{"href":"https:\/\/revistavitrineibiuna.com.br\/index.php?rest_route=\/wp\/v2\/posts\/30106"}],"collection":[{"href":"https:\/\/revistavitrineibiuna.com.br\/index.php?rest_route=\/wp\/v2\/posts"}],"about":[{"href":"https:\/\/revistavitrineibiuna.com.br\/index.php?rest_route=\/wp\/v2\/types\/post"}],"author":[{"embeddable":true,"href":"https:\/\/revistavitrineibiuna.com.br\/index.php?rest_route=\/wp\/v2\/users\/1"}],"replies":[{"embeddable":true,"href":"https:\/\/revistavitrineibiuna.com.br\/index.php?rest_route=%2Fwp%2Fv2%2Fcomments&post=30106"}],"version-history":[{"count":18,"href":"https:\/\/revistavitrineibiuna.com.br\/index.php?rest_route=\/wp\/v2\/posts\/30106\/revisions"}],"predecessor-version":[{"id":30152,"href":"https:\/\/revistavitrineibiuna.com.br\/index.php?rest_route=\/wp\/v2\/posts\/30106\/revisions\/30152"}],"wp:featuredmedia":[{"embeddable":true,"href":"https:\/\/revistavitrineibiuna.com.br\/index.php?rest_route=\/wp\/v2\/media\/30107"}],"wp:attachment":[{"href":"https:\/\/revistavitrineibiuna.com.br\/index.php?rest_route=%2Fwp%2Fv2%2Fmedia&parent=30106"}],"wp:term":[{"taxonomy":"category","embeddable":true,"href":"https:\/\/revistavitrineibiuna.com.br\/index.php?rest_route=%2Fwp%2Fv2%2Fcategories&post=30106"},{"taxonomy":"post_tag","embeddable":true,"href":"https:\/\/revistavitrineibiuna.com.br\/index.php?rest_route=%2Fwp%2Fv2%2Ftags&post=30106"}],"curies":[{"name":"wp","href":"https:\/\/api.w.org\/{rel}","templated":true}]}}