{"id":30154,"date":"2023-12-01T08:11:48","date_gmt":"2023-12-01T11:11:48","guid":{"rendered":"http:\/\/revistavitrineibiuna.com.br\/?p=30154"},"modified":"2023-12-01T08:11:49","modified_gmt":"2023-12-01T11:11:49","slug":"a-g2g-fibra-deveria-cuidar-melhor-da-sua-imagem","status":"publish","type":"post","link":"https:\/\/revistavitrineibiuna.com.br\/?p=30154","title":{"rendered":"A G2G FIBRA DEVERIA CUIDAR MELHOR DA SUA IMAGEM"},"content":{"rendered":"\n<p class=\"has-drop-cap\"><strong>Esta semana, ao percorrer as ruas centrais da cidade a fim verificar os buracos para publicar mat\u00e9ria na revista vitrine online [j\u00e1 publicada], nos deparamos com outros fatos. Por exemplo, placas com nomes de ruas ileg\u00edveis, e lixo transbordando de ca\u00e7ambas.<\/strong><\/p>\n\n\n\n<p><strong>Uma dessas ca\u00e7ambas estava na esquina da rua Milton Giancoli, ao lado do Hospital Municipal. Ela encobria um an\u00fancio da G2G Fibra, pintado no muro [foto], mas dava para perceber claramente do que se tratava.<\/strong><\/p>\n\n\n\n<p><strong>Bem, para quem j\u00e1 trabalhou em ag\u00eancias de propaganda, estudou marketing, era natural pensar que seria oportuno avisar a empresa, com sede em Vargem Grande Paulista. Afinal, lixo e imagem de uma empresa n\u00e3o combinam. A conclus\u00e3o parece \u00f3bvia, a G2G Fibra deveria cuidar melhor de sua imagem.<\/strong><\/p>\n\n\n\n<p><strong>Mas a pr\u00e1tica parece indicar uma desaten\u00e7\u00e3o em rela\u00e7\u00e3o a esse t\u00f3pico, j\u00e1 que eu, contratante involunt\u00e1rio do servi\u00e7o dessa empresa, sofri na carne a maneira como a G2G trata seus clientes.<\/strong><\/p>\n\n\n\n<p><strong>Primeiro devo explicar que me tornei cliente dessa empresa porque ela absorveu a ibiunense Doxx, da qual eu era cliente h\u00e1 alguns anos. De repente, estava diante de um novo fornecedor de servi\u00e7o digital de fibra \u00f3ptica.<\/strong><\/p>\n\n\n\n<p><strong>UMA SEMANA TORTURANTE<\/strong><\/p>\n\n\n\n<p><strong>Pois bem! Na quinta-feira da semana passada, entrei em contato pelo 0800 da G2G informando que o sinal que estava chegando em casa estava muito fraco e oscilante. A\u00ed teve o in\u00edcio uma via crucis. A atendente transferiu o assunto para o suporte avan\u00e7ado. Hoje, pelos fatos ocorridos, acho hil\u00e1rio usar o adjetivo \u201cavan\u00e7ado\u201d, porque essa palavra evoca uma for\u00e7a de a\u00e7\u00e3o que resolve problemas, mas n\u00e3o foi isso que aconteceu.<\/strong><\/p>\n\n\n\n<p><strong>Falei com diversos funcion\u00e1rios do chamado suporte avan\u00e7ado. Pois bem, o que era uma queixa de sinal fraco e oscilante se tornou, com as medidas que ter\u00e3o adotado, um problema maior. Fique sem sinal algum de internet. Foram dois dias de uma intermin\u00e1vel conversa: desliga, religa, qual a rede est\u00e1 usando, fizemos umas novas configura\u00e7\u00f5es, experimente agora. Nada. Isso se repetiu exaustivamente.<\/strong><\/p>\n\n\n\n<p><strong>Tive que fazer diversas liga\u00e7\u00f5es porque, de repente, era preciso fazer novo contado, certamente prejudicado por falta de sinal para o wi-fi. E cada vez eu tinha que explicar tudo de novo, falando com o mesmo\/a funcion\u00e1rio\/a. Eu me sentia estranho. Como assim? J\u00e1 falamos sobre isso! Perguntavam: qual \u00e9 o seu problema? J\u00e1 disse pra voc\u00ea, est\u00e1 tudo a\u00ed no WhatsApp, basta ler. N\u00e3o adiantava, parecia uma conversa surreal. E tudo recome\u00e7ava.<\/strong><\/p>\n\n\n\n<p><strong>Para n\u00e3o te cansar, leitor\/a, cheguei um momento em que me rendi: \u201cVoc\u00eas me venceram pelo cansa\u00e7o\u201d, \u201cPosso falar com o propriet\u00e1rio, do qual sobe apenas o primeiro nome, Gen\u00e9sio, cujo contato aparentam estar impedidas de fornecer?<\/strong><\/p>\n\n\n\n<p><strong>Queriam que eu tivesse expertise em linguagem t\u00e9cnica para entender o que eles estavam escrevendo.<\/strong><\/p>\n\n\n\n<p><strong>O primeiro prazo, dado na quinta-feira (21), era de 48 horas [mas contadas apenas considerando o hor\u00e1rio de expediente, n\u00e3o do dia cheio]. Algumas conversas telef\u00f4nica duraram quase 50 minutos, pediam que esperasse \u201cestou conversando com minha gestora\u201d. E nada.<\/strong><\/p>\n\n\n\n<p><strong>Resumindo nesta quinta-feira (30), depois de horas de conversa, exatamente \u00e0s 17h35, a ducha fria completa: \u201cTudo que pod\u00edamos ter feito remotamente fizemos, realmente ser\u00e1 necess\u00e1rio a visita t\u00e9cnica o prazo como havia informado \u00e9 de 72 horas.\u201d<\/strong><\/p>\n\n\n\n<p><strong>COMO SE RELACIONAR COM CLIENTES<\/strong><\/p>\n\n\n\n<p><strong>A longa conversa com os representantes da G2G, devidamente editada, pode ser um exemplo para um manual de como se relacionar e resolver problemas de clientes. A empresa falhou e insistiu nos procedimentos equivocados. Como dissemos acima, parece que ela n\u00e3o se abala com a m\u00e1 fama que pode estar construindo no mercado, com atendimentos dessa natureza.<\/strong><\/p>\n\n\n\n<p><strong>Ela conseguiu superar a Doxx, que tamb\u00e9m tinha suas liminta\u00e7\u00f5es, mas com a vantagem de que sua sede ficava em Ibi\u00fana. Com problema maior, a gente podia bater na porta e falar com os respons\u00e1veis.<\/strong><\/p>\n\n\n\n<p><strong>Durante a longa e cansativa maratona que tive que enfrentar, contando apenas com o sinal prec\u00e1rio da Vivo, fiz v\u00e1rias vezes men\u00e7\u00e3o de que esse assunto n\u00e3o passaria em branco, mesmo porque muitos usu\u00e1rios desse servi\u00e7o podem estar vivendo a mesma e tenebrosa situa\u00e7\u00e3o, mas que acabam se conformando.<\/strong><\/p>\n\n\n\n<p><strong>Acreditem se quiserem, exatamente \u00e0s 17h49 de hoje (30) recebi a seguinte mensagem: \u201cOl\u00e1! Seja muito bem vindo\/a \u00e0 G2G. Como podemos ajudar voc\u00ea hoje?\u201d (Carlos Rossini \u00e9 editor de vitrine online e diretor da TVUNA)<\/strong><\/p>\n","protected":false},"excerpt":{"rendered":"<p>Esta semana, ao percorrer as ruas centrais da cidade a fim verificar os buracos para publicar mat\u00e9ria na revista vitrine<\/p>\n","protected":false},"author":1,"featured_media":30148,"comment_status":"open","ping_status":"open","sticky":false,"template":"","format":"standard","meta":[],"categories":[3],"tags":[],"yoast_head":"<!-- This site is optimized with the Yoast SEO plugin v15.8 - https:\/\/yoast.com\/wordpress\/plugins\/seo\/ -->\n<title>A G2G FIBRA DEVERIA CUIDAR MELHOR DA SUA IMAGEM - Revista Vitrine Online<\/title>\n<meta name=\"robots\" content=\"index, follow, max-snippet:-1, max-image-preview:large, max-video-preview:-1\" \/>\n<link rel=\"canonical\" href=\"http:\/\/revistavitrineibiuna.com.br\/?p=30154\" \/>\n<meta property=\"og:locale\" content=\"pt_BR\" \/>\n<meta property=\"og:type\" content=\"article\" \/>\n<meta property=\"og:title\" content=\"A G2G FIBRA DEVERIA CUIDAR MELHOR DA SUA IMAGEM - Revista Vitrine Online\" \/>\n<meta property=\"og:description\" content=\"Esta semana, ao percorrer as ruas centrais da cidade a fim verificar os buracos para publicar mat\u00e9ria na revista vitrine\" \/>\n<meta property=\"og:url\" content=\"http:\/\/revistavitrineibiuna.com.br\/?p=30154\" \/>\n<meta property=\"og:site_name\" content=\"Revista Vitrine Online\" \/>\n<meta property=\"article:published_time\" content=\"2023-12-01T11:11:48+00:00\" \/>\n<meta property=\"article:modified_time\" content=\"2023-12-01T11:11:49+00:00\" \/>\n<meta property=\"og:image\" content=\"https:\/\/revistavitrineibiuna.com.br\/wp-content\/uploads\/2023\/11\/buracos-16-1024x678.png\" \/>\n\t<meta property=\"og:image:width\" content=\"1024\" \/>\n\t<meta property=\"og:image:height\" content=\"678\" \/>\n<meta name=\"twitter:card\" content=\"summary\" \/>\n<meta name=\"twitter:label1\" content=\"Est. reading time\">\n\t<meta name=\"twitter:data1\" content=\"4 minutos\">\n<script type=\"application\/ld+json\" class=\"yoast-schema-graph\">{\"@context\":\"https:\/\/schema.org\",\"@graph\":[{\"@type\":\"WebSite\",\"@id\":\"https:\/\/revistavitrineibiuna.com.br\/#website\",\"url\":\"https:\/\/revistavitrineibiuna.com.br\/\",\"name\":\"Revista Vitrine Ibi\\u00fana\",\"description\":\"A Revista de Ibi\\u00fana e Regi\\u00e3o\",\"publisher\":{\"@id\":\"https:\/\/revistavitrineibiuna.com.br\/#\/schema\/person\/e51ef49d6d88170ea21ceabff3f73deb\"},\"potentialAction\":[{\"@type\":\"SearchAction\",\"target\":\"https:\/\/revistavitrineibiuna.com.br\/?s={search_term_string}\",\"query-input\":\"required name=search_term_string\"}],\"inLanguage\":\"pt-BR\"},{\"@type\":\"ImageObject\",\"@id\":\"http:\/\/revistavitrineibiuna.com.br\/?p=30154#primaryimage\",\"inLanguage\":\"pt-BR\",\"url\":\"https:\/\/revistavitrineibiuna.com.br\/wp-content\/uploads\/2023\/11\/buracos-16.png\",\"width\":1597,\"height\":1057},{\"@type\":\"WebPage\",\"@id\":\"http:\/\/revistavitrineibiuna.com.br\/?p=30154#webpage\",\"url\":\"http:\/\/revistavitrineibiuna.com.br\/?p=30154\",\"name\":\"A G2G FIBRA DEVERIA CUIDAR MELHOR DA SUA IMAGEM - Revista Vitrine Online\",\"isPartOf\":{\"@id\":\"https:\/\/revistavitrineibiuna.com.br\/#website\"},\"primaryImageOfPage\":{\"@id\":\"http:\/\/revistavitrineibiuna.com.br\/?p=30154#primaryimage\"},\"datePublished\":\"2023-12-01T11:11:48+00:00\",\"dateModified\":\"2023-12-01T11:11:49+00:00\",\"breadcrumb\":{\"@id\":\"http:\/\/revistavitrineibiuna.com.br\/?p=30154#breadcrumb\"},\"inLanguage\":\"pt-BR\",\"potentialAction\":[{\"@type\":\"ReadAction\",\"target\":[\"http:\/\/revistavitrineibiuna.com.br\/?p=30154\"]}]},{\"@type\":\"BreadcrumbList\",\"@id\":\"http:\/\/revistavitrineibiuna.com.br\/?p=30154#breadcrumb\",\"itemListElement\":[{\"@type\":\"ListItem\",\"position\":1,\"item\":{\"@type\":\"WebPage\",\"@id\":\"https:\/\/revistavitrineibiuna.com.br\/\",\"url\":\"https:\/\/revistavitrineibiuna.com.br\/\",\"name\":\"In\\u00edcio\"}},{\"@type\":\"ListItem\",\"position\":2,\"item\":{\"@type\":\"WebPage\",\"@id\":\"http:\/\/revistavitrineibiuna.com.br\/?p=30154\",\"url\":\"http:\/\/revistavitrineibiuna.com.br\/?p=30154\",\"name\":\"A G2G FIBRA DEVERIA CUIDAR MELHOR DA SUA IMAGEM\"}}]},{\"@type\":\"Article\",\"@id\":\"http:\/\/revistavitrineibiuna.com.br\/?p=30154#article\",\"isPartOf\":{\"@id\":\"http:\/\/revistavitrineibiuna.com.br\/?p=30154#webpage\"},\"author\":{\"@id\":\"https:\/\/revistavitrineibiuna.com.br\/#\/schema\/person\/e51ef49d6d88170ea21ceabff3f73deb\"},\"headline\":\"A G2G FIBRA DEVERIA CUIDAR MELHOR DA SUA IMAGEM\",\"datePublished\":\"2023-12-01T11:11:48+00:00\",\"dateModified\":\"2023-12-01T11:11:49+00:00\",\"mainEntityOfPage\":{\"@id\":\"http:\/\/revistavitrineibiuna.com.br\/?p=30154#webpage\"},\"commentCount\":0,\"publisher\":{\"@id\":\"https:\/\/revistavitrineibiuna.com.br\/#\/schema\/person\/e51ef49d6d88170ea21ceabff3f73deb\"},\"image\":{\"@id\":\"http:\/\/revistavitrineibiuna.com.br\/?p=30154#primaryimage\"},\"articleSection\":\"Not\\u00edcias\",\"inLanguage\":\"pt-BR\",\"potentialAction\":[{\"@type\":\"CommentAction\",\"name\":\"Comment\",\"target\":[\"http:\/\/revistavitrineibiuna.com.br\/?p=30154#respond\"]}]},{\"@type\":[\"Person\",\"Organization\"],\"@id\":\"https:\/\/revistavitrineibiuna.com.br\/#\/schema\/person\/e51ef49d6d88170ea21ceabff3f73deb\",\"name\":\"Carlos Rossini\",\"image\":{\"@type\":\"ImageObject\",\"@id\":\"https:\/\/revistavitrineibiuna.com.br\/#personlogo\",\"inLanguage\":\"pt-BR\",\"url\":\"https:\/\/secure.gravatar.com\/avatar\/4f2d0f99fac1f85c7d643f21f5c8d900?s=96&d=mm&r=g\",\"caption\":\"Carlos Rossini\"},\"logo\":{\"@id\":\"https:\/\/revistavitrineibiuna.com.br\/#personlogo\"},\"description\":\"Carlos Rossini \\u00e9 jornalista, soci\\u00f3logo, escritor e professor universit\\u00e1rio, tendo sido professor de jornalismo por vinte anos. Trabalhou em ve\\u00edculos de comunica\\u00e7\\u00e3o nas fun\\u00e7\\u00f5es de rep\\u00f3rter, redator, editor, articulista e colaborador, como Folha de S. Paulo, O Estado de S. Paulo, Di\\u00e1rio Popular, entre outros. Ao transferir a revista vitrine, vers\\u00e3o imprensa, de S\\u00e3o Paulo para Ibi\\u00fana h\\u00e1 alguns anos, iniciou uma nova experi\\u00eancia profissional, dedicando-se ao jornalismo regional, depois de cumprir uma trajet\\u00f3ria bem-sucedida na grande imprensa brasileira. Seu primeiro livro A Coragem de Comunicar foi lan\\u00e7ado na Bienal do Livro em S\\u00e3o Paulo no ano 2000, pela editora Madras.\"}]}<\/script>\n<!-- \/ Yoast SEO plugin. -->","_links":{"self":[{"href":"https:\/\/revistavitrineibiuna.com.br\/index.php?rest_route=\/wp\/v2\/posts\/30154"}],"collection":[{"href":"https:\/\/revistavitrineibiuna.com.br\/index.php?rest_route=\/wp\/v2\/posts"}],"about":[{"href":"https:\/\/revistavitrineibiuna.com.br\/index.php?rest_route=\/wp\/v2\/types\/post"}],"author":[{"embeddable":true,"href":"https:\/\/revistavitrineibiuna.com.br\/index.php?rest_route=\/wp\/v2\/users\/1"}],"replies":[{"embeddable":true,"href":"https:\/\/revistavitrineibiuna.com.br\/index.php?rest_route=%2Fwp%2Fv2%2Fcomments&post=30154"}],"version-history":[{"count":1,"href":"https:\/\/revistavitrineibiuna.com.br\/index.php?rest_route=\/wp\/v2\/posts\/30154\/revisions"}],"predecessor-version":[{"id":30155,"href":"https:\/\/revistavitrineibiuna.com.br\/index.php?rest_route=\/wp\/v2\/posts\/30154\/revisions\/30155"}],"wp:featuredmedia":[{"embeddable":true,"href":"https:\/\/revistavitrineibiuna.com.br\/index.php?rest_route=\/wp\/v2\/media\/30148"}],"wp:attachment":[{"href":"https:\/\/revistavitrineibiuna.com.br\/index.php?rest_route=%2Fwp%2Fv2%2Fmedia&parent=30154"}],"wp:term":[{"taxonomy":"category","embeddable":true,"href":"https:\/\/revistavitrineibiuna.com.br\/index.php?rest_route=%2Fwp%2Fv2%2Fcategories&post=30154"},{"taxonomy":"post_tag","embeddable":true,"href":"https:\/\/revistavitrineibiuna.com.br\/index.php?rest_route=%2Fwp%2Fv2%2Ftags&post=30154"}],"curies":[{"name":"wp","href":"https:\/\/api.w.org\/{rel}","templated":true}]}}