{"id":30156,"date":"2023-12-01T15:00:59","date_gmt":"2023-12-01T18:00:59","guid":{"rendered":"http:\/\/revistavitrineibiuna.com.br\/?p=30156"},"modified":"2023-12-01T15:01:00","modified_gmt":"2023-12-01T18:01:00","slug":"ibiuna-fabio-bello-e-condenado-a-um-ano-de-reclusao","status":"publish","type":"post","link":"https:\/\/revistavitrineibiuna.com.br\/?p=30156","title":{"rendered":"IBI\u00daNA \u2013 F\u00c1BIO BELLO \u00c9 CONDENADO A UM ANO DE RECLUS\u00c3O"},"content":{"rendered":"\n<p class=\"has-drop-cap\"><strong>O ex-prefeito de Ibi\u00fana e atual secret\u00e1rio de Desenvolvimento Urbano, F\u00e1bio Bello, foi condenado a um ano de reclus\u00e3o na \u00faltima ter\u00e7a-feira (28), pelo juiz da Primeira Vara da Comarca de Ibi\u00fana Acau\u00e3 Muller Ferreira Tirapani, em uma a\u00e7\u00e3o penal p\u00fablica movida pelo Minist\u00e9rio P\u00fablico do Estado de S\u00e3o Paulo.<\/strong><\/p>\n\n\n\n<p><strong>Num primeiro momento, o r\u00e9u foi condenado a cumprir a pena em regime aberto, posteriormente substituiu a pena para cumprimento por meio de presta\u00e7\u00e3o de servi\u00e7os \u00e0 comunidade.<\/strong><\/p>\n\n\n\n<p><strong>A pena se fundamenta no Artigo 359-C, na Lei n\u00ba 10.028, de 2000. Basicamente, o crime foi tipificado em raz\u00e3o de Bello, nos dois \u00faltimos quadrimestres do \u00faltimo ano de seu governo, em 2016, ter feito despesas sem deixar recursos para honrar os respectivos pagamentos. &nbsp;<\/strong><\/p>\n\n\n\n<p><strong>A lei diz o seguinte: \u201cOrdenar ou autorizar a assun\u00e7\u00e3o de obriga\u00e7\u00e3o, nos dois \u00faltimos quadrimestres do \u00faltimo ano de mandato ou legislatura, cuja despesa n\u00e3o possa ser paga no mesmo exerc\u00edcio financeiro ou caso reste parcela a ser paga no exerc\u00edcio seguinte, que n\u00e3o tenha contrapartida suficiente de disponibilidade de caixa\u201d. Pena: \u201creclus\u00e3o, de 1 ano a 4 anos.\u201d<\/strong><\/p>\n\n\n\n<p><strong>Como essa senten\u00e7a foi proferida em primeira inst\u00e2ncia, Bello pode recorrer ao Tribunal de Justi\u00e7a de S\u00e3o Paulo, em segunda inst\u00e2ncia, a quem competir\u00e1 a decis\u00e3o superior.<\/strong><\/p>\n\n\n\n<p><strong>Dessa maneira, os efeitos da senten\u00e7a proferida pelo juiz da Comarca de Ibi\u00fana somente ocorrer\u00e3o com a sua confirma\u00e7\u00e3o pelo Tribunal de Justi\u00e7a.<\/strong><\/p>\n\n\n\n<p><strong>REPERCUSS\u00c3O<\/strong><\/p>\n\n\n\n<p><strong>Essa informa\u00e7\u00e3o assim que foi tornada p\u00fablica se espalhou imediatamente na esfera pol\u00edtica, sendo motivo de coment\u00e1rios, entre os quais de perplexidade. Um dos mais comuns se constituiu numa pergunta: \u201cUma autoridade condenada pode prosseguir numa fun\u00e7\u00e3o p\u00fablica?\u201d<\/strong><\/p>\n\n\n\n<p><strong>F\u00c1BIO COMENTA<\/strong><\/p>\n\n\n\n<p><strong>Em resposta a vitrine online hoje (1) \u00e0 tarde, F\u00e1bio Bello escreveu: \u201cBoa tarde! Tem recurso de embargo com o pr\u00f3prio juiz, no final do processo te respondo. Eu acredito na Justi\u00e7a.\u201d<\/strong><\/p>\n\n\n\n<p><strong>A revista indagou a ele se ele gostaria de comentar sobre a decis\u00e3o da Justi\u00e7a.<\/strong><\/p>\n","protected":false},"excerpt":{"rendered":"<p>O ex-prefeito de Ibi\u00fana e atual secret\u00e1rio de Desenvolvimento Urbano, F\u00e1bio Bello, foi condenado a um ano de reclus\u00e3o na<\/p>\n","protected":false},"author":1,"featured_media":30157,"comment_status":"open","ping_status":"open","sticky":false,"template":"","format":"standard","meta":[],"categories":[3],"tags":[],"yoast_head":"<!-- This site is optimized with the Yoast SEO plugin v15.8 - https:\/\/yoast.com\/wordpress\/plugins\/seo\/ -->\n<title>IBI\u00daNA \u2013 F\u00c1BIO BELLO \u00c9 CONDENADO A UM ANO DE RECLUS\u00c3O - Revista Vitrine Online<\/title>\n<meta name=\"robots\" content=\"index, follow, max-snippet:-1, max-image-preview:large, max-video-preview:-1\" \/>\n<link rel=\"canonical\" href=\"https:\/\/revistavitrineibiuna.com.br\/?p=30156\" \/>\n<meta property=\"og:locale\" content=\"pt_BR\" \/>\n<meta property=\"og:type\" content=\"article\" \/>\n<meta property=\"og:title\" content=\"IBI\u00daNA \u2013 F\u00c1BIO BELLO \u00c9 CONDENADO A UM ANO DE RECLUS\u00c3O - Revista Vitrine Online\" \/>\n<meta property=\"og:description\" content=\"O ex-prefeito de Ibi\u00fana e atual secret\u00e1rio de Desenvolvimento Urbano, F\u00e1bio Bello, foi condenado a um ano de reclus\u00e3o na\" \/>\n<meta property=\"og:url\" content=\"https:\/\/revistavitrineibiuna.com.br\/?p=30156\" \/>\n<meta property=\"og:site_name\" content=\"Revista Vitrine Online\" \/>\n<meta property=\"article:published_time\" content=\"2023-12-01T18:00:59+00:00\" \/>\n<meta property=\"article:modified_time\" content=\"2023-12-01T18:01:00+00:00\" \/>\n<meta property=\"og:image\" content=\"https:\/\/revistavitrineibiuna.com.br\/wp-content\/uploads\/2023\/12\/fabio-condenado-1.12.2023.png\" \/>\n\t<meta property=\"og:image:width\" content=\"638\" \/>\n\t<meta property=\"og:image:height\" content=\"374\" \/>\n<meta name=\"twitter:card\" content=\"summary\" \/>\n<meta name=\"twitter:label1\" content=\"Est. reading time\">\n\t<meta name=\"twitter:data1\" content=\"2 minutos\">\n<script type=\"application\/ld+json\" class=\"yoast-schema-graph\">{\"@context\":\"https:\/\/schema.org\",\"@graph\":[{\"@type\":\"WebSite\",\"@id\":\"https:\/\/revistavitrineibiuna.com.br\/#website\",\"url\":\"https:\/\/revistavitrineibiuna.com.br\/\",\"name\":\"Revista Vitrine Ibi\\u00fana\",\"description\":\"A Revista de Ibi\\u00fana e Regi\\u00e3o\",\"publisher\":{\"@id\":\"https:\/\/revistavitrineibiuna.com.br\/#\/schema\/person\/e51ef49d6d88170ea21ceabff3f73deb\"},\"potentialAction\":[{\"@type\":\"SearchAction\",\"target\":\"https:\/\/revistavitrineibiuna.com.br\/?s={search_term_string}\",\"query-input\":\"required name=search_term_string\"}],\"inLanguage\":\"pt-BR\"},{\"@type\":\"ImageObject\",\"@id\":\"https:\/\/revistavitrineibiuna.com.br\/?p=30156#primaryimage\",\"inLanguage\":\"pt-BR\",\"url\":\"https:\/\/revistavitrineibiuna.com.br\/wp-content\/uploads\/2023\/12\/fabio-condenado-1.12.2023.png\",\"width\":638,\"height\":374},{\"@type\":\"WebPage\",\"@id\":\"https:\/\/revistavitrineibiuna.com.br\/?p=30156#webpage\",\"url\":\"https:\/\/revistavitrineibiuna.com.br\/?p=30156\",\"name\":\"IBI\\u00daNA \\u2013 F\\u00c1BIO BELLO \\u00c9 CONDENADO A UM ANO DE RECLUS\\u00c3O - Revista Vitrine Online\",\"isPartOf\":{\"@id\":\"https:\/\/revistavitrineibiuna.com.br\/#website\"},\"primaryImageOfPage\":{\"@id\":\"https:\/\/revistavitrineibiuna.com.br\/?p=30156#primaryimage\"},\"datePublished\":\"2023-12-01T18:00:59+00:00\",\"dateModified\":\"2023-12-01T18:01:00+00:00\",\"breadcrumb\":{\"@id\":\"https:\/\/revistavitrineibiuna.com.br\/?p=30156#breadcrumb\"},\"inLanguage\":\"pt-BR\",\"potentialAction\":[{\"@type\":\"ReadAction\",\"target\":[\"https:\/\/revistavitrineibiuna.com.br\/?p=30156\"]}]},{\"@type\":\"BreadcrumbList\",\"@id\":\"https:\/\/revistavitrineibiuna.com.br\/?p=30156#breadcrumb\",\"itemListElement\":[{\"@type\":\"ListItem\",\"position\":1,\"item\":{\"@type\":\"WebPage\",\"@id\":\"https:\/\/revistavitrineibiuna.com.br\/\",\"url\":\"https:\/\/revistavitrineibiuna.com.br\/\",\"name\":\"In\\u00edcio\"}},{\"@type\":\"ListItem\",\"position\":2,\"item\":{\"@type\":\"WebPage\",\"@id\":\"https:\/\/revistavitrineibiuna.com.br\/?p=30156\",\"url\":\"https:\/\/revistavitrineibiuna.com.br\/?p=30156\",\"name\":\"IBI\\u00daNA \\u2013 F\\u00c1BIO BELLO \\u00c9 CONDENADO A UM ANO DE RECLUS\\u00c3O\"}}]},{\"@type\":\"Article\",\"@id\":\"https:\/\/revistavitrineibiuna.com.br\/?p=30156#article\",\"isPartOf\":{\"@id\":\"https:\/\/revistavitrineibiuna.com.br\/?p=30156#webpage\"},\"author\":{\"@id\":\"https:\/\/revistavitrineibiuna.com.br\/#\/schema\/person\/e51ef49d6d88170ea21ceabff3f73deb\"},\"headline\":\"IBI\\u00daNA \\u2013 F\\u00c1BIO BELLO \\u00c9 CONDENADO A UM ANO DE RECLUS\\u00c3O\",\"datePublished\":\"2023-12-01T18:00:59+00:00\",\"dateModified\":\"2023-12-01T18:01:00+00:00\",\"mainEntityOfPage\":{\"@id\":\"https:\/\/revistavitrineibiuna.com.br\/?p=30156#webpage\"},\"commentCount\":0,\"publisher\":{\"@id\":\"https:\/\/revistavitrineibiuna.com.br\/#\/schema\/person\/e51ef49d6d88170ea21ceabff3f73deb\"},\"image\":{\"@id\":\"https:\/\/revistavitrineibiuna.com.br\/?p=30156#primaryimage\"},\"articleSection\":\"Not\\u00edcias\",\"inLanguage\":\"pt-BR\",\"potentialAction\":[{\"@type\":\"CommentAction\",\"name\":\"Comment\",\"target\":[\"https:\/\/revistavitrineibiuna.com.br\/?p=30156#respond\"]}]},{\"@type\":[\"Person\",\"Organization\"],\"@id\":\"https:\/\/revistavitrineibiuna.com.br\/#\/schema\/person\/e51ef49d6d88170ea21ceabff3f73deb\",\"name\":\"Carlos Rossini\",\"image\":{\"@type\":\"ImageObject\",\"@id\":\"https:\/\/revistavitrineibiuna.com.br\/#personlogo\",\"inLanguage\":\"pt-BR\",\"url\":\"https:\/\/secure.gravatar.com\/avatar\/4f2d0f99fac1f85c7d643f21f5c8d900?s=96&d=mm&r=g\",\"caption\":\"Carlos Rossini\"},\"logo\":{\"@id\":\"https:\/\/revistavitrineibiuna.com.br\/#personlogo\"},\"description\":\"Carlos Rossini \\u00e9 jornalista, soci\\u00f3logo, escritor e professor universit\\u00e1rio, tendo sido professor de jornalismo por vinte anos. Trabalhou em ve\\u00edculos de comunica\\u00e7\\u00e3o nas fun\\u00e7\\u00f5es de rep\\u00f3rter, redator, editor, articulista e colaborador, como Folha de S. Paulo, O Estado de S. Paulo, Di\\u00e1rio Popular, entre outros. Ao transferir a revista vitrine, vers\\u00e3o imprensa, de S\\u00e3o Paulo para Ibi\\u00fana h\\u00e1 alguns anos, iniciou uma nova experi\\u00eancia profissional, dedicando-se ao jornalismo regional, depois de cumprir uma trajet\\u00f3ria bem-sucedida na grande imprensa brasileira. Seu primeiro livro A Coragem de Comunicar foi lan\\u00e7ado na Bienal do Livro em S\\u00e3o Paulo no ano 2000, pela editora Madras.\"}]}<\/script>\n<!-- \/ Yoast SEO plugin. -->","_links":{"self":[{"href":"https:\/\/revistavitrineibiuna.com.br\/index.php?rest_route=\/wp\/v2\/posts\/30156"}],"collection":[{"href":"https:\/\/revistavitrineibiuna.com.br\/index.php?rest_route=\/wp\/v2\/posts"}],"about":[{"href":"https:\/\/revistavitrineibiuna.com.br\/index.php?rest_route=\/wp\/v2\/types\/post"}],"author":[{"embeddable":true,"href":"https:\/\/revistavitrineibiuna.com.br\/index.php?rest_route=\/wp\/v2\/users\/1"}],"replies":[{"embeddable":true,"href":"https:\/\/revistavitrineibiuna.com.br\/index.php?rest_route=%2Fwp%2Fv2%2Fcomments&post=30156"}],"version-history":[{"count":1,"href":"https:\/\/revistavitrineibiuna.com.br\/index.php?rest_route=\/wp\/v2\/posts\/30156\/revisions"}],"predecessor-version":[{"id":30158,"href":"https:\/\/revistavitrineibiuna.com.br\/index.php?rest_route=\/wp\/v2\/posts\/30156\/revisions\/30158"}],"wp:featuredmedia":[{"embeddable":true,"href":"https:\/\/revistavitrineibiuna.com.br\/index.php?rest_route=\/wp\/v2\/media\/30157"}],"wp:attachment":[{"href":"https:\/\/revistavitrineibiuna.com.br\/index.php?rest_route=%2Fwp%2Fv2%2Fmedia&parent=30156"}],"wp:term":[{"taxonomy":"category","embeddable":true,"href":"https:\/\/revistavitrineibiuna.com.br\/index.php?rest_route=%2Fwp%2Fv2%2Fcategories&post=30156"},{"taxonomy":"post_tag","embeddable":true,"href":"https:\/\/revistavitrineibiuna.com.br\/index.php?rest_route=%2Fwp%2Fv2%2Ftags&post=30156"}],"curies":[{"name":"wp","href":"https:\/\/api.w.org\/{rel}","templated":true}]}}