{"id":30159,"date":"2023-12-02T17:22:07","date_gmt":"2023-12-02T20:22:07","guid":{"rendered":"http:\/\/revistavitrineibiuna.com.br\/?p=30159"},"modified":"2023-12-02T19:01:19","modified_gmt":"2023-12-02T22:01:19","slug":"ibiuna-inauguracao-de-painel-de-led-vision-ontem-a-noite-quase-vira-tragedia","status":"publish","type":"post","link":"https:\/\/revistavitrineibiuna.com.br\/?p=30159","title":{"rendered":"IBI\u00daNA \u2013 INAUGURA\u00c7\u00c3O DE PAINEL DE LED VISION ONTEM \u00c0 NOITE QUASE VIRA TRAG\u00c9DIA"},"content":{"rendered":"\n<p class=\"has-drop-cap\"><strong>A inaugura\u00e7\u00e3o de um grande painel de led, para divulga\u00e7\u00e3o publicit\u00e1ria, ontem \u00e0 noite (1\u00ba), na pra\u00e7a Jos\u00e9 Mendes,\u00a0 localizada em frente ao Pa\u00e7o Municipal e do Supermercado S\u00e3o Roque, no centro da cidade de Ibi\u00fana, quase se transformou numa trag\u00e9dia.<\/strong><\/p>\n\n\n\n<p><strong>\u00c9 que no mesmo momento muitas fam\u00edlias aguardavam a sa\u00edda da carreata natalina de caminh\u00f5es do supermercado, houve a explos\u00e3o de fogos de artif\u00edcios com estampidos [o que est\u00e1 proibido por lei em todo o estado de S\u00e3o Paulo] e algo parece ter dado errado na coloca\u00e7\u00e3o das baterias dos fogos e as explos\u00f5es ocorreram em baixa altura.<\/strong><\/p>\n\n\n\n<p><strong>Muitas pessoas se assustaram, at\u00e9 mesmo quem estava filmando a cena com os seus celulares, e sa\u00edram correndo para n\u00e3o serem atingidas, incluindo mulheres com beb\u00eas no colo.<\/strong><\/p>\n\n\n\n<figure class=\"wp-block-image size-large\"><img loading=\"lazy\" width=\"714\" height=\"466\" src=\"https:\/\/revistavitrineibiuna.com.br\/wp-content\/uploads\/2023\/12\/led-vision-2.png\" alt=\"\" class=\"wp-image-30163\" srcset=\"https:\/\/revistavitrineibiuna.com.br\/wp-content\/uploads\/2023\/12\/led-vision-2.png 714w, https:\/\/revistavitrineibiuna.com.br\/wp-content\/uploads\/2023\/12\/led-vision-2-300x196.png 300w\" sizes=\"(max-width: 714px) 100vw, 714px\" \/><figcaption>As pessoas foram surpreendidas, de repente, com os fogos e estouros aparentemente fora de controle<\/figcaption><\/figure>\n\n\n\n<p><strong>\u201cFoi muito assustador, o que era para ser um instante de alegria se tornou medo\u201d, afirmou uma mulher que se encontrava no local com seus familiares, mas aguardando o in\u00edcio da carreata natalina.<\/strong><\/p>\n\n\n\n<p><strong>DANOS<\/strong> <strong>E BO<\/strong><\/p>\n\n\n\n<p><strong>Segundo vitrine online apurou, o uso de fogos de artif\u00edcios com estampidos, proibido em todo o estado de S\u00e3o Paulo, e n\u00e3o autorizado pela Prefeitura, tanto \u00e9 que as pr\u00f3prias autoridades registraram boletim de ocorr\u00eancia na delegacia local, com o objetivo de identificar o respons\u00e1vel por esse fato e promover a abertura de um processo.<\/strong><\/p>\n\n\n\n<p><strong>Diversos carros foram danificados pelos fogos e seus propriet\u00e1rios est\u00e3o sendo orientados a procurarem a Policia Militar ou a Pol\u00edcia Civil, na Delegacia de Pol\u00edcia, a fim de que fa\u00e7am boletim de ocorr\u00eancia para que possam ser ressarcidos dos danos provocados em seus ve\u00edculos.<\/strong> <strong>As provid\u00eancias legais devem ser tomadas por \u00f3rg\u00e3os vinculados ao governo estadual.<\/strong><\/p>\n\n\n\n<p><strong>Isto porque, ao contr\u00e1rio do vizinho munic\u00edpio de S\u00e3o Roque, que j\u00e1 conta com uma legisla\u00e7\u00e3o espec\u00edfica que pro\u00edbe e pune os infratores, Ibi\u00fana ainda n\u00e3o disp\u00f5e<\/strong> <strong>dessa lei.<\/strong><\/p>\n\n\n\n<figure class=\"wp-block-image size-large\"><img loading=\"lazy\" width=\"717\" height=\"482\" src=\"https:\/\/revistavitrineibiuna.com.br\/wp-content\/uploads\/2023\/12\/led-vision-3.png\" alt=\"\" class=\"wp-image-30166\" srcset=\"https:\/\/revistavitrineibiuna.com.br\/wp-content\/uploads\/2023\/12\/led-vision-3.png 717w, https:\/\/revistavitrineibiuna.com.br\/wp-content\/uploads\/2023\/12\/led-vision-3-300x202.png 300w\" sizes=\"(max-width: 717px) 100vw, 717px\" \/><figcaption>Assustadas com as explos\u00f5es, algumas pessoas correm, enquanto se houve a voz do apresentador: &#8220;Calma! Calma!&#8221;<\/figcaption><\/figure>\n\n\n\n<figure class=\"wp-block-image size-large\"><img loading=\"lazy\" width=\"717\" height=\"464\" src=\"https:\/\/revistavitrineibiuna.com.br\/wp-content\/uploads\/2023\/12\/led-vision-4.png\" alt=\"\" class=\"wp-image-30168\" srcset=\"https:\/\/revistavitrineibiuna.com.br\/wp-content\/uploads\/2023\/12\/led-vision-4.png 717w, https:\/\/revistavitrineibiuna.com.br\/wp-content\/uploads\/2023\/12\/led-vision-4-300x194.png 300w\" sizes=\"(max-width: 717px) 100vw, 717px\" \/><figcaption>O painel de led vision ainda envolvido pela fuma\u00e7a dos fogos estridentes<\/figcaption><\/figure>\n","protected":false},"excerpt":{"rendered":"<p>A inaugura\u00e7\u00e3o de um grande painel de led, para divulga\u00e7\u00e3o publicit\u00e1ria, ontem \u00e0 noite (1\u00ba), na pra\u00e7a Jos\u00e9 Mendes,\u00a0 localizada<\/p>\n","protected":false},"author":1,"featured_media":30160,"comment_status":"open","ping_status":"open","sticky":false,"template":"","format":"standard","meta":[],"categories":[3],"tags":[],"yoast_head":"<!-- This site is optimized with the Yoast SEO plugin v15.8 - https:\/\/yoast.com\/wordpress\/plugins\/seo\/ -->\n<title>IBI\u00daNA \u2013 INAUGURA\u00c7\u00c3O DE PAINEL DE LED VISION ONTEM \u00c0 NOITE QUASE VIRA TRAG\u00c9DIA - Revista Vitrine Online<\/title>\n<meta name=\"robots\" content=\"index, follow, max-snippet:-1, max-image-preview:large, max-video-preview:-1\" \/>\n<link rel=\"canonical\" href=\"http:\/\/revistavitrineibiuna.com.br\/?p=30159\" \/>\n<meta property=\"og:locale\" content=\"pt_BR\" \/>\n<meta property=\"og:type\" content=\"article\" \/>\n<meta property=\"og:title\" content=\"IBI\u00daNA \u2013 INAUGURA\u00c7\u00c3O DE PAINEL DE LED VISION ONTEM \u00c0 NOITE QUASE VIRA TRAG\u00c9DIA - Revista Vitrine Online\" \/>\n<meta property=\"og:description\" content=\"A inaugura\u00e7\u00e3o de um grande painel de led, para divulga\u00e7\u00e3o publicit\u00e1ria, ontem \u00e0 noite (1\u00ba), na pra\u00e7a Jos\u00e9 Mendes,\u00a0 localizada\" \/>\n<meta property=\"og:url\" content=\"http:\/\/revistavitrineibiuna.com.br\/?p=30159\" \/>\n<meta property=\"og:site_name\" content=\"Revista Vitrine Online\" \/>\n<meta property=\"article:published_time\" content=\"2023-12-02T20:22:07+00:00\" \/>\n<meta property=\"article:modified_time\" content=\"2023-12-02T22:01:19+00:00\" \/>\n<meta property=\"og:image\" content=\"https:\/\/revistavitrineibiuna.com.br\/wp-content\/uploads\/2023\/12\/fogos-led-vision-1.png\" \/>\n\t<meta property=\"og:image:width\" content=\"719\" \/>\n\t<meta property=\"og:image:height\" content=\"434\" \/>\n<meta name=\"twitter:card\" content=\"summary\" \/>\n<meta name=\"twitter:label1\" content=\"Est. reading time\">\n\t<meta name=\"twitter:data1\" content=\"3 minutos\">\n<script type=\"application\/ld+json\" class=\"yoast-schema-graph\">{\"@context\":\"https:\/\/schema.org\",\"@graph\":[{\"@type\":\"WebSite\",\"@id\":\"https:\/\/revistavitrineibiuna.com.br\/#website\",\"url\":\"https:\/\/revistavitrineibiuna.com.br\/\",\"name\":\"Revista Vitrine Ibi\\u00fana\",\"description\":\"A Revista de Ibi\\u00fana e Regi\\u00e3o\",\"publisher\":{\"@id\":\"https:\/\/revistavitrineibiuna.com.br\/#\/schema\/person\/e51ef49d6d88170ea21ceabff3f73deb\"},\"potentialAction\":[{\"@type\":\"SearchAction\",\"target\":\"https:\/\/revistavitrineibiuna.com.br\/?s={search_term_string}\",\"query-input\":\"required name=search_term_string\"}],\"inLanguage\":\"pt-BR\"},{\"@type\":\"ImageObject\",\"@id\":\"http:\/\/revistavitrineibiuna.com.br\/?p=30159#primaryimage\",\"inLanguage\":\"pt-BR\",\"url\":\"https:\/\/revistavitrineibiuna.com.br\/wp-content\/uploads\/2023\/12\/fogos-led-vision-1.png\",\"width\":719,\"height\":434},{\"@type\":\"WebPage\",\"@id\":\"http:\/\/revistavitrineibiuna.com.br\/?p=30159#webpage\",\"url\":\"http:\/\/revistavitrineibiuna.com.br\/?p=30159\",\"name\":\"IBI\\u00daNA \\u2013 INAUGURA\\u00c7\\u00c3O DE PAINEL DE LED VISION ONTEM \\u00c0 NOITE QUASE VIRA TRAG\\u00c9DIA - Revista Vitrine Online\",\"isPartOf\":{\"@id\":\"https:\/\/revistavitrineibiuna.com.br\/#website\"},\"primaryImageOfPage\":{\"@id\":\"http:\/\/revistavitrineibiuna.com.br\/?p=30159#primaryimage\"},\"datePublished\":\"2023-12-02T20:22:07+00:00\",\"dateModified\":\"2023-12-02T22:01:19+00:00\",\"breadcrumb\":{\"@id\":\"http:\/\/revistavitrineibiuna.com.br\/?p=30159#breadcrumb\"},\"inLanguage\":\"pt-BR\",\"potentialAction\":[{\"@type\":\"ReadAction\",\"target\":[\"http:\/\/revistavitrineibiuna.com.br\/?p=30159\"]}]},{\"@type\":\"BreadcrumbList\",\"@id\":\"http:\/\/revistavitrineibiuna.com.br\/?p=30159#breadcrumb\",\"itemListElement\":[{\"@type\":\"ListItem\",\"position\":1,\"item\":{\"@type\":\"WebPage\",\"@id\":\"https:\/\/revistavitrineibiuna.com.br\/\",\"url\":\"https:\/\/revistavitrineibiuna.com.br\/\",\"name\":\"In\\u00edcio\"}},{\"@type\":\"ListItem\",\"position\":2,\"item\":{\"@type\":\"WebPage\",\"@id\":\"http:\/\/revistavitrineibiuna.com.br\/?p=30159\",\"url\":\"http:\/\/revistavitrineibiuna.com.br\/?p=30159\",\"name\":\"IBI\\u00daNA \\u2013 INAUGURA\\u00c7\\u00c3O DE PAINEL DE LED VISION ONTEM \\u00c0 NOITE QUASE VIRA TRAG\\u00c9DIA\"}}]},{\"@type\":\"Article\",\"@id\":\"http:\/\/revistavitrineibiuna.com.br\/?p=30159#article\",\"isPartOf\":{\"@id\":\"http:\/\/revistavitrineibiuna.com.br\/?p=30159#webpage\"},\"author\":{\"@id\":\"https:\/\/revistavitrineibiuna.com.br\/#\/schema\/person\/e51ef49d6d88170ea21ceabff3f73deb\"},\"headline\":\"IBI\\u00daNA \\u2013 INAUGURA\\u00c7\\u00c3O DE PAINEL DE LED VISION ONTEM \\u00c0 NOITE QUASE VIRA TRAG\\u00c9DIA\",\"datePublished\":\"2023-12-02T20:22:07+00:00\",\"dateModified\":\"2023-12-02T22:01:19+00:00\",\"mainEntityOfPage\":{\"@id\":\"http:\/\/revistavitrineibiuna.com.br\/?p=30159#webpage\"},\"commentCount\":0,\"publisher\":{\"@id\":\"https:\/\/revistavitrineibiuna.com.br\/#\/schema\/person\/e51ef49d6d88170ea21ceabff3f73deb\"},\"image\":{\"@id\":\"http:\/\/revistavitrineibiuna.com.br\/?p=30159#primaryimage\"},\"articleSection\":\"Not\\u00edcias\",\"inLanguage\":\"pt-BR\",\"potentialAction\":[{\"@type\":\"CommentAction\",\"name\":\"Comment\",\"target\":[\"http:\/\/revistavitrineibiuna.com.br\/?p=30159#respond\"]}]},{\"@type\":[\"Person\",\"Organization\"],\"@id\":\"https:\/\/revistavitrineibiuna.com.br\/#\/schema\/person\/e51ef49d6d88170ea21ceabff3f73deb\",\"name\":\"Carlos Rossini\",\"image\":{\"@type\":\"ImageObject\",\"@id\":\"https:\/\/revistavitrineibiuna.com.br\/#personlogo\",\"inLanguage\":\"pt-BR\",\"url\":\"https:\/\/secure.gravatar.com\/avatar\/4f2d0f99fac1f85c7d643f21f5c8d900?s=96&d=mm&r=g\",\"caption\":\"Carlos Rossini\"},\"logo\":{\"@id\":\"https:\/\/revistavitrineibiuna.com.br\/#personlogo\"},\"description\":\"Carlos Rossini \\u00e9 jornalista, soci\\u00f3logo, escritor e professor universit\\u00e1rio, tendo sido professor de jornalismo por vinte anos. Trabalhou em ve\\u00edculos de comunica\\u00e7\\u00e3o nas fun\\u00e7\\u00f5es de rep\\u00f3rter, redator, editor, articulista e colaborador, como Folha de S. Paulo, O Estado de S. Paulo, Di\\u00e1rio Popular, entre outros. Ao transferir a revista vitrine, vers\\u00e3o imprensa, de S\\u00e3o Paulo para Ibi\\u00fana h\\u00e1 alguns anos, iniciou uma nova experi\\u00eancia profissional, dedicando-se ao jornalismo regional, depois de cumprir uma trajet\\u00f3ria bem-sucedida na grande imprensa brasileira. Seu primeiro livro A Coragem de Comunicar foi lan\\u00e7ado na Bienal do Livro em S\\u00e3o Paulo no ano 2000, pela editora Madras.\"}]}<\/script>\n<!-- \/ Yoast SEO plugin. -->","_links":{"self":[{"href":"https:\/\/revistavitrineibiuna.com.br\/index.php?rest_route=\/wp\/v2\/posts\/30159"}],"collection":[{"href":"https:\/\/revistavitrineibiuna.com.br\/index.php?rest_route=\/wp\/v2\/posts"}],"about":[{"href":"https:\/\/revistavitrineibiuna.com.br\/index.php?rest_route=\/wp\/v2\/types\/post"}],"author":[{"embeddable":true,"href":"https:\/\/revistavitrineibiuna.com.br\/index.php?rest_route=\/wp\/v2\/users\/1"}],"replies":[{"embeddable":true,"href":"https:\/\/revistavitrineibiuna.com.br\/index.php?rest_route=%2Fwp%2Fv2%2Fcomments&post=30159"}],"version-history":[{"count":20,"href":"https:\/\/revistavitrineibiuna.com.br\/index.php?rest_route=\/wp\/v2\/posts\/30159\/revisions"}],"predecessor-version":[{"id":30189,"href":"https:\/\/revistavitrineibiuna.com.br\/index.php?rest_route=\/wp\/v2\/posts\/30159\/revisions\/30189"}],"wp:featuredmedia":[{"embeddable":true,"href":"https:\/\/revistavitrineibiuna.com.br\/index.php?rest_route=\/wp\/v2\/media\/30160"}],"wp:attachment":[{"href":"https:\/\/revistavitrineibiuna.com.br\/index.php?rest_route=%2Fwp%2Fv2%2Fmedia&parent=30159"}],"wp:term":[{"taxonomy":"category","embeddable":true,"href":"https:\/\/revistavitrineibiuna.com.br\/index.php?rest_route=%2Fwp%2Fv2%2Fcategories&post=30159"},{"taxonomy":"post_tag","embeddable":true,"href":"https:\/\/revistavitrineibiuna.com.br\/index.php?rest_route=%2Fwp%2Fv2%2Ftags&post=30159"}],"curies":[{"name":"wp","href":"https:\/\/api.w.org\/{rel}","templated":true}]}}