{"id":30190,"date":"2023-12-03T23:51:46","date_gmt":"2023-12-04T02:51:46","guid":{"rendered":"http:\/\/revistavitrineibiuna.com.br\/?p=30190"},"modified":"2023-12-04T12:45:46","modified_gmt":"2023-12-04T15:45:46","slug":"ibiuna-menino-que-se-afogou-em-piscina-esta-em-coma-induzido","status":"publish","type":"post","link":"https:\/\/revistavitrineibiuna.com.br\/?p=30190","title":{"rendered":"IBI\u00daNA &#8211; MENINO QUE SE AFOGOU EM PISCINA EST\u00c1 EM COMA INDUZIDO"},"content":{"rendered":"\n<p class=\"has-drop-cap\"><strong>D. Erika Ara\u00fajo, m\u00e3e do pequeno Bryan, de 3 anos, que se afogou numa piscina em Ibi\u00fana no \u00faltimo s\u00e1bado (2), informou a revista vitrine online por volta das 22 horas de hoje (3), que seu filho continua internado no Hospital Regional em Sorocaba (foto), que seu estado ainda \u00e9 grave e que ele se encontra em coma induzido.<\/strong><\/p>\n\n\n\n<p><strong>Mas ela disse crer \u201cque Deus mudar\u00e1 a linguagem m\u00e9dica para um milagre de melhoras\u201d. Erika e o marido se encontram no hospital acompanhando a evolu\u00e7\u00e3o do quadro de sa\u00fade do filho.<\/strong><\/p>\n\n\n\n<p><strong>A repercuss\u00e3o dessa not\u00edcia comoveu muitas pessoas que passaram a orar pela vida do menino e indagar a revista como era seu estado de sa\u00fade.<\/strong><\/p>\n\n\n\n<p><strong>SAMU INFORMOU<\/strong><\/p>\n\n\n\n<p><strong>A primeira informa\u00e7\u00e3o sobre esse acidente foi encaminhada por um t\u00e9cnico de enfermagem do Samu na noite da sexta-feira. Dizia que a fam\u00edlia de um menino que estava em passeio de fim de semana em Ibi\u00fana chegou \u00e0 base, na Av. Antonio Falci, por volta das 18h30. A crian\u00e7a havia ca\u00eddo em uma piscina e se afogado.<\/strong><\/p>\n\n\n\n<p><strong>Imediatamente uma equipe formada pela enfermeira Glauce, t\u00e9cnicos Menitti e Alexandre e o condutor Idair deu in\u00edcio ao atendimento, com manobra de reanima\u00e7\u00e3o. Logo, transferiram a crian\u00e7a para o Pronto Socorro Infantil do Hospital Municipal de Ibi\u00fana, onde a crian\u00e7a voltou a respirar, sendo, em seguida, intubada e transferida para o hospital em Sorocaba.<\/strong><\/p>\n\n\n\n<p><strong>Por volta das 21h30, o Hospital de Ibi\u00fana informou que o estado da crian\u00e7a infelizmente era grave. Seus familiares estavam aflitos e orando.<\/strong><\/p>\n\n\n\n<p><strong>Durante os procedimentos, foi extremamente dif\u00edcil conseguir informa\u00e7\u00e3o sobre a atua\u00e7\u00e3o dos profissionais de sa\u00fade que se desdobraram para salvar a vida do pequeno Bryan.<\/strong><\/p>\n\n\n\n<p><strong>NO PSI<\/strong><\/p>\n\n\n\n<p><strong>A t\u00e9cnica de enfermagem Samantha Mello que fez parte da equipe de atendimento, visando, segundo ela, \u201cinformando melhor a revista vitrine de Ibi\u00fana [muito obrigado] fez o seguinte coment\u00e1rio na postagem do Facebook.<\/strong><\/p>\n\n\n\n<p><strong>\u201cA crian\u00e7a deu entrada no Pronto Socorro Infantil de Ibi\u00fana ainda em parada cardiorrespirat\u00f3ria, levada pela equipe do Samu que passou a intercorr\u00eancia para a equipe de plant\u00e3o do PSI liderada pelo enfermeiro Cleber Muratt, t\u00e9cnicas de enfermagem Samantha e Tawani, auxiliar de enfermagem Rita e m\u00e9dico plantonista Ivan e a fisio Nat\u00e1lia, que estavam no t\u00e9rmino do plant\u00e3o, onde prontamente assumiram o atendimento de imediato, onde, ap\u00f3s muita dedica\u00e7\u00e3o da equipe ali presente no PSI e gra\u00e7as a Deus foi reanimada, intubada e transferida para Sorocaba.\u201d<\/strong><\/p>\n","protected":false},"excerpt":{"rendered":"<p>D. Erika Ara\u00fajo, m\u00e3e do pequeno Bryan, de 3 anos, que se afogou numa piscina em Ibi\u00fana no \u00faltimo s\u00e1bado<\/p>\n","protected":false},"author":1,"featured_media":30191,"comment_status":"open","ping_status":"open","sticky":false,"template":"","format":"standard","meta":[],"categories":[3],"tags":[],"yoast_head":"<!-- This site is optimized with the Yoast SEO plugin v15.8 - https:\/\/yoast.com\/wordpress\/plugins\/seo\/ -->\n<title>IBI\u00daNA - MENINO QUE SE AFOGOU EM PISCINA EST\u00c1 EM COMA INDUZIDO - Revista Vitrine Online<\/title>\n<meta name=\"robots\" content=\"index, follow, max-snippet:-1, max-image-preview:large, max-video-preview:-1\" \/>\n<link rel=\"canonical\" href=\"http:\/\/revistavitrineibiuna.com.br\/?p=30190\" \/>\n<meta property=\"og:locale\" content=\"pt_BR\" \/>\n<meta property=\"og:type\" content=\"article\" \/>\n<meta property=\"og:title\" content=\"IBI\u00daNA - MENINO QUE SE AFOGOU EM PISCINA EST\u00c1 EM COMA INDUZIDO - Revista Vitrine Online\" \/>\n<meta property=\"og:description\" content=\"D. Erika Ara\u00fajo, m\u00e3e do pequeno Bryan, de 3 anos, que se afogou numa piscina em Ibi\u00fana no \u00faltimo s\u00e1bado\" \/>\n<meta property=\"og:url\" content=\"http:\/\/revistavitrineibiuna.com.br\/?p=30190\" \/>\n<meta property=\"og:site_name\" content=\"Revista Vitrine Online\" \/>\n<meta property=\"article:published_time\" content=\"2023-12-04T02:51:46+00:00\" \/>\n<meta property=\"article:modified_time\" content=\"2023-12-04T15:45:46+00:00\" \/>\n<meta property=\"og:image\" content=\"https:\/\/revistavitrineibiuna.com.br\/wp-content\/uploads\/2023\/12\/conjunto-hospitalar-de-soocaba.png\" \/>\n\t<meta property=\"og:image:width\" content=\"984\" \/>\n\t<meta property=\"og:image:height\" content=\"551\" \/>\n<meta name=\"twitter:card\" content=\"summary\" \/>\n<meta name=\"twitter:label1\" content=\"Est. reading time\">\n\t<meta name=\"twitter:data1\" content=\"2 minutos\">\n<script type=\"application\/ld+json\" class=\"yoast-schema-graph\">{\"@context\":\"https:\/\/schema.org\",\"@graph\":[{\"@type\":\"WebSite\",\"@id\":\"https:\/\/revistavitrineibiuna.com.br\/#website\",\"url\":\"https:\/\/revistavitrineibiuna.com.br\/\",\"name\":\"Revista Vitrine Ibi\\u00fana\",\"description\":\"A Revista de Ibi\\u00fana e Regi\\u00e3o\",\"publisher\":{\"@id\":\"https:\/\/revistavitrineibiuna.com.br\/#\/schema\/person\/e51ef49d6d88170ea21ceabff3f73deb\"},\"potentialAction\":[{\"@type\":\"SearchAction\",\"target\":\"https:\/\/revistavitrineibiuna.com.br\/?s={search_term_string}\",\"query-input\":\"required name=search_term_string\"}],\"inLanguage\":\"pt-BR\"},{\"@type\":\"ImageObject\",\"@id\":\"http:\/\/revistavitrineibiuna.com.br\/?p=30190#primaryimage\",\"inLanguage\":\"pt-BR\",\"url\":\"https:\/\/revistavitrineibiuna.com.br\/wp-content\/uploads\/2023\/12\/conjunto-hospitalar-de-soocaba.png\",\"width\":984,\"height\":551},{\"@type\":\"WebPage\",\"@id\":\"http:\/\/revistavitrineibiuna.com.br\/?p=30190#webpage\",\"url\":\"http:\/\/revistavitrineibiuna.com.br\/?p=30190\",\"name\":\"IBI\\u00daNA - MENINO QUE SE AFOGOU EM PISCINA EST\\u00c1 EM COMA INDUZIDO - Revista Vitrine Online\",\"isPartOf\":{\"@id\":\"https:\/\/revistavitrineibiuna.com.br\/#website\"},\"primaryImageOfPage\":{\"@id\":\"http:\/\/revistavitrineibiuna.com.br\/?p=30190#primaryimage\"},\"datePublished\":\"2023-12-04T02:51:46+00:00\",\"dateModified\":\"2023-12-04T15:45:46+00:00\",\"breadcrumb\":{\"@id\":\"http:\/\/revistavitrineibiuna.com.br\/?p=30190#breadcrumb\"},\"inLanguage\":\"pt-BR\",\"potentialAction\":[{\"@type\":\"ReadAction\",\"target\":[\"http:\/\/revistavitrineibiuna.com.br\/?p=30190\"]}]},{\"@type\":\"BreadcrumbList\",\"@id\":\"http:\/\/revistavitrineibiuna.com.br\/?p=30190#breadcrumb\",\"itemListElement\":[{\"@type\":\"ListItem\",\"position\":1,\"item\":{\"@type\":\"WebPage\",\"@id\":\"https:\/\/revistavitrineibiuna.com.br\/\",\"url\":\"https:\/\/revistavitrineibiuna.com.br\/\",\"name\":\"In\\u00edcio\"}},{\"@type\":\"ListItem\",\"position\":2,\"item\":{\"@type\":\"WebPage\",\"@id\":\"http:\/\/revistavitrineibiuna.com.br\/?p=30190\",\"url\":\"http:\/\/revistavitrineibiuna.com.br\/?p=30190\",\"name\":\"IBI\\u00daNA &#8211; MENINO QUE SE AFOGOU EM PISCINA EST\\u00c1 EM COMA INDUZIDO\"}}]},{\"@type\":\"Article\",\"@id\":\"http:\/\/revistavitrineibiuna.com.br\/?p=30190#article\",\"isPartOf\":{\"@id\":\"http:\/\/revistavitrineibiuna.com.br\/?p=30190#webpage\"},\"author\":{\"@id\":\"https:\/\/revistavitrineibiuna.com.br\/#\/schema\/person\/e51ef49d6d88170ea21ceabff3f73deb\"},\"headline\":\"IBI\\u00daNA &#8211; MENINO QUE SE AFOGOU EM PISCINA EST\\u00c1 EM COMA INDUZIDO\",\"datePublished\":\"2023-12-04T02:51:46+00:00\",\"dateModified\":\"2023-12-04T15:45:46+00:00\",\"mainEntityOfPage\":{\"@id\":\"http:\/\/revistavitrineibiuna.com.br\/?p=30190#webpage\"},\"commentCount\":0,\"publisher\":{\"@id\":\"https:\/\/revistavitrineibiuna.com.br\/#\/schema\/person\/e51ef49d6d88170ea21ceabff3f73deb\"},\"image\":{\"@id\":\"http:\/\/revistavitrineibiuna.com.br\/?p=30190#primaryimage\"},\"articleSection\":\"Not\\u00edcias\",\"inLanguage\":\"pt-BR\",\"potentialAction\":[{\"@type\":\"CommentAction\",\"name\":\"Comment\",\"target\":[\"http:\/\/revistavitrineibiuna.com.br\/?p=30190#respond\"]}]},{\"@type\":[\"Person\",\"Organization\"],\"@id\":\"https:\/\/revistavitrineibiuna.com.br\/#\/schema\/person\/e51ef49d6d88170ea21ceabff3f73deb\",\"name\":\"Carlos Rossini\",\"image\":{\"@type\":\"ImageObject\",\"@id\":\"https:\/\/revistavitrineibiuna.com.br\/#personlogo\",\"inLanguage\":\"pt-BR\",\"url\":\"https:\/\/secure.gravatar.com\/avatar\/4f2d0f99fac1f85c7d643f21f5c8d900?s=96&d=mm&r=g\",\"caption\":\"Carlos Rossini\"},\"logo\":{\"@id\":\"https:\/\/revistavitrineibiuna.com.br\/#personlogo\"},\"description\":\"Carlos Rossini \\u00e9 jornalista, soci\\u00f3logo, escritor e professor universit\\u00e1rio, tendo sido professor de jornalismo por vinte anos. Trabalhou em ve\\u00edculos de comunica\\u00e7\\u00e3o nas fun\\u00e7\\u00f5es de rep\\u00f3rter, redator, editor, articulista e colaborador, como Folha de S. Paulo, O Estado de S. Paulo, Di\\u00e1rio Popular, entre outros. Ao transferir a revista vitrine, vers\\u00e3o imprensa, de S\\u00e3o Paulo para Ibi\\u00fana h\\u00e1 alguns anos, iniciou uma nova experi\\u00eancia profissional, dedicando-se ao jornalismo regional, depois de cumprir uma trajet\\u00f3ria bem-sucedida na grande imprensa brasileira. Seu primeiro livro A Coragem de Comunicar foi lan\\u00e7ado na Bienal do Livro em S\\u00e3o Paulo no ano 2000, pela editora Madras.\"}]}<\/script>\n<!-- \/ Yoast SEO plugin. -->","_links":{"self":[{"href":"https:\/\/revistavitrineibiuna.com.br\/index.php?rest_route=\/wp\/v2\/posts\/30190"}],"collection":[{"href":"https:\/\/revistavitrineibiuna.com.br\/index.php?rest_route=\/wp\/v2\/posts"}],"about":[{"href":"https:\/\/revistavitrineibiuna.com.br\/index.php?rest_route=\/wp\/v2\/types\/post"}],"author":[{"embeddable":true,"href":"https:\/\/revistavitrineibiuna.com.br\/index.php?rest_route=\/wp\/v2\/users\/1"}],"replies":[{"embeddable":true,"href":"https:\/\/revistavitrineibiuna.com.br\/index.php?rest_route=%2Fwp%2Fv2%2Fcomments&post=30190"}],"version-history":[{"count":3,"href":"https:\/\/revistavitrineibiuna.com.br\/index.php?rest_route=\/wp\/v2\/posts\/30190\/revisions"}],"predecessor-version":[{"id":30199,"href":"https:\/\/revistavitrineibiuna.com.br\/index.php?rest_route=\/wp\/v2\/posts\/30190\/revisions\/30199"}],"wp:featuredmedia":[{"embeddable":true,"href":"https:\/\/revistavitrineibiuna.com.br\/index.php?rest_route=\/wp\/v2\/media\/30191"}],"wp:attachment":[{"href":"https:\/\/revistavitrineibiuna.com.br\/index.php?rest_route=%2Fwp%2Fv2%2Fmedia&parent=30190"}],"wp:term":[{"taxonomy":"category","embeddable":true,"href":"https:\/\/revistavitrineibiuna.com.br\/index.php?rest_route=%2Fwp%2Fv2%2Fcategories&post=30190"},{"taxonomy":"post_tag","embeddable":true,"href":"https:\/\/revistavitrineibiuna.com.br\/index.php?rest_route=%2Fwp%2Fv2%2Ftags&post=30190"}],"curies":[{"name":"wp","href":"https:\/\/api.w.org\/{rel}","templated":true}]}}