{"id":30194,"date":"2023-12-04T07:07:56","date_gmt":"2023-12-04T10:07:56","guid":{"rendered":"http:\/\/revistavitrineibiuna.com.br\/?p=30194"},"modified":"2023-12-04T07:30:49","modified_gmt":"2023-12-04T10:30:49","slug":"pressao-popular-pode-gerar-mudancas-positivas-em-ibiuna","status":"publish","type":"post","link":"https:\/\/revistavitrineibiuna.com.br\/?p=30194","title":{"rendered":"\u2018PRESS\u00c3O POPULAR PODE GERAR MUDAN\u00c7AS POSITIVAS EM IBI\u00daNA\u2019"},"content":{"rendered":"\n<p class=\"has-drop-cap\"><strong>Lucas Pires \u00e9 um jovem m\u00e9dico veterin\u00e1rio nascido em S\u00e3o Paulo. Em 2010, ele realizou o sonho de se mudar para Ibi\u00fana junto com seus familiares. Na adolesc\u00eancia ele tinha o anseio de ser policial militar, inspirado em seu pai [que \u00e9 coronel da reserva da PM] e tios \u201cpara combater a errada pr\u00e1tica pol\u00edtica que reina no Brasil\u201d.<\/strong><\/p>\n\n\n\n<p><strong><em>[Nesta quarta-feira, dia 6, \u00e0s 20h, em programa ao vivo na TVUNA, com transmiss\u00e3o direta pelo Youtube, Facebook e Instagram, Lucas Pires vai fazer um balan\u00e7o de sua jornada popular diante dos poderes p\u00fablicos, a fim de promover melhorias no munic\u00edpio. Voc\u00ea pode participar ao vivo do programa pelo chat do canal da TVUNA. Inscreva-se: <a href=\"mailto:youtube.com\/@tv-una\">youtube.com\/@tv-una<\/a>.]<\/em><\/strong><\/p>\n\n\n\n<p><strong>Desde 2020, Pires faz o que chama de \u201capontamentos\u201d de tudo aquilo que considera no m\u00ednimo duvidoso na administra\u00e7\u00e3o p\u00fablica municipal de Ibi\u00fana.<\/strong><\/p>\n\n\n\n<p><strong>\u201cPor\u00e9m, n\u00e3o vendo muito resultado pr\u00e1tico, em 2021 iniciei esse trabalho nas redes sociais, em busca de ser um meio de press\u00e3o popular para mudan\u00e7as positivas na cidade e de mostrar um outro \u00e2ngulo de vis\u00e3o para as atividades do poder p\u00fablico\u201d, esclarece.<\/strong><\/p>\n\n\n\n<p><strong>Na verdade, com seu dom\u00ednio criativo no uso de recursos dispon\u00edveis na tecnologia da informa\u00e7\u00e3o, se tornou o mais ousado cidad\u00e3o ibiunense a mostrar os problemas que afligem a popula\u00e7\u00e3o, indo aos locais onde eles existem, captando e editando imagens surpreendentes.<\/strong><\/p>\n\n\n\n<p><strong>Por isso, j\u00e1 foi v\u00edtima de uma trucul\u00eancia de um assessor do prefeito que o empurrou e jogou seu celular do andar de cima para o sagu\u00e3o do Pa\u00e7o Municipal e da amea\u00e7a de um pol\u00edtico da cidade, nas proximidades do local onde se realizou a elei\u00e7\u00e3o do Conselho Tutelar em Ibi\u00fana.<\/strong><\/p>\n\n\n\n<p><strong>Pires, desde cedo gostou de pol\u00edtica. Mas, na juventude, muito inocente, acreditava que os que exerciam algum mandato pol\u00edtico eram pessoas de fato preocupadas com o bem-estar coletivo. No entanto, com o passar dos anos \u201cme decepcionei muito\u201d. Em raz\u00e3o disso, resolveu fazer a pol\u00edtica como acreditava que deveria ser feita, e \u201ccombater aqueles que, do meu ponto de vista, a desvirtuavam\u201d.<\/strong><\/p>\n\n\n\n<p><strong>Pires sempre acompanhou a atua\u00e7\u00e3o do Movimento Brasil Livre \u2013 MBL nas redes sociais, mas, em 2020, \u201cvendo um movimento dedicado em mudar o Brasil, busquei estreitar a rela\u00e7\u00e3o com seus integrantes em busca de um time honesto para auxiliar a mudar Ibi\u00fana\u201d.<\/strong><\/p>\n\n\n\n<p><strong>RENOVA\u00c7\u00c3O<\/strong><\/p>\n\n\n\n<p><strong>Ao ser indagado sobre o que precisa mudar em Ibi\u00fana, considera \u201cde in\u00edcio uma renova\u00e7\u00e3o no poder Legislativo\u201d, sobretudo aqueles que ocupam dois ou mais mandatos. A popula\u00e7\u00e3o deve fazer algumas perguntas: \u201cO que mudou positivamente nos servi\u00e7os p\u00fablicos de Ibi\u00fana? Como os vereadores cobraram ou fiscalizam aquilo que \u00e9 negativo para a cidade? O vereador que se auto-intitula de algum determinado bairro, o que ele fez pelo bairro, como ele fiscalizou qualquer tipo de irregularidade regional?&nbsp;<\/strong><\/p>\n\n\n\n<p><strong>&nbsp;EXPLICA\u00c7\u00d5ES DAS AUTORIDADES<\/strong><\/p>\n\n\n\n<p><strong>\u201cEm minhas publica\u00e7\u00f5es, dentre outras coisas, busco conferir afirma\u00e7\u00f5es feitas por integrantes da administra\u00e7\u00e3o municipal, expor esse trabalho de confer\u00eancia para a popula\u00e7\u00e3o e exigir explica\u00e7\u00f5es do poder p\u00fablico, para que as pessoas tirem as suas pr\u00f3prias conclus\u00f5es, pois acredito que alguns assuntos n\u00e3o s\u00e3o t\u00e3o superficiais\u201d, adverte Pires.&nbsp;<\/strong><\/p>\n","protected":false},"excerpt":{"rendered":"<p>Lucas Pires \u00e9 um jovem m\u00e9dico veterin\u00e1rio nascido em S\u00e3o Paulo. Em 2010, ele realizou o sonho de se mudar<\/p>\n","protected":false},"author":1,"featured_media":30195,"comment_status":"open","ping_status":"open","sticky":false,"template":"","format":"standard","meta":[],"categories":[3],"tags":[],"yoast_head":"<!-- This site is optimized with the Yoast SEO plugin v15.8 - https:\/\/yoast.com\/wordpress\/plugins\/seo\/ -->\n<title>\u2018PRESS\u00c3O POPULAR PODE GERAR MUDAN\u00c7AS POSITIVAS EM IBI\u00daNA\u2019 - Revista Vitrine Online<\/title>\n<meta name=\"robots\" content=\"index, follow, max-snippet:-1, max-image-preview:large, max-video-preview:-1\" \/>\n<link rel=\"canonical\" href=\"http:\/\/revistavitrineibiuna.com.br\/?p=30194\" \/>\n<meta property=\"og:locale\" content=\"pt_BR\" \/>\n<meta property=\"og:type\" content=\"article\" \/>\n<meta property=\"og:title\" content=\"\u2018PRESS\u00c3O POPULAR PODE GERAR MUDAN\u00c7AS POSITIVAS EM IBI\u00daNA\u2019 - Revista Vitrine Online\" \/>\n<meta property=\"og:description\" content=\"Lucas Pires \u00e9 um jovem m\u00e9dico veterin\u00e1rio nascido em S\u00e3o Paulo. Em 2010, ele realizou o sonho de se mudar\" \/>\n<meta property=\"og:url\" content=\"http:\/\/revistavitrineibiuna.com.br\/?p=30194\" \/>\n<meta property=\"og:site_name\" content=\"Revista Vitrine Online\" \/>\n<meta property=\"article:published_time\" content=\"2023-12-04T10:07:56+00:00\" \/>\n<meta property=\"article:modified_time\" content=\"2023-12-04T10:30:49+00:00\" \/>\n<meta property=\"og:image\" content=\"https:\/\/revistavitrineibiuna.com.br\/wp-content\/uploads\/2023\/12\/Lucas-Pires.png\" \/>\n\t<meta property=\"og:image:width\" content=\"1013\" \/>\n\t<meta property=\"og:image:height\" content=\"641\" \/>\n<meta name=\"twitter:card\" content=\"summary\" \/>\n<meta name=\"twitter:label1\" content=\"Est. reading time\">\n\t<meta name=\"twitter:data1\" content=\"3 minutos\">\n<script type=\"application\/ld+json\" class=\"yoast-schema-graph\">{\"@context\":\"https:\/\/schema.org\",\"@graph\":[{\"@type\":\"WebSite\",\"@id\":\"https:\/\/revistavitrineibiuna.com.br\/#website\",\"url\":\"https:\/\/revistavitrineibiuna.com.br\/\",\"name\":\"Revista Vitrine Ibi\\u00fana\",\"description\":\"A Revista de Ibi\\u00fana e Regi\\u00e3o\",\"publisher\":{\"@id\":\"https:\/\/revistavitrineibiuna.com.br\/#\/schema\/person\/e51ef49d6d88170ea21ceabff3f73deb\"},\"potentialAction\":[{\"@type\":\"SearchAction\",\"target\":\"https:\/\/revistavitrineibiuna.com.br\/?s={search_term_string}\",\"query-input\":\"required name=search_term_string\"}],\"inLanguage\":\"pt-BR\"},{\"@type\":\"ImageObject\",\"@id\":\"http:\/\/revistavitrineibiuna.com.br\/?p=30194#primaryimage\",\"inLanguage\":\"pt-BR\",\"url\":\"https:\/\/revistavitrineibiuna.com.br\/wp-content\/uploads\/2023\/12\/Lucas-Pires.png\",\"width\":1013,\"height\":641},{\"@type\":\"WebPage\",\"@id\":\"http:\/\/revistavitrineibiuna.com.br\/?p=30194#webpage\",\"url\":\"http:\/\/revistavitrineibiuna.com.br\/?p=30194\",\"name\":\"\\u2018PRESS\\u00c3O POPULAR PODE GERAR MUDAN\\u00c7AS POSITIVAS EM IBI\\u00daNA\\u2019 - Revista Vitrine Online\",\"isPartOf\":{\"@id\":\"https:\/\/revistavitrineibiuna.com.br\/#website\"},\"primaryImageOfPage\":{\"@id\":\"http:\/\/revistavitrineibiuna.com.br\/?p=30194#primaryimage\"},\"datePublished\":\"2023-12-04T10:07:56+00:00\",\"dateModified\":\"2023-12-04T10:30:49+00:00\",\"breadcrumb\":{\"@id\":\"http:\/\/revistavitrineibiuna.com.br\/?p=30194#breadcrumb\"},\"inLanguage\":\"pt-BR\",\"potentialAction\":[{\"@type\":\"ReadAction\",\"target\":[\"http:\/\/revistavitrineibiuna.com.br\/?p=30194\"]}]},{\"@type\":\"BreadcrumbList\",\"@id\":\"http:\/\/revistavitrineibiuna.com.br\/?p=30194#breadcrumb\",\"itemListElement\":[{\"@type\":\"ListItem\",\"position\":1,\"item\":{\"@type\":\"WebPage\",\"@id\":\"https:\/\/revistavitrineibiuna.com.br\/\",\"url\":\"https:\/\/revistavitrineibiuna.com.br\/\",\"name\":\"In\\u00edcio\"}},{\"@type\":\"ListItem\",\"position\":2,\"item\":{\"@type\":\"WebPage\",\"@id\":\"http:\/\/revistavitrineibiuna.com.br\/?p=30194\",\"url\":\"http:\/\/revistavitrineibiuna.com.br\/?p=30194\",\"name\":\"\\u2018PRESS\\u00c3O POPULAR PODE GERAR MUDAN\\u00c7AS POSITIVAS EM IBI\\u00daNA\\u2019\"}}]},{\"@type\":\"Article\",\"@id\":\"http:\/\/revistavitrineibiuna.com.br\/?p=30194#article\",\"isPartOf\":{\"@id\":\"http:\/\/revistavitrineibiuna.com.br\/?p=30194#webpage\"},\"author\":{\"@id\":\"https:\/\/revistavitrineibiuna.com.br\/#\/schema\/person\/e51ef49d6d88170ea21ceabff3f73deb\"},\"headline\":\"\\u2018PRESS\\u00c3O POPULAR PODE GERAR MUDAN\\u00c7AS POSITIVAS EM IBI\\u00daNA\\u2019\",\"datePublished\":\"2023-12-04T10:07:56+00:00\",\"dateModified\":\"2023-12-04T10:30:49+00:00\",\"mainEntityOfPage\":{\"@id\":\"http:\/\/revistavitrineibiuna.com.br\/?p=30194#webpage\"},\"commentCount\":0,\"publisher\":{\"@id\":\"https:\/\/revistavitrineibiuna.com.br\/#\/schema\/person\/e51ef49d6d88170ea21ceabff3f73deb\"},\"image\":{\"@id\":\"http:\/\/revistavitrineibiuna.com.br\/?p=30194#primaryimage\"},\"articleSection\":\"Not\\u00edcias\",\"inLanguage\":\"pt-BR\",\"potentialAction\":[{\"@type\":\"CommentAction\",\"name\":\"Comment\",\"target\":[\"http:\/\/revistavitrineibiuna.com.br\/?p=30194#respond\"]}]},{\"@type\":[\"Person\",\"Organization\"],\"@id\":\"https:\/\/revistavitrineibiuna.com.br\/#\/schema\/person\/e51ef49d6d88170ea21ceabff3f73deb\",\"name\":\"Carlos Rossini\",\"image\":{\"@type\":\"ImageObject\",\"@id\":\"https:\/\/revistavitrineibiuna.com.br\/#personlogo\",\"inLanguage\":\"pt-BR\",\"url\":\"https:\/\/secure.gravatar.com\/avatar\/4f2d0f99fac1f85c7d643f21f5c8d900?s=96&d=mm&r=g\",\"caption\":\"Carlos Rossini\"},\"logo\":{\"@id\":\"https:\/\/revistavitrineibiuna.com.br\/#personlogo\"},\"description\":\"Carlos Rossini \\u00e9 jornalista, soci\\u00f3logo, escritor e professor universit\\u00e1rio, tendo sido professor de jornalismo por vinte anos. Trabalhou em ve\\u00edculos de comunica\\u00e7\\u00e3o nas fun\\u00e7\\u00f5es de rep\\u00f3rter, redator, editor, articulista e colaborador, como Folha de S. Paulo, O Estado de S. Paulo, Di\\u00e1rio Popular, entre outros. Ao transferir a revista vitrine, vers\\u00e3o imprensa, de S\\u00e3o Paulo para Ibi\\u00fana h\\u00e1 alguns anos, iniciou uma nova experi\\u00eancia profissional, dedicando-se ao jornalismo regional, depois de cumprir uma trajet\\u00f3ria bem-sucedida na grande imprensa brasileira. Seu primeiro livro A Coragem de Comunicar foi lan\\u00e7ado na Bienal do Livro em S\\u00e3o Paulo no ano 2000, pela editora Madras.\"}]}<\/script>\n<!-- \/ Yoast SEO plugin. -->","_links":{"self":[{"href":"https:\/\/revistavitrineibiuna.com.br\/index.php?rest_route=\/wp\/v2\/posts\/30194"}],"collection":[{"href":"https:\/\/revistavitrineibiuna.com.br\/index.php?rest_route=\/wp\/v2\/posts"}],"about":[{"href":"https:\/\/revistavitrineibiuna.com.br\/index.php?rest_route=\/wp\/v2\/types\/post"}],"author":[{"embeddable":true,"href":"https:\/\/revistavitrineibiuna.com.br\/index.php?rest_route=\/wp\/v2\/users\/1"}],"replies":[{"embeddable":true,"href":"https:\/\/revistavitrineibiuna.com.br\/index.php?rest_route=%2Fwp%2Fv2%2Fcomments&post=30194"}],"version-history":[{"count":3,"href":"https:\/\/revistavitrineibiuna.com.br\/index.php?rest_route=\/wp\/v2\/posts\/30194\/revisions"}],"predecessor-version":[{"id":30198,"href":"https:\/\/revistavitrineibiuna.com.br\/index.php?rest_route=\/wp\/v2\/posts\/30194\/revisions\/30198"}],"wp:featuredmedia":[{"embeddable":true,"href":"https:\/\/revistavitrineibiuna.com.br\/index.php?rest_route=\/wp\/v2\/media\/30195"}],"wp:attachment":[{"href":"https:\/\/revistavitrineibiuna.com.br\/index.php?rest_route=%2Fwp%2Fv2%2Fmedia&parent=30194"}],"wp:term":[{"taxonomy":"category","embeddable":true,"href":"https:\/\/revistavitrineibiuna.com.br\/index.php?rest_route=%2Fwp%2Fv2%2Fcategories&post=30194"},{"taxonomy":"post_tag","embeddable":true,"href":"https:\/\/revistavitrineibiuna.com.br\/index.php?rest_route=%2Fwp%2Fv2%2Ftags&post=30194"}],"curies":[{"name":"wp","href":"https:\/\/api.w.org\/{rel}","templated":true}]}}