{"id":30200,"date":"2023-12-04T20:13:03","date_gmt":"2023-12-04T23:13:03","guid":{"rendered":"http:\/\/revistavitrineibiuna.com.br\/?p=30200"},"modified":"2023-12-04T20:37:34","modified_gmt":"2023-12-04T23:37:34","slug":"ibiuna-menina-que-estava-na-van-escolar-foi-levada-para-hospital-em-sorocaba","status":"publish","type":"post","link":"https:\/\/revistavitrineibiuna.com.br\/?p=30200","title":{"rendered":"IBI\u00daNA \u2013 MENINA QUE ESTAVA NA VAN ESCOLAR FOI LEVADA PARA HOSPITAL EM SOROCABA"},"content":{"rendered":"\n<p class=\"has-drop-cap\">Menina que estava dentro da van escolar, que tombou depois de receber o impacto de outro ve\u00edculo na Rodovia Quintino de Lima na manh\u00e3 de hoje (4), em Ibi\u00fana, foi removida \u00e0s 18h para o Boss [Hospital Oftalmol\u00f3gico] em Sorocaba para avalia\u00e7\u00e3o especializada por suspeita de fratura no nariz.<\/p>\n\n\n\n<p>O acidente ocorreu no bairro do Paiol Pequeno, por volta das 7h.<\/p>\n\n\n\n<p>Ela foi uma das seis crian\u00e7as conduzidas ao Hospital Municipal de Ibi\u00fana em decorr\u00eancia desse acidente. As outras cinco receberam ferimentos leves e j\u00e1 foram liberadas.<\/p>\n\n\n\n<p>A ocorr\u00eancia teria sido atendida pela Pol\u00edcia Militar Rodovi\u00e1ria da 4\u00aa Cia., localizada na Rodovia Raposo Tavares, em Cotia. Vitrine online fez v\u00e1rias liga\u00e7\u00f5es sem ser atendida, com a informa\u00e7\u00e3o gravada que o telefone estava impossibilitado de receber liga\u00e7\u00f5es.<\/p>\n\n\n\n<p>Tanto a Delegacia de Pol\u00edcia de Ibi\u00fana quanto de Cotia n\u00e3o tinham recebido relat\u00f3rio da ocorr\u00eancia at\u00e9 o fechamento desta not\u00edcia.<\/p>\n\n\n\n<p>Segundo apuramos junto a uma autoridade de seguran\u00e7a de Ibi\u00fana, uma integrante da equipe de resgate do Samu, com base na Avenida Ant\u00f4nio Falci, pr\u00f3xima ao centro, teria deixado o plant\u00e3o noturno e dirigia pela rodovia.<\/p>\n\n\n\n<p>De repente, o veiculo que conduzia se chocou com a van escolar que, devido ao impacto, acabou tombando, provocando um grande susto nas crian\u00e7as que eram levadas para a escola. A maioria delas sofreu escoria\u00e7\u00f5es leves, exceto a menina que precisou ser levada para o hospital especializado em Sorocaba.<\/p>\n\n\n\n<figure class=\"wp-block-image size-large\"><img loading=\"lazy\" width=\"889\" height=\"897\" src=\"https:\/\/revistavitrineibiuna.com.br\/wp-content\/uploads\/2023\/12\/van-tombada.png\" alt=\"\" class=\"wp-image-30204\" srcset=\"https:\/\/revistavitrineibiuna.com.br\/wp-content\/uploads\/2023\/12\/van-tombada.png 889w, https:\/\/revistavitrineibiuna.com.br\/wp-content\/uploads\/2023\/12\/van-tombada-297x300.png 297w, https:\/\/revistavitrineibiuna.com.br\/wp-content\/uploads\/2023\/12\/van-tombada-150x150.png 150w, https:\/\/revistavitrineibiuna.com.br\/wp-content\/uploads\/2023\/12\/van-tombada-768x775.png 768w, https:\/\/revistavitrineibiuna.com.br\/wp-content\/uploads\/2023\/12\/van-tombada-65x65.png 65w\" sizes=\"(max-width: 889px) 100vw, 889px\" \/><figcaption>A van, devido ao forte impacto, tombou na margem da pista: as crian\u00e7as ficaram muito assustadas<\/figcaption><\/figure>\n","protected":false},"excerpt":{"rendered":"<p>Menina que estava dentro da van escolar, que tombou depois de receber o impacto de outro ve\u00edculo na Rodovia Quintino<\/p>\n","protected":false},"author":1,"featured_media":30201,"comment_status":"open","ping_status":"open","sticky":false,"template":"","format":"standard","meta":[],"categories":[3],"tags":[],"yoast_head":"<!-- This site is optimized with the Yoast SEO plugin v15.8 - https:\/\/yoast.com\/wordpress\/plugins\/seo\/ -->\n<title>IBI\u00daNA \u2013 MENINA QUE ESTAVA NA VAN ESCOLAR FOI LEVADA PARA HOSPITAL EM SOROCABA - Revista Vitrine Online<\/title>\n<meta name=\"robots\" content=\"index, follow, max-snippet:-1, max-image-preview:large, max-video-preview:-1\" \/>\n<link rel=\"canonical\" href=\"http:\/\/revistavitrineibiuna.com.br\/?p=30200\" \/>\n<meta property=\"og:locale\" content=\"pt_BR\" \/>\n<meta property=\"og:type\" content=\"article\" \/>\n<meta property=\"og:title\" content=\"IBI\u00daNA \u2013 MENINA QUE ESTAVA NA VAN ESCOLAR FOI LEVADA PARA HOSPITAL EM SOROCABA - Revista Vitrine Online\" \/>\n<meta property=\"og:description\" content=\"Menina que estava dentro da van escolar, que tombou depois de receber o impacto de outro ve\u00edculo na Rodovia Quintino\" \/>\n<meta property=\"og:url\" content=\"http:\/\/revistavitrineibiuna.com.br\/?p=30200\" \/>\n<meta property=\"og:site_name\" content=\"Revista Vitrine Online\" \/>\n<meta property=\"article:published_time\" content=\"2023-12-04T23:13:03+00:00\" \/>\n<meta property=\"article:modified_time\" content=\"2023-12-04T23:37:34+00:00\" \/>\n<meta property=\"og:image\" content=\"https:\/\/revistavitrineibiuna.com.br\/wp-content\/uploads\/2023\/12\/acidente-de-van-escolar.png\" \/>\n\t<meta property=\"og:image:width\" content=\"1197\" \/>\n\t<meta property=\"og:image:height\" content=\"753\" \/>\n<meta name=\"twitter:card\" content=\"summary\" \/>\n<meta name=\"twitter:label1\" content=\"Est. reading time\">\n\t<meta name=\"twitter:data1\" content=\"2 minutos\">\n<script type=\"application\/ld+json\" class=\"yoast-schema-graph\">{\"@context\":\"https:\/\/schema.org\",\"@graph\":[{\"@type\":\"WebSite\",\"@id\":\"https:\/\/revistavitrineibiuna.com.br\/#website\",\"url\":\"https:\/\/revistavitrineibiuna.com.br\/\",\"name\":\"Revista Vitrine Ibi\\u00fana\",\"description\":\"A Revista de Ibi\\u00fana e Regi\\u00e3o\",\"publisher\":{\"@id\":\"https:\/\/revistavitrineibiuna.com.br\/#\/schema\/person\/e51ef49d6d88170ea21ceabff3f73deb\"},\"potentialAction\":[{\"@type\":\"SearchAction\",\"target\":\"https:\/\/revistavitrineibiuna.com.br\/?s={search_term_string}\",\"query-input\":\"required name=search_term_string\"}],\"inLanguage\":\"pt-BR\"},{\"@type\":\"ImageObject\",\"@id\":\"http:\/\/revistavitrineibiuna.com.br\/?p=30200#primaryimage\",\"inLanguage\":\"pt-BR\",\"url\":\"https:\/\/revistavitrineibiuna.com.br\/wp-content\/uploads\/2023\/12\/acidente-de-van-escolar.png\",\"width\":1197,\"height\":753},{\"@type\":\"WebPage\",\"@id\":\"http:\/\/revistavitrineibiuna.com.br\/?p=30200#webpage\",\"url\":\"http:\/\/revistavitrineibiuna.com.br\/?p=30200\",\"name\":\"IBI\\u00daNA \\u2013 MENINA QUE ESTAVA NA VAN ESCOLAR FOI LEVADA PARA HOSPITAL EM SOROCABA - Revista Vitrine Online\",\"isPartOf\":{\"@id\":\"https:\/\/revistavitrineibiuna.com.br\/#website\"},\"primaryImageOfPage\":{\"@id\":\"http:\/\/revistavitrineibiuna.com.br\/?p=30200#primaryimage\"},\"datePublished\":\"2023-12-04T23:13:03+00:00\",\"dateModified\":\"2023-12-04T23:37:34+00:00\",\"breadcrumb\":{\"@id\":\"http:\/\/revistavitrineibiuna.com.br\/?p=30200#breadcrumb\"},\"inLanguage\":\"pt-BR\",\"potentialAction\":[{\"@type\":\"ReadAction\",\"target\":[\"http:\/\/revistavitrineibiuna.com.br\/?p=30200\"]}]},{\"@type\":\"BreadcrumbList\",\"@id\":\"http:\/\/revistavitrineibiuna.com.br\/?p=30200#breadcrumb\",\"itemListElement\":[{\"@type\":\"ListItem\",\"position\":1,\"item\":{\"@type\":\"WebPage\",\"@id\":\"https:\/\/revistavitrineibiuna.com.br\/\",\"url\":\"https:\/\/revistavitrineibiuna.com.br\/\",\"name\":\"In\\u00edcio\"}},{\"@type\":\"ListItem\",\"position\":2,\"item\":{\"@type\":\"WebPage\",\"@id\":\"http:\/\/revistavitrineibiuna.com.br\/?p=30200\",\"url\":\"http:\/\/revistavitrineibiuna.com.br\/?p=30200\",\"name\":\"IBI\\u00daNA \\u2013 MENINA QUE ESTAVA NA VAN ESCOLAR FOI LEVADA PARA HOSPITAL EM SOROCABA\"}}]},{\"@type\":\"Article\",\"@id\":\"http:\/\/revistavitrineibiuna.com.br\/?p=30200#article\",\"isPartOf\":{\"@id\":\"http:\/\/revistavitrineibiuna.com.br\/?p=30200#webpage\"},\"author\":{\"@id\":\"https:\/\/revistavitrineibiuna.com.br\/#\/schema\/person\/e51ef49d6d88170ea21ceabff3f73deb\"},\"headline\":\"IBI\\u00daNA \\u2013 MENINA QUE ESTAVA NA VAN ESCOLAR FOI LEVADA PARA HOSPITAL EM SOROCABA\",\"datePublished\":\"2023-12-04T23:13:03+00:00\",\"dateModified\":\"2023-12-04T23:37:34+00:00\",\"mainEntityOfPage\":{\"@id\":\"http:\/\/revistavitrineibiuna.com.br\/?p=30200#webpage\"},\"commentCount\":0,\"publisher\":{\"@id\":\"https:\/\/revistavitrineibiuna.com.br\/#\/schema\/person\/e51ef49d6d88170ea21ceabff3f73deb\"},\"image\":{\"@id\":\"http:\/\/revistavitrineibiuna.com.br\/?p=30200#primaryimage\"},\"articleSection\":\"Not\\u00edcias\",\"inLanguage\":\"pt-BR\",\"potentialAction\":[{\"@type\":\"CommentAction\",\"name\":\"Comment\",\"target\":[\"http:\/\/revistavitrineibiuna.com.br\/?p=30200#respond\"]}]},{\"@type\":[\"Person\",\"Organization\"],\"@id\":\"https:\/\/revistavitrineibiuna.com.br\/#\/schema\/person\/e51ef49d6d88170ea21ceabff3f73deb\",\"name\":\"Carlos Rossini\",\"image\":{\"@type\":\"ImageObject\",\"@id\":\"https:\/\/revistavitrineibiuna.com.br\/#personlogo\",\"inLanguage\":\"pt-BR\",\"url\":\"https:\/\/secure.gravatar.com\/avatar\/4f2d0f99fac1f85c7d643f21f5c8d900?s=96&d=mm&r=g\",\"caption\":\"Carlos Rossini\"},\"logo\":{\"@id\":\"https:\/\/revistavitrineibiuna.com.br\/#personlogo\"},\"description\":\"Carlos Rossini \\u00e9 jornalista, soci\\u00f3logo, escritor e professor universit\\u00e1rio, tendo sido professor de jornalismo por vinte anos. Trabalhou em ve\\u00edculos de comunica\\u00e7\\u00e3o nas fun\\u00e7\\u00f5es de rep\\u00f3rter, redator, editor, articulista e colaborador, como Folha de S. Paulo, O Estado de S. Paulo, Di\\u00e1rio Popular, entre outros. Ao transferir a revista vitrine, vers\\u00e3o imprensa, de S\\u00e3o Paulo para Ibi\\u00fana h\\u00e1 alguns anos, iniciou uma nova experi\\u00eancia profissional, dedicando-se ao jornalismo regional, depois de cumprir uma trajet\\u00f3ria bem-sucedida na grande imprensa brasileira. Seu primeiro livro A Coragem de Comunicar foi lan\\u00e7ado na Bienal do Livro em S\\u00e3o Paulo no ano 2000, pela editora Madras.\"}]}<\/script>\n<!-- \/ Yoast SEO plugin. -->","_links":{"self":[{"href":"https:\/\/revistavitrineibiuna.com.br\/index.php?rest_route=\/wp\/v2\/posts\/30200"}],"collection":[{"href":"https:\/\/revistavitrineibiuna.com.br\/index.php?rest_route=\/wp\/v2\/posts"}],"about":[{"href":"https:\/\/revistavitrineibiuna.com.br\/index.php?rest_route=\/wp\/v2\/types\/post"}],"author":[{"embeddable":true,"href":"https:\/\/revistavitrineibiuna.com.br\/index.php?rest_route=\/wp\/v2\/users\/1"}],"replies":[{"embeddable":true,"href":"https:\/\/revistavitrineibiuna.com.br\/index.php?rest_route=%2Fwp%2Fv2%2Fcomments&post=30200"}],"version-history":[{"count":6,"href":"https:\/\/revistavitrineibiuna.com.br\/index.php?rest_route=\/wp\/v2\/posts\/30200\/revisions"}],"predecessor-version":[{"id":30210,"href":"https:\/\/revistavitrineibiuna.com.br\/index.php?rest_route=\/wp\/v2\/posts\/30200\/revisions\/30210"}],"wp:featuredmedia":[{"embeddable":true,"href":"https:\/\/revistavitrineibiuna.com.br\/index.php?rest_route=\/wp\/v2\/media\/30201"}],"wp:attachment":[{"href":"https:\/\/revistavitrineibiuna.com.br\/index.php?rest_route=%2Fwp%2Fv2%2Fmedia&parent=30200"}],"wp:term":[{"taxonomy":"category","embeddable":true,"href":"https:\/\/revistavitrineibiuna.com.br\/index.php?rest_route=%2Fwp%2Fv2%2Fcategories&post=30200"},{"taxonomy":"post_tag","embeddable":true,"href":"https:\/\/revistavitrineibiuna.com.br\/index.php?rest_route=%2Fwp%2Fv2%2Ftags&post=30200"}],"curies":[{"name":"wp","href":"https:\/\/api.w.org\/{rel}","templated":true}]}}