{"id":30211,"date":"2023-12-05T08:55:36","date_gmt":"2023-12-05T11:55:36","guid":{"rendered":"http:\/\/revistavitrineibiuna.com.br\/?p=30211"},"modified":"2023-12-05T10:23:55","modified_gmt":"2023-12-05T13:23:55","slug":"30211","status":"publish","type":"post","link":"https:\/\/revistavitrineibiuna.com.br\/?p=30211","title":{"rendered":"IBI\u00daNA &#8211; PALESTRA ABORDAR\u00c1 EMPREENDEDORISMO COMO JORNADA HEROICA"},"content":{"rendered":"\n<p class=\"has-drop-cap\"><strong>O jornalista, professor, soci\u00f3logo e psicopedagogo Carlos Rossini faz palestra nesta quinta-feira (7), no jantar das Mulheres Empreendedoras de Ibi\u00fana. Ele discorrer\u00e1 sobre o tema \u201cEmpreendedorismo como jornada heroica\u201d, apresentando as 12 etapas que fazem parte dos roteiros de filmes, livros, novelas, ou, de certa forma, de todos os empreendimentos humanos.<\/strong><\/p>\n\n\n\n<p><strong>Ele disse, brincando, certamente, que os convivas al\u00e9m de saborear pratos deliciosos, incluindo sobremesa, v\u00e3o se divertir porque far\u00e1 uso de exerc\u00edcios surpreendentes, contar\u00e1 breves hist\u00f3rias e provar\u00e1, por a + b, que todo empreendedor, por princ\u00edpio, \u00e9 um her\u00f3i na vida real.<\/strong><\/p>\n\n\n\n<p><strong>Fazer sucesso num mundo cada vez mais competitivo exige boa percep\u00e7\u00e3o da realidade e atitudes al\u00e9m dos limites comuns e corriqueiros, ou seja, de pensamentos e atitudes extraordin\u00e1rios.<\/strong><\/p>\n\n\n\n<p><strong>O jantar ser\u00e1 realizado no espa\u00e7o do 272 Bar Restaurante, localizado na Rua Benjamin Constant, 286, no centro de Ibi\u00fana.<\/strong><\/p>\n\n\n\n<p><strong>O palestrante oferecer\u00e1 um amuleto a todos os participantes do jantar que, na realidade, pode se tornar um presente de Natal e, ao mesmo tempo, uma maravilhosa dica de felicidade, para aqueles que estiverem prontos. &nbsp;<\/strong><\/p>\n\n\n\n<p><strong>As vagas s\u00e3o limitadas, mas se voc\u00ea achar que esse tema \u00e9 para voc\u00ea, neste momento de sua vida, ent\u00e3o fa\u00e7a reserva pelo telefone (11) 989068645.<\/strong><\/p>\n","protected":false},"excerpt":{"rendered":"<p>O jornalista, professor, soci\u00f3logo e psicopedagogo Carlos Rossini faz palestra nesta quinta-feira (7), no jantar das Mulheres Empreendedoras de Ibi\u00fana.<\/p>\n","protected":false},"author":1,"featured_media":30215,"comment_status":"open","ping_status":"open","sticky":false,"template":"","format":"standard","meta":[],"categories":[70],"tags":[],"yoast_head":"<!-- This site is optimized with the Yoast SEO plugin v15.8 - https:\/\/yoast.com\/wordpress\/plugins\/seo\/ -->\n<title>IBI\u00daNA - PALESTRA ABORDAR\u00c1 EMPREENDEDORISMO COMO JORNADA HEROICA - Revista Vitrine Online<\/title>\n<meta name=\"robots\" content=\"index, follow, max-snippet:-1, max-image-preview:large, max-video-preview:-1\" \/>\n<link rel=\"canonical\" href=\"http:\/\/revistavitrineibiuna.com.br\/?p=30211\" \/>\n<meta property=\"og:locale\" content=\"pt_BR\" \/>\n<meta property=\"og:type\" content=\"article\" \/>\n<meta property=\"og:title\" content=\"IBI\u00daNA - PALESTRA ABORDAR\u00c1 EMPREENDEDORISMO COMO JORNADA HEROICA - Revista Vitrine Online\" \/>\n<meta property=\"og:description\" content=\"O jornalista, professor, soci\u00f3logo e psicopedagogo Carlos Rossini faz palestra nesta quinta-feira (7), no jantar das Mulheres Empreendedoras de Ibi\u00fana.\" \/>\n<meta property=\"og:url\" content=\"http:\/\/revistavitrineibiuna.com.br\/?p=30211\" \/>\n<meta property=\"og:site_name\" content=\"Revista Vitrine Online\" \/>\n<meta property=\"article:published_time\" content=\"2023-12-05T11:55:36+00:00\" \/>\n<meta property=\"article:modified_time\" content=\"2023-12-05T13:23:55+00:00\" \/>\n<meta property=\"og:image\" content=\"https:\/\/revistavitrineibiuna.com.br\/wp-content\/uploads\/2023\/12\/palestra-do-rossini.png\" \/>\n\t<meta property=\"og:image:width\" content=\"225\" \/>\n\t<meta property=\"og:image:height\" content=\"215\" \/>\n<meta name=\"twitter:card\" content=\"summary\" \/>\n<meta name=\"twitter:label1\" content=\"Est. reading time\">\n\t<meta name=\"twitter:data1\" content=\"1 minuto\">\n<script type=\"application\/ld+json\" class=\"yoast-schema-graph\">{\"@context\":\"https:\/\/schema.org\",\"@graph\":[{\"@type\":\"WebSite\",\"@id\":\"https:\/\/revistavitrineibiuna.com.br\/#website\",\"url\":\"https:\/\/revistavitrineibiuna.com.br\/\",\"name\":\"Revista Vitrine Ibi\\u00fana\",\"description\":\"A Revista de Ibi\\u00fana e Regi\\u00e3o\",\"publisher\":{\"@id\":\"https:\/\/revistavitrineibiuna.com.br\/#\/schema\/person\/e51ef49d6d88170ea21ceabff3f73deb\"},\"potentialAction\":[{\"@type\":\"SearchAction\",\"target\":\"https:\/\/revistavitrineibiuna.com.br\/?s={search_term_string}\",\"query-input\":\"required name=search_term_string\"}],\"inLanguage\":\"pt-BR\"},{\"@type\":\"ImageObject\",\"@id\":\"http:\/\/revistavitrineibiuna.com.br\/?p=30211#primaryimage\",\"inLanguage\":\"pt-BR\",\"url\":\"https:\/\/revistavitrineibiuna.com.br\/wp-content\/uploads\/2023\/12\/palestra-do-rossini.png\",\"width\":225,\"height\":215},{\"@type\":\"WebPage\",\"@id\":\"http:\/\/revistavitrineibiuna.com.br\/?p=30211#webpage\",\"url\":\"http:\/\/revistavitrineibiuna.com.br\/?p=30211\",\"name\":\"IBI\\u00daNA - PALESTRA ABORDAR\\u00c1 EMPREENDEDORISMO COMO JORNADA HEROICA - Revista Vitrine Online\",\"isPartOf\":{\"@id\":\"https:\/\/revistavitrineibiuna.com.br\/#website\"},\"primaryImageOfPage\":{\"@id\":\"http:\/\/revistavitrineibiuna.com.br\/?p=30211#primaryimage\"},\"datePublished\":\"2023-12-05T11:55:36+00:00\",\"dateModified\":\"2023-12-05T13:23:55+00:00\",\"breadcrumb\":{\"@id\":\"http:\/\/revistavitrineibiuna.com.br\/?p=30211#breadcrumb\"},\"inLanguage\":\"pt-BR\",\"potentialAction\":[{\"@type\":\"ReadAction\",\"target\":[\"http:\/\/revistavitrineibiuna.com.br\/?p=30211\"]}]},{\"@type\":\"BreadcrumbList\",\"@id\":\"http:\/\/revistavitrineibiuna.com.br\/?p=30211#breadcrumb\",\"itemListElement\":[{\"@type\":\"ListItem\",\"position\":1,\"item\":{\"@type\":\"WebPage\",\"@id\":\"https:\/\/revistavitrineibiuna.com.br\/\",\"url\":\"https:\/\/revistavitrineibiuna.com.br\/\",\"name\":\"In\\u00edcio\"}},{\"@type\":\"ListItem\",\"position\":2,\"item\":{\"@type\":\"WebPage\",\"@id\":\"http:\/\/revistavitrineibiuna.com.br\/?p=30211\",\"url\":\"http:\/\/revistavitrineibiuna.com.br\/?p=30211\",\"name\":\"IBI\\u00daNA &#8211; PALESTRA ABORDAR\\u00c1 EMPREENDEDORISMO COMO JORNADA HEROICA\"}}]},{\"@type\":\"Article\",\"@id\":\"http:\/\/revistavitrineibiuna.com.br\/?p=30211#article\",\"isPartOf\":{\"@id\":\"http:\/\/revistavitrineibiuna.com.br\/?p=30211#webpage\"},\"author\":{\"@id\":\"https:\/\/revistavitrineibiuna.com.br\/#\/schema\/person\/e51ef49d6d88170ea21ceabff3f73deb\"},\"headline\":\"IBI\\u00daNA &#8211; PALESTRA ABORDAR\\u00c1 EMPREENDEDORISMO COMO JORNADA HEROICA\",\"datePublished\":\"2023-12-05T11:55:36+00:00\",\"dateModified\":\"2023-12-05T13:23:55+00:00\",\"mainEntityOfPage\":{\"@id\":\"http:\/\/revistavitrineibiuna.com.br\/?p=30211#webpage\"},\"commentCount\":0,\"publisher\":{\"@id\":\"https:\/\/revistavitrineibiuna.com.br\/#\/schema\/person\/e51ef49d6d88170ea21ceabff3f73deb\"},\"image\":{\"@id\":\"http:\/\/revistavitrineibiuna.com.br\/?p=30211#primaryimage\"},\"articleSection\":\"Rapidinhas\",\"inLanguage\":\"pt-BR\",\"potentialAction\":[{\"@type\":\"CommentAction\",\"name\":\"Comment\",\"target\":[\"http:\/\/revistavitrineibiuna.com.br\/?p=30211#respond\"]}]},{\"@type\":[\"Person\",\"Organization\"],\"@id\":\"https:\/\/revistavitrineibiuna.com.br\/#\/schema\/person\/e51ef49d6d88170ea21ceabff3f73deb\",\"name\":\"Carlos Rossini\",\"image\":{\"@type\":\"ImageObject\",\"@id\":\"https:\/\/revistavitrineibiuna.com.br\/#personlogo\",\"inLanguage\":\"pt-BR\",\"url\":\"https:\/\/secure.gravatar.com\/avatar\/4f2d0f99fac1f85c7d643f21f5c8d900?s=96&d=mm&r=g\",\"caption\":\"Carlos Rossini\"},\"logo\":{\"@id\":\"https:\/\/revistavitrineibiuna.com.br\/#personlogo\"},\"description\":\"Carlos Rossini \\u00e9 jornalista, soci\\u00f3logo, escritor e professor universit\\u00e1rio, tendo sido professor de jornalismo por vinte anos. Trabalhou em ve\\u00edculos de comunica\\u00e7\\u00e3o nas fun\\u00e7\\u00f5es de rep\\u00f3rter, redator, editor, articulista e colaborador, como Folha de S. Paulo, O Estado de S. Paulo, Di\\u00e1rio Popular, entre outros. Ao transferir a revista vitrine, vers\\u00e3o imprensa, de S\\u00e3o Paulo para Ibi\\u00fana h\\u00e1 alguns anos, iniciou uma nova experi\\u00eancia profissional, dedicando-se ao jornalismo regional, depois de cumprir uma trajet\\u00f3ria bem-sucedida na grande imprensa brasileira. Seu primeiro livro A Coragem de Comunicar foi lan\\u00e7ado na Bienal do Livro em S\\u00e3o Paulo no ano 2000, pela editora Madras.\"}]}<\/script>\n<!-- \/ Yoast SEO plugin. -->","_links":{"self":[{"href":"https:\/\/revistavitrineibiuna.com.br\/index.php?rest_route=\/wp\/v2\/posts\/30211"}],"collection":[{"href":"https:\/\/revistavitrineibiuna.com.br\/index.php?rest_route=\/wp\/v2\/posts"}],"about":[{"href":"https:\/\/revistavitrineibiuna.com.br\/index.php?rest_route=\/wp\/v2\/types\/post"}],"author":[{"embeddable":true,"href":"https:\/\/revistavitrineibiuna.com.br\/index.php?rest_route=\/wp\/v2\/users\/1"}],"replies":[{"embeddable":true,"href":"https:\/\/revistavitrineibiuna.com.br\/index.php?rest_route=%2Fwp%2Fv2%2Fcomments&post=30211"}],"version-history":[{"count":5,"href":"https:\/\/revistavitrineibiuna.com.br\/index.php?rest_route=\/wp\/v2\/posts\/30211\/revisions"}],"predecessor-version":[{"id":30218,"href":"https:\/\/revistavitrineibiuna.com.br\/index.php?rest_route=\/wp\/v2\/posts\/30211\/revisions\/30218"}],"wp:featuredmedia":[{"embeddable":true,"href":"https:\/\/revistavitrineibiuna.com.br\/index.php?rest_route=\/wp\/v2\/media\/30215"}],"wp:attachment":[{"href":"https:\/\/revistavitrineibiuna.com.br\/index.php?rest_route=%2Fwp%2Fv2%2Fmedia&parent=30211"}],"wp:term":[{"taxonomy":"category","embeddable":true,"href":"https:\/\/revistavitrineibiuna.com.br\/index.php?rest_route=%2Fwp%2Fv2%2Fcategories&post=30211"},{"taxonomy":"post_tag","embeddable":true,"href":"https:\/\/revistavitrineibiuna.com.br\/index.php?rest_route=%2Fwp%2Fv2%2Ftags&post=30211"}],"curies":[{"name":"wp","href":"https:\/\/api.w.org\/{rel}","templated":true}]}}