{"id":30220,"date":"2023-12-08T15:10:38","date_gmt":"2023-12-08T18:10:38","guid":{"rendered":"http:\/\/revistavitrineibiuna.com.br\/?p=30220"},"modified":"2023-12-08T15:52:51","modified_gmt":"2023-12-08T18:52:51","slug":"palestra-empreendedorismo-como-jornada-heroica-foi-emocionante","status":"publish","type":"post","link":"https:\/\/revistavitrineibiuna.com.br\/?p=30220","title":{"rendered":"PALESTRA EMPREENDEDORISMO COMO JORNADA HER\u00d3ICA \u201cFOI EMOCIONANTE!\u201d"},"content":{"rendered":"\n<p class=\"has-drop-cap\"><strong>\u201cFoi emocionante! Que palestra enriquecedora, ver minha jornada heroica, me fez lembrar cada passo do meu caminho, da minha trajet\u00f3ria. Sinto muito orgulho de mim! Como meu pai me ensinou \u2018sempre em frente\u2019, com muita f\u00e9, dedica\u00e7\u00e3o e sem prejudicar ningu\u00e9m.\u201d<\/strong><\/p>\n\n\n\n<p><strong>Esse coment\u00e1rio \u00e9 de Juliana Rodrigues Tavares, uma jovem empres\u00e1ria paulistana que criou a Feira da Mulher Empreendedora de Ibi\u00fana, sobre a palestra feita ontem \u00e0 noite (7) pelo jornalista, soci\u00f3logo e psicopedagogo Carlos Rossini para uma plateia formada por mulheres e homens no espa\u00e7o do 272 Bar Restaurante, no centro de Ibi\u00fana.<\/strong><\/p>\n\n\n\n<p><strong>Proferida no \u00faltimo jantar do ano da Feira da Mulher Empreendedora, foi \u00a0surpreendente tanto pela forma quanto conte\u00fado desenvolvido pelo palestrante, proporcionando uma agrad\u00e1vel intera\u00e7\u00e3o interpessoal, e exerc\u00edcios divertidos. Tr\u00eas hist\u00f3rias foram contadas, incluindo a saga de Indiana Jones, um filme cl\u00e1ssico da jornada heroica.<\/strong><\/p>\n\n\n\n<p><strong>Em suma, todos puderam participar e se expressar em torno do conhecimento das 12 etapas por que passa um her\u00f3i, vertidas para o dia a dia de todos os empreendedores na vida real.<\/strong><\/p>\n\n\n\n<p><strong>OUTRAS OPINI\u00d5ES DOS PARTICIPANTES<\/strong><\/p>\n\n\n\n<figure class=\"wp-block-image size-large\"><img loading=\"lazy\" width=\"1024\" height=\"661\" src=\"https:\/\/revistavitrineibiuna.com.br\/wp-content\/uploads\/2023\/12\/palestra-jornada-2-1024x661.png\" alt=\"\" class=\"wp-image-30224\" srcset=\"https:\/\/revistavitrineibiuna.com.br\/wp-content\/uploads\/2023\/12\/palestra-jornada-2-1024x661.png 1024w, https:\/\/revistavitrineibiuna.com.br\/wp-content\/uploads\/2023\/12\/palestra-jornada-2-300x194.png 300w, https:\/\/revistavitrineibiuna.com.br\/wp-content\/uploads\/2023\/12\/palestra-jornada-2-768x495.png 768w, https:\/\/revistavitrineibiuna.com.br\/wp-content\/uploads\/2023\/12\/palestra-jornada-2.png 1279w\" sizes=\"(max-width: 1024px) 100vw, 1024px\" \/><figcaption>Al\u00e9m da din\u00e2mica com exerc\u00edcios de &#8220;presentifica\u00e7\u00e3o&#8221; e de hist\u00f3ricas, os participantes conheceram as 12 etapas da jornada heroica, vividas em filmes e na vida cotidiana dos empreendedores<\/figcaption><\/figure>\n\n\n\n<p><strong>\u201cAgrade\u00e7o pela inspiradora palestra. Suas palavras ressoaram profundamente em mim. Embora deixar a zona de conforto seja desafiador, reconhe\u00e7o que \u00e9 um passo necess\u00e1rio para alcan\u00e7ar meus objetivos. Voc\u00ea despertou em mim a consci\u00eancia de que o primeiro passo \u00e9 crucial nessa jornada do empreendedorismo\u201d \u2013 Priscila Fernanda.<\/strong><\/p>\n\n\n\n<p><strong>\u201c\u00c9 enorme o aprendizado com a palestra sobre empreendedorismo do Prof. jornalista Carlos Rossini. Muito obrigado pela oportunidade de aprender um pouco mais\u201d \u2013 Marcelo Zambardino.<\/strong><\/p>\n\n\n\n<p><strong>\u201cA palestra \u2018Empreendedorismo como jornada heroica\u2019 levou-me \u00e0 reflex\u00e3o e pude sentir que estou no caminho certo\u201d \u2013 Naiane Pereira Leite.<\/strong><\/p>\n\n\n\n<p><strong>\u201cFoi extremamente reflexiva [a palestra] e nos chamou para a tomada da consci\u00eancia da import\u00e2ncia de cada etapa do empreendedorismo. Gratid\u00e3o pelo rico conte\u00fado\u201d \u2013 Fernanda Larozzi.<\/strong><\/p>\n\n\n\n<p><strong>\u201cFoi muito gratificante participar da palestra sobre a jornada do her\u00f3i. Al\u00e9m do tema inspirador, foi muito proveitoso conhecer pessoas e rever algumas delas. Agrade\u00e7o de cora\u00e7\u00e3o pelo convite e espero participar de outras que, com certeza, vir\u00e3o\u201d \u2013 Wesley Ribeiro.<\/strong><\/p>\n\n\n\n<p><strong>\u201cA palestra do Carlos Rossini foi um presente que n\u00f3s recebemos. Ele abordou temas como a import\u00e2ncia de olharmos para dentro, e viver no momento presente saindo do piloto autom\u00e1tico. As din\u00e2micas utilizadas nos fizeram refletir sobre quanto somos capazes de crescer, prosperar e ter uma vida com significado. Gratid\u00e3o imensa!\u201d \u2013 Adriana Daghum.<\/strong><\/p>\n\n\n\n<p><strong>\u201cA palestra foi muito interessante, bastante motivadora, inclusive sobre desafios que os empreendedores enfrentam. Bacana!\u201d \u2013 Marcelo Godtsfriedt.<\/strong><\/p>\n\n\n\n<p><strong>\u201cADOREI\u201d<\/strong><\/p>\n\n\n\n<p><strong>Menina de 11 anos que participou da palestra ao lado da m\u00e3e disse: \u201cAdorei\u201d.<\/strong><\/p>\n\n\n\n<p><strong>&#8230;&#8230;.<\/strong><\/p>\n\n\n\n<p><strong><em>Carlos Rossini profere palestras e oferece treinamentos empresariais costumizados, visando criar ferramentas para enfrentamentos e promover solu\u00e7\u00f5es de problemas no ambiente das organiza\u00e7\u00f5es. Contato: (15) 99612-3685, tamb\u00e9m WhatsApp.<\/em><\/strong><\/p>\n","protected":false},"excerpt":{"rendered":"<p>\u201cFoi emocionante! Que palestra enriquecedora, ver minha jornada heroica, me fez lembrar cada passo do meu caminho, da minha trajet\u00f3ria.<\/p>\n","protected":false},"author":1,"featured_media":30221,"comment_status":"open","ping_status":"open","sticky":false,"template":"","format":"standard","meta":[],"categories":[3],"tags":[],"yoast_head":"<!-- This site is optimized with the Yoast SEO plugin v15.8 - https:\/\/yoast.com\/wordpress\/plugins\/seo\/ -->\n<title>PALESTRA EMPREENDEDORISMO COMO JORNADA HER\u00d3ICA \u201cFOI EMOCIONANTE!\u201d - Revista Vitrine Online<\/title>\n<meta name=\"robots\" content=\"index, follow, max-snippet:-1, max-image-preview:large, max-video-preview:-1\" \/>\n<link rel=\"canonical\" href=\"http:\/\/revistavitrineibiuna.com.br\/?p=30220\" \/>\n<meta property=\"og:locale\" content=\"pt_BR\" \/>\n<meta property=\"og:type\" content=\"article\" \/>\n<meta property=\"og:title\" content=\"PALESTRA EMPREENDEDORISMO COMO JORNADA HER\u00d3ICA \u201cFOI EMOCIONANTE!\u201d - Revista Vitrine Online\" \/>\n<meta property=\"og:description\" content=\"\u201cFoi emocionante! Que palestra enriquecedora, ver minha jornada heroica, me fez lembrar cada passo do meu caminho, da minha trajet\u00f3ria.\" \/>\n<meta property=\"og:url\" content=\"http:\/\/revistavitrineibiuna.com.br\/?p=30220\" \/>\n<meta property=\"og:site_name\" content=\"Revista Vitrine Online\" \/>\n<meta property=\"article:published_time\" content=\"2023-12-08T18:10:38+00:00\" \/>\n<meta property=\"article:modified_time\" content=\"2023-12-08T18:52:51+00:00\" \/>\n<meta property=\"og:image\" content=\"https:\/\/revistavitrineibiuna.com.br\/wp-content\/uploads\/2023\/12\/Palestra-jornada-1.png\" \/>\n\t<meta property=\"og:image:width\" content=\"540\" \/>\n\t<meta property=\"og:image:height\" content=\"353\" \/>\n<meta name=\"twitter:card\" content=\"summary\" \/>\n<meta name=\"twitter:label1\" content=\"Est. reading time\">\n\t<meta name=\"twitter:data1\" content=\"3 minutos\">\n<script type=\"application\/ld+json\" class=\"yoast-schema-graph\">{\"@context\":\"https:\/\/schema.org\",\"@graph\":[{\"@type\":\"WebSite\",\"@id\":\"https:\/\/revistavitrineibiuna.com.br\/#website\",\"url\":\"https:\/\/revistavitrineibiuna.com.br\/\",\"name\":\"Revista Vitrine Ibi\\u00fana\",\"description\":\"A Revista de Ibi\\u00fana e Regi\\u00e3o\",\"publisher\":{\"@id\":\"https:\/\/revistavitrineibiuna.com.br\/#\/schema\/person\/e51ef49d6d88170ea21ceabff3f73deb\"},\"potentialAction\":[{\"@type\":\"SearchAction\",\"target\":\"https:\/\/revistavitrineibiuna.com.br\/?s={search_term_string}\",\"query-input\":\"required name=search_term_string\"}],\"inLanguage\":\"pt-BR\"},{\"@type\":\"ImageObject\",\"@id\":\"http:\/\/revistavitrineibiuna.com.br\/?p=30220#primaryimage\",\"inLanguage\":\"pt-BR\",\"url\":\"https:\/\/revistavitrineibiuna.com.br\/wp-content\/uploads\/2023\/12\/Palestra-jornada-1.png\",\"width\":540,\"height\":353},{\"@type\":\"WebPage\",\"@id\":\"http:\/\/revistavitrineibiuna.com.br\/?p=30220#webpage\",\"url\":\"http:\/\/revistavitrineibiuna.com.br\/?p=30220\",\"name\":\"PALESTRA EMPREENDEDORISMO COMO JORNADA HER\\u00d3ICA \\u201cFOI EMOCIONANTE!\\u201d - Revista Vitrine Online\",\"isPartOf\":{\"@id\":\"https:\/\/revistavitrineibiuna.com.br\/#website\"},\"primaryImageOfPage\":{\"@id\":\"http:\/\/revistavitrineibiuna.com.br\/?p=30220#primaryimage\"},\"datePublished\":\"2023-12-08T18:10:38+00:00\",\"dateModified\":\"2023-12-08T18:52:51+00:00\",\"breadcrumb\":{\"@id\":\"http:\/\/revistavitrineibiuna.com.br\/?p=30220#breadcrumb\"},\"inLanguage\":\"pt-BR\",\"potentialAction\":[{\"@type\":\"ReadAction\",\"target\":[\"http:\/\/revistavitrineibiuna.com.br\/?p=30220\"]}]},{\"@type\":\"BreadcrumbList\",\"@id\":\"http:\/\/revistavitrineibiuna.com.br\/?p=30220#breadcrumb\",\"itemListElement\":[{\"@type\":\"ListItem\",\"position\":1,\"item\":{\"@type\":\"WebPage\",\"@id\":\"https:\/\/revistavitrineibiuna.com.br\/\",\"url\":\"https:\/\/revistavitrineibiuna.com.br\/\",\"name\":\"In\\u00edcio\"}},{\"@type\":\"ListItem\",\"position\":2,\"item\":{\"@type\":\"WebPage\",\"@id\":\"http:\/\/revistavitrineibiuna.com.br\/?p=30220\",\"url\":\"http:\/\/revistavitrineibiuna.com.br\/?p=30220\",\"name\":\"PALESTRA EMPREENDEDORISMO COMO JORNADA HER\\u00d3ICA \\u201cFOI EMOCIONANTE!\\u201d\"}}]},{\"@type\":\"Article\",\"@id\":\"http:\/\/revistavitrineibiuna.com.br\/?p=30220#article\",\"isPartOf\":{\"@id\":\"http:\/\/revistavitrineibiuna.com.br\/?p=30220#webpage\"},\"author\":{\"@id\":\"https:\/\/revistavitrineibiuna.com.br\/#\/schema\/person\/e51ef49d6d88170ea21ceabff3f73deb\"},\"headline\":\"PALESTRA EMPREENDEDORISMO COMO JORNADA HER\\u00d3ICA \\u201cFOI EMOCIONANTE!\\u201d\",\"datePublished\":\"2023-12-08T18:10:38+00:00\",\"dateModified\":\"2023-12-08T18:52:51+00:00\",\"mainEntityOfPage\":{\"@id\":\"http:\/\/revistavitrineibiuna.com.br\/?p=30220#webpage\"},\"commentCount\":0,\"publisher\":{\"@id\":\"https:\/\/revistavitrineibiuna.com.br\/#\/schema\/person\/e51ef49d6d88170ea21ceabff3f73deb\"},\"image\":{\"@id\":\"http:\/\/revistavitrineibiuna.com.br\/?p=30220#primaryimage\"},\"articleSection\":\"Not\\u00edcias\",\"inLanguage\":\"pt-BR\",\"potentialAction\":[{\"@type\":\"CommentAction\",\"name\":\"Comment\",\"target\":[\"http:\/\/revistavitrineibiuna.com.br\/?p=30220#respond\"]}]},{\"@type\":[\"Person\",\"Organization\"],\"@id\":\"https:\/\/revistavitrineibiuna.com.br\/#\/schema\/person\/e51ef49d6d88170ea21ceabff3f73deb\",\"name\":\"Carlos Rossini\",\"image\":{\"@type\":\"ImageObject\",\"@id\":\"https:\/\/revistavitrineibiuna.com.br\/#personlogo\",\"inLanguage\":\"pt-BR\",\"url\":\"https:\/\/secure.gravatar.com\/avatar\/4f2d0f99fac1f85c7d643f21f5c8d900?s=96&d=mm&r=g\",\"caption\":\"Carlos Rossini\"},\"logo\":{\"@id\":\"https:\/\/revistavitrineibiuna.com.br\/#personlogo\"},\"description\":\"Carlos Rossini \\u00e9 jornalista, soci\\u00f3logo, escritor e professor universit\\u00e1rio, tendo sido professor de jornalismo por vinte anos. Trabalhou em ve\\u00edculos de comunica\\u00e7\\u00e3o nas fun\\u00e7\\u00f5es de rep\\u00f3rter, redator, editor, articulista e colaborador, como Folha de S. Paulo, O Estado de S. Paulo, Di\\u00e1rio Popular, entre outros. Ao transferir a revista vitrine, vers\\u00e3o imprensa, de S\\u00e3o Paulo para Ibi\\u00fana h\\u00e1 alguns anos, iniciou uma nova experi\\u00eancia profissional, dedicando-se ao jornalismo regional, depois de cumprir uma trajet\\u00f3ria bem-sucedida na grande imprensa brasileira. Seu primeiro livro A Coragem de Comunicar foi lan\\u00e7ado na Bienal do Livro em S\\u00e3o Paulo no ano 2000, pela editora Madras.\"}]}<\/script>\n<!-- \/ Yoast SEO plugin. -->","_links":{"self":[{"href":"https:\/\/revistavitrineibiuna.com.br\/index.php?rest_route=\/wp\/v2\/posts\/30220"}],"collection":[{"href":"https:\/\/revistavitrineibiuna.com.br\/index.php?rest_route=\/wp\/v2\/posts"}],"about":[{"href":"https:\/\/revistavitrineibiuna.com.br\/index.php?rest_route=\/wp\/v2\/types\/post"}],"author":[{"embeddable":true,"href":"https:\/\/revistavitrineibiuna.com.br\/index.php?rest_route=\/wp\/v2\/users\/1"}],"replies":[{"embeddable":true,"href":"https:\/\/revistavitrineibiuna.com.br\/index.php?rest_route=%2Fwp%2Fv2%2Fcomments&post=30220"}],"version-history":[{"count":4,"href":"https:\/\/revistavitrineibiuna.com.br\/index.php?rest_route=\/wp\/v2\/posts\/30220\/revisions"}],"predecessor-version":[{"id":30227,"href":"https:\/\/revistavitrineibiuna.com.br\/index.php?rest_route=\/wp\/v2\/posts\/30220\/revisions\/30227"}],"wp:featuredmedia":[{"embeddable":true,"href":"https:\/\/revistavitrineibiuna.com.br\/index.php?rest_route=\/wp\/v2\/media\/30221"}],"wp:attachment":[{"href":"https:\/\/revistavitrineibiuna.com.br\/index.php?rest_route=%2Fwp%2Fv2%2Fmedia&parent=30220"}],"wp:term":[{"taxonomy":"category","embeddable":true,"href":"https:\/\/revistavitrineibiuna.com.br\/index.php?rest_route=%2Fwp%2Fv2%2Fcategories&post=30220"},{"taxonomy":"post_tag","embeddable":true,"href":"https:\/\/revistavitrineibiuna.com.br\/index.php?rest_route=%2Fwp%2Fv2%2Ftags&post=30220"}],"curies":[{"name":"wp","href":"https:\/\/api.w.org\/{rel}","templated":true}]}}