{"id":30228,"date":"2023-12-08T19:22:51","date_gmt":"2023-12-08T22:22:51","guid":{"rendered":"http:\/\/revistavitrineibiuna.com.br\/?p=30228"},"modified":"2023-12-08T20:56:00","modified_gmt":"2023-12-08T23:56:00","slug":"ibiuna-homem-agride-brutalmente-menina-na-principal-rua-do-centro","status":"publish","type":"post","link":"https:\/\/revistavitrineibiuna.com.br\/?p=30228","title":{"rendered":"IBI\u00daNA \u2013 HOMEM AGRIDE BRUTALMENTE MENINA NA PRINCIPAL RUA DO CENTRO"},"content":{"rendered":"\n<p><strong>CENA 1 -Uma adolescente de 15 anos desce hoje (8) por uma cal\u00e7ada da Rua XV de Novembro, a principal via do centro da cidade de Ibi\u00fana, ao lado de sua m\u00e3e. S\u00e3o 14h20. Um homem descal\u00e7o sobe pela mesma cal\u00e7ada em dire\u00e7\u00e3o oposta.<\/strong><\/p>\n\n\n\n<p><strong>De repente, o homem estende a m\u00e3o em dire\u00e7\u00e3o \u00e0 menina e aparenta pedir alguma coisa. Tudo ocorre muito r\u00e1pido, em mil\u00e9simos de segundo. Ent\u00e3o o homem d\u00e1 um violento soco no rosto da menina que cai na cal\u00e7ada, enquanto o agressor prossegue sua caminhada. Um homem que est\u00e1 perto da mulher procura socorrer a menina que, mais tarde, seria levada por uma ambul\u00e2ncia do Samu para o Hospital Municipal de Ibi\u00fana, onde foi atendida e liberada.<\/strong><\/p>\n\n\n\n<p><strong>CENA 2 \u2013 Cinco minutos depois, ainda na Rua XV de Novembro, uma equipe da Guarda Civil Municipal, constitu\u00edda pelos policiais Eduardo, Roberto e Wellington, cumpre sua fun\u00e7\u00e3o: det\u00e9m o agressor, W.P.S., 34 anos, morador no bairro Rosarial, e o conduz para a Delegacia de Pol\u00edcia de Ibi\u00fana, onde ser\u00e1 feito um boletim de ocorr\u00eancia. Para l\u00e1 tamb\u00e9m foram a m\u00e3e e a adolescente v\u00edtima da agress\u00e3o.<\/strong><\/p>\n\n\n\n<figure class=\"wp-block-image size-large\"><img loading=\"lazy\" width=\"715\" height=\"408\" src=\"https:\/\/revistavitrineibiuna.com.br\/wp-content\/uploads\/2023\/12\/homem-da-soco-6.png\" alt=\"\" class=\"wp-image-30238\" srcset=\"https:\/\/revistavitrineibiuna.com.br\/wp-content\/uploads\/2023\/12\/homem-da-soco-6.png 715w, https:\/\/revistavitrineibiuna.com.br\/wp-content\/uploads\/2023\/12\/homem-da-soco-6-300x171.png 300w\" sizes=\"(max-width: 715px) 100vw, 715px\" \/><figcaption>O agressor sobe a cal\u00e7ada: logo se dar\u00e1 a agress\u00e3o \u00e0 menina<\/figcaption><\/figure>\n\n\n\n<p><strong>CENA 3 \u2013 Na delegacia, entre outros procedimentos, o agressor assina um termo de compromisso. Isto acontece porque, segundo apuramos com o delegado titular, nos crimes de menor potencial ofensivo (pena at\u00e9 2 anos), \u201ca legisla\u00e7\u00e3o coloca que, em situa\u00e7\u00f5es fragranciais, o autor \u00e9 liberado assumindo o compromisso de ir ao F\u00f3rum&#8221;.<\/strong><\/p>\n\n\n\n<p><strong>CENA 4 \u2013 Enquanto o v\u00eddeo da agress\u00e3o circula rapidamente nas m\u00eddias sociais [vitrine online veiculou em sua p\u00e1gina no Facebook], as pessoas se mostram indignadas com o ato brutal de viol\u00eancia do qual a menina n\u00e3o teve a menor chance de escapar. Mulheres comentam que o agressor vive perambulando na Pra\u00e7a da Matriz e nas ruas centrais da cidade. O presidente do Conseg \u2013 Conselho Comunit\u00e1rio de Seguran\u00e7a, engenheiro Marcelo Zambardino, nos informa que esse indiv\u00edduo [que anda descal\u00e7o] \u00e9 sempre visto nas ruas e somente aborda mulheres, como foi o caso desse epis\u00f3dio.<\/strong><\/p>\n\n\n\n<figure class=\"wp-block-image size-large\"><img loading=\"lazy\" width=\"720\" height=\"404\" src=\"https:\/\/revistavitrineibiuna.com.br\/wp-content\/uploads\/2023\/12\/homem-da-soco-5.png\" alt=\"\" class=\"wp-image-30241\" srcset=\"https:\/\/revistavitrineibiuna.com.br\/wp-content\/uploads\/2023\/12\/homem-da-soco-5.png 720w, https:\/\/revistavitrineibiuna.com.br\/wp-content\/uploads\/2023\/12\/homem-da-soco-5-300x168.png 300w\" sizes=\"(max-width: 720px) 100vw, 720px\" \/><figcaption>Menina permanece no ch\u00e3o muito assustada e atordoada pelo violento soco<\/figcaption><\/figure>\n\n\n\n<p><strong>CENA 5 \u2013 Surgem coment\u00e1rios  de que W.P.S., 34 anos sofreria de problemas mentais e estaria sendo atendido pelo CAPS \u2013 Centro de Aten\u00e7\u00e3o Psicossocial de Ibi\u00fana. Essa quest\u00e3o \u00e9 ventilada durante a elabora\u00e7\u00e3o do B.O. na Delegacia de Pol\u00edcia, mas a autoridade informa que \u201cn\u00e3o foi apresentado nenhum documento nesse sentido\u201d.<\/strong><\/p>\n\n\n\n<p><strong>CENA FINAL \u2013 O agressor \u00e9 liberado e a menina retorna para a sua casa com dois ferimentos: o provocado pela dor do soco em seu rosto e a lembran\u00e7a do pavor que sentiu no meio da tarde, quando foi surpreendida com uma agress\u00e3o injustific\u00e1vel, que estar\u00e1 sempre presente em sua mem\u00f3ria.<\/strong><\/p>\n\n\n\n<p><strong>SENSA\u00c7\u00c3O DE INSEGURAN\u00c7A<\/strong><\/p>\n\n\n\n<p><strong>MICROEDITORIAL:<\/strong> <strong>Fatos como esse intranquilizam a popula\u00e7\u00e3o e contribuem para gerar uma sensa\u00e7\u00e3o de inseguran\u00e7a e, mais, ainda que saibamos que n\u00e3o \u00e9 f\u00e1cil a pol\u00edcia estar em todos os lugares ao mesmo tempo, clamam pela necessidade de a\u00e7\u00f5es de natureza preventiva.<\/strong><\/p>\n\n\n\n<p><strong>Na verdade, ningu\u00e9m poderia pressupor que um homem pudesse agir dessa maneira surpreendente no meio de uma tarde ensolarada.<\/strong><\/p>\n\n\n\n<p><strong>\u00a0Mas, ser\u00e1 que um portador de enfermidade mental supostamente grave pode ficar circulando pela cidade e, de repente, agir de modo agressivo descomunal e ferir uma menina que, talvez, estivesse acompanhando a m\u00e3e para fazer compras de Natal<\/strong>?<\/p>\n\n\n\n<p><strong>FOI ATENDIDO PELO CAPS<\/strong><\/p>\n\n\n\n<p><strong>ATUALIZA\u00c7\u00c3O:<\/strong> <strong>Indagada agora h\u00e1 pouco pela revista vitrine online, a diretora do CAPS, psic\u00f3loga Daniela Lima, confirmou que o agressor passou pela institui\u00e7\u00e3o, esclarecendo que &#8220;sua \u00faltima consulta foi em 2016&#8221;<\/strong>; <strong>portanto, h\u00e1 7 anos.<\/strong><\/p>\n","protected":false},"excerpt":{"rendered":"<p>CENA 1 -Uma adolescente de 15 anos desce hoje (8) por uma cal\u00e7ada da Rua XV de Novembro, a principal<\/p>\n","protected":false},"author":1,"featured_media":30235,"comment_status":"open","ping_status":"open","sticky":false,"template":"","format":"standard","meta":[],"categories":[3],"tags":[],"yoast_head":"<!-- This site is optimized with the Yoast SEO plugin v15.8 - https:\/\/yoast.com\/wordpress\/plugins\/seo\/ -->\n<title>IBI\u00daNA \u2013 HOMEM AGRIDE BRUTALMENTE MENINA NA PRINCIPAL RUA DO CENTRO - Revista Vitrine Online<\/title>\n<meta name=\"robots\" content=\"index, follow, max-snippet:-1, max-image-preview:large, max-video-preview:-1\" \/>\n<link rel=\"canonical\" href=\"http:\/\/revistavitrineibiuna.com.br\/?p=30228\" \/>\n<meta property=\"og:locale\" content=\"pt_BR\" \/>\n<meta property=\"og:type\" content=\"article\" \/>\n<meta property=\"og:title\" content=\"IBI\u00daNA \u2013 HOMEM AGRIDE BRUTALMENTE MENINA NA PRINCIPAL RUA DO CENTRO - Revista Vitrine Online\" \/>\n<meta property=\"og:description\" content=\"CENA 1 -Uma adolescente de 15 anos desce hoje (8) por uma cal\u00e7ada da Rua XV de Novembro, a principal\" \/>\n<meta property=\"og:url\" content=\"http:\/\/revistavitrineibiuna.com.br\/?p=30228\" \/>\n<meta property=\"og:site_name\" content=\"Revista Vitrine Online\" \/>\n<meta property=\"article:published_time\" content=\"2023-12-08T22:22:51+00:00\" \/>\n<meta property=\"article:modified_time\" content=\"2023-12-08T23:56:00+00:00\" \/>\n<meta property=\"og:image\" content=\"https:\/\/revistavitrineibiuna.com.br\/wp-content\/uploads\/2023\/12\/Homem-da-soco-em-adolescente-1.png\" \/>\n\t<meta property=\"og:image:width\" content=\"717\" \/>\n\t<meta property=\"og:image:height\" content=\"403\" \/>\n<meta name=\"twitter:card\" content=\"summary\" \/>\n<meta name=\"twitter:label1\" content=\"Est. reading time\">\n\t<meta name=\"twitter:data1\" content=\"4 minutos\">\n<script type=\"application\/ld+json\" class=\"yoast-schema-graph\">{\"@context\":\"https:\/\/schema.org\",\"@graph\":[{\"@type\":\"WebSite\",\"@id\":\"https:\/\/revistavitrineibiuna.com.br\/#website\",\"url\":\"https:\/\/revistavitrineibiuna.com.br\/\",\"name\":\"Revista Vitrine Ibi\\u00fana\",\"description\":\"A Revista de Ibi\\u00fana e Regi\\u00e3o\",\"publisher\":{\"@id\":\"https:\/\/revistavitrineibiuna.com.br\/#\/schema\/person\/e51ef49d6d88170ea21ceabff3f73deb\"},\"potentialAction\":[{\"@type\":\"SearchAction\",\"target\":\"https:\/\/revistavitrineibiuna.com.br\/?s={search_term_string}\",\"query-input\":\"required name=search_term_string\"}],\"inLanguage\":\"pt-BR\"},{\"@type\":\"ImageObject\",\"@id\":\"http:\/\/revistavitrineibiuna.com.br\/?p=30228#primaryimage\",\"inLanguage\":\"pt-BR\",\"url\":\"https:\/\/revistavitrineibiuna.com.br\/wp-content\/uploads\/2023\/12\/Homem-da-soco-em-adolescente-1.png\",\"width\":717,\"height\":403},{\"@type\":\"WebPage\",\"@id\":\"http:\/\/revistavitrineibiuna.com.br\/?p=30228#webpage\",\"url\":\"http:\/\/revistavitrineibiuna.com.br\/?p=30228\",\"name\":\"IBI\\u00daNA \\u2013 HOMEM AGRIDE BRUTALMENTE MENINA NA PRINCIPAL RUA DO CENTRO - Revista Vitrine Online\",\"isPartOf\":{\"@id\":\"https:\/\/revistavitrineibiuna.com.br\/#website\"},\"primaryImageOfPage\":{\"@id\":\"http:\/\/revistavitrineibiuna.com.br\/?p=30228#primaryimage\"},\"datePublished\":\"2023-12-08T22:22:51+00:00\",\"dateModified\":\"2023-12-08T23:56:00+00:00\",\"breadcrumb\":{\"@id\":\"http:\/\/revistavitrineibiuna.com.br\/?p=30228#breadcrumb\"},\"inLanguage\":\"pt-BR\",\"potentialAction\":[{\"@type\":\"ReadAction\",\"target\":[\"http:\/\/revistavitrineibiuna.com.br\/?p=30228\"]}]},{\"@type\":\"BreadcrumbList\",\"@id\":\"http:\/\/revistavitrineibiuna.com.br\/?p=30228#breadcrumb\",\"itemListElement\":[{\"@type\":\"ListItem\",\"position\":1,\"item\":{\"@type\":\"WebPage\",\"@id\":\"https:\/\/revistavitrineibiuna.com.br\/\",\"url\":\"https:\/\/revistavitrineibiuna.com.br\/\",\"name\":\"In\\u00edcio\"}},{\"@type\":\"ListItem\",\"position\":2,\"item\":{\"@type\":\"WebPage\",\"@id\":\"http:\/\/revistavitrineibiuna.com.br\/?p=30228\",\"url\":\"http:\/\/revistavitrineibiuna.com.br\/?p=30228\",\"name\":\"IBI\\u00daNA \\u2013 HOMEM AGRIDE BRUTALMENTE MENINA NA PRINCIPAL RUA DO CENTRO\"}}]},{\"@type\":\"Article\",\"@id\":\"http:\/\/revistavitrineibiuna.com.br\/?p=30228#article\",\"isPartOf\":{\"@id\":\"http:\/\/revistavitrineibiuna.com.br\/?p=30228#webpage\"},\"author\":{\"@id\":\"https:\/\/revistavitrineibiuna.com.br\/#\/schema\/person\/e51ef49d6d88170ea21ceabff3f73deb\"},\"headline\":\"IBI\\u00daNA \\u2013 HOMEM AGRIDE BRUTALMENTE MENINA NA PRINCIPAL RUA DO CENTRO\",\"datePublished\":\"2023-12-08T22:22:51+00:00\",\"dateModified\":\"2023-12-08T23:56:00+00:00\",\"mainEntityOfPage\":{\"@id\":\"http:\/\/revistavitrineibiuna.com.br\/?p=30228#webpage\"},\"commentCount\":0,\"publisher\":{\"@id\":\"https:\/\/revistavitrineibiuna.com.br\/#\/schema\/person\/e51ef49d6d88170ea21ceabff3f73deb\"},\"image\":{\"@id\":\"http:\/\/revistavitrineibiuna.com.br\/?p=30228#primaryimage\"},\"articleSection\":\"Not\\u00edcias\",\"inLanguage\":\"pt-BR\",\"potentialAction\":[{\"@type\":\"CommentAction\",\"name\":\"Comment\",\"target\":[\"http:\/\/revistavitrineibiuna.com.br\/?p=30228#respond\"]}]},{\"@type\":[\"Person\",\"Organization\"],\"@id\":\"https:\/\/revistavitrineibiuna.com.br\/#\/schema\/person\/e51ef49d6d88170ea21ceabff3f73deb\",\"name\":\"Carlos Rossini\",\"image\":{\"@type\":\"ImageObject\",\"@id\":\"https:\/\/revistavitrineibiuna.com.br\/#personlogo\",\"inLanguage\":\"pt-BR\",\"url\":\"https:\/\/secure.gravatar.com\/avatar\/4f2d0f99fac1f85c7d643f21f5c8d900?s=96&d=mm&r=g\",\"caption\":\"Carlos Rossini\"},\"logo\":{\"@id\":\"https:\/\/revistavitrineibiuna.com.br\/#personlogo\"},\"description\":\"Carlos Rossini \\u00e9 jornalista, soci\\u00f3logo, escritor e professor universit\\u00e1rio, tendo sido professor de jornalismo por vinte anos. Trabalhou em ve\\u00edculos de comunica\\u00e7\\u00e3o nas fun\\u00e7\\u00f5es de rep\\u00f3rter, redator, editor, articulista e colaborador, como Folha de S. Paulo, O Estado de S. Paulo, Di\\u00e1rio Popular, entre outros. Ao transferir a revista vitrine, vers\\u00e3o imprensa, de S\\u00e3o Paulo para Ibi\\u00fana h\\u00e1 alguns anos, iniciou uma nova experi\\u00eancia profissional, dedicando-se ao jornalismo regional, depois de cumprir uma trajet\\u00f3ria bem-sucedida na grande imprensa brasileira. Seu primeiro livro A Coragem de Comunicar foi lan\\u00e7ado na Bienal do Livro em S\\u00e3o Paulo no ano 2000, pela editora Madras.\"}]}<\/script>\n<!-- \/ Yoast SEO plugin. -->","_links":{"self":[{"href":"https:\/\/revistavitrineibiuna.com.br\/index.php?rest_route=\/wp\/v2\/posts\/30228"}],"collection":[{"href":"https:\/\/revistavitrineibiuna.com.br\/index.php?rest_route=\/wp\/v2\/posts"}],"about":[{"href":"https:\/\/revistavitrineibiuna.com.br\/index.php?rest_route=\/wp\/v2\/types\/post"}],"author":[{"embeddable":true,"href":"https:\/\/revistavitrineibiuna.com.br\/index.php?rest_route=\/wp\/v2\/users\/1"}],"replies":[{"embeddable":true,"href":"https:\/\/revistavitrineibiuna.com.br\/index.php?rest_route=%2Fwp%2Fv2%2Fcomments&post=30228"}],"version-history":[{"count":16,"href":"https:\/\/revistavitrineibiuna.com.br\/index.php?rest_route=\/wp\/v2\/posts\/30228\/revisions"}],"predecessor-version":[{"id":30255,"href":"https:\/\/revistavitrineibiuna.com.br\/index.php?rest_route=\/wp\/v2\/posts\/30228\/revisions\/30255"}],"wp:featuredmedia":[{"embeddable":true,"href":"https:\/\/revistavitrineibiuna.com.br\/index.php?rest_route=\/wp\/v2\/media\/30235"}],"wp:attachment":[{"href":"https:\/\/revistavitrineibiuna.com.br\/index.php?rest_route=%2Fwp%2Fv2%2Fmedia&parent=30228"}],"wp:term":[{"taxonomy":"category","embeddable":true,"href":"https:\/\/revistavitrineibiuna.com.br\/index.php?rest_route=%2Fwp%2Fv2%2Fcategories&post=30228"},{"taxonomy":"post_tag","embeddable":true,"href":"https:\/\/revistavitrineibiuna.com.br\/index.php?rest_route=%2Fwp%2Fv2%2Ftags&post=30228"}],"curies":[{"name":"wp","href":"https:\/\/api.w.org\/{rel}","templated":true}]}}