{"id":30256,"date":"2023-12-08T21:35:00","date_gmt":"2023-12-09T00:35:00","guid":{"rendered":"http:\/\/revistavitrineibiuna.com.br\/?p=30256"},"modified":"2023-12-08T21:41:57","modified_gmt":"2023-12-09T00:41:57","slug":"eba-hoje-tem-papai-noel-na-feira-da-capelinha","status":"publish","type":"post","link":"https:\/\/revistavitrineibiuna.com.br\/?p=30256","title":{"rendered":"EBA! HOJE TEM PAPAI NOEL NA FEIRA DA CAPELINHA"},"content":{"rendered":"\n<p class=\"has-drop-cap\"><strong>A Feira da Capelinha deste s\u00e1bado (9) ter\u00e1 a chegada do Papai \u00e0s 14 h para a alegria da crian\u00e7ada. \u00c9 a edi\u00e7\u00e3o Especial de Natal!<\/strong><\/p>\n\n\n\n<p><strong>A programa\u00e7\u00e3o come\u00e7a \u00e0s 12h no entorno da Capela do Bom Jesus da Pris\u00e3o, localizada na Avenida S\u00e3o Sebasti\u00e3o, s\/n\u00ba, no Centro da cidade.<\/strong><\/p>\n\n\n\n<p><strong>Programa\u00e7\u00e3o durante todo o dia, muitos sorteios e divers\u00e3o para toda a fam\u00edlia.<\/strong><\/p>\n\n\n\n<p><strong>13h Cantor Cristov\u00e3o Xavier<\/strong><\/p>\n\n\n\n<p><strong>14h Chegada do Papai Noel<\/strong><\/p>\n\n\n\n<p><strong>14h30 Duendes de Natal<\/strong><\/p>\n\n\n\n<p><strong>15h30 Coral Vozes e Viol\u00f5es Enluarados<\/strong><\/p>\n\n\n\n<p><strong>16h Orquestra OJESPI<\/strong><\/p>\n\n\n\n<p><strong>17h Dan\u00e7a Circular<\/strong><\/p>\n\n\n\n<p><strong>18h Junnyor e Simony<\/strong><\/p>\n\n\n\n<p><strong>19h Cantor Rodrigo Bonif\u00e1cio<\/strong><\/p>\n\n\n\n<p><strong>Al\u00e9m das apresenta\u00e7\u00f5es, haver\u00e1 as seguintes a\u00e7\u00f5es:<\/strong><\/p>\n\n\n\n<p><strong>\u27a1<\/strong><strong>3\u00aa Exposi\u00e7\u00e3o de Pres\u00e9pios dos artes\u00e3os de Ibi\u00fana das 12h \u00e0s 18h<\/strong><\/p>\n\n\n\n<p><strong>\u27a1<\/strong><strong>Supera Ibi\u00fana com atividades<\/strong><\/p>\n\n\n\n<p><strong>\u27a1<\/strong><strong> Fliperama Gratuito com o Festival de Games<\/strong><\/p>\n\n\n\n<p><strong>\u27a1<\/strong><strong>14h \u00e0s 18h &#8211; Oficina de Arte Gratuita com a Artes\u00e3 Adriana Perin<\/strong><\/p>\n\n\n\n<p><strong>A Feira da Capelinha \u00e9 PETFRIENDLY traga seu pet<\/strong><\/p>\n","protected":false},"excerpt":{"rendered":"<p>A Feira da Capelinha deste s\u00e1bado (9) ter\u00e1 a chegada do Papai \u00e0s 14 h para a alegria da crian\u00e7ada.<\/p>\n","protected":false},"author":1,"featured_media":30260,"comment_status":"open","ping_status":"open","sticky":false,"template":"","format":"standard","meta":[],"categories":[70],"tags":[],"yoast_head":"<!-- This site is optimized with the Yoast SEO plugin v15.8 - https:\/\/yoast.com\/wordpress\/plugins\/seo\/ -->\n<title>EBA! HOJE TEM PAPAI NOEL NA FEIRA DA CAPELINHA - Revista Vitrine Online<\/title>\n<meta name=\"robots\" content=\"index, follow, max-snippet:-1, max-image-preview:large, max-video-preview:-1\" \/>\n<link rel=\"canonical\" href=\"http:\/\/revistavitrineibiuna.com.br\/?p=30256\" \/>\n<meta property=\"og:locale\" content=\"pt_BR\" \/>\n<meta property=\"og:type\" content=\"article\" \/>\n<meta property=\"og:title\" content=\"EBA! HOJE TEM PAPAI NOEL NA FEIRA DA CAPELINHA - Revista Vitrine Online\" \/>\n<meta property=\"og:description\" content=\"A Feira da Capelinha deste s\u00e1bado (9) ter\u00e1 a chegada do Papai \u00e0s 14 h para a alegria da crian\u00e7ada.\" \/>\n<meta property=\"og:url\" content=\"http:\/\/revistavitrineibiuna.com.br\/?p=30256\" \/>\n<meta property=\"og:site_name\" content=\"Revista Vitrine Online\" \/>\n<meta property=\"article:published_time\" content=\"2023-12-09T00:35:00+00:00\" \/>\n<meta property=\"article:modified_time\" content=\"2023-12-09T00:41:57+00:00\" \/>\n<meta property=\"og:image\" content=\"https:\/\/revistavitrineibiuna.com.br\/wp-content\/uploads\/2023\/12\/papai-noel-novissimo.png\" \/>\n\t<meta property=\"og:image:width\" content=\"710\" \/>\n\t<meta property=\"og:image:height\" content=\"653\" \/>\n<meta name=\"twitter:card\" content=\"summary\" \/>\n<meta name=\"twitter:label1\" content=\"Est. reading time\">\n\t<meta name=\"twitter:data1\" content=\"1 minuto\">\n<script type=\"application\/ld+json\" class=\"yoast-schema-graph\">{\"@context\":\"https:\/\/schema.org\",\"@graph\":[{\"@type\":\"WebSite\",\"@id\":\"https:\/\/revistavitrineibiuna.com.br\/#website\",\"url\":\"https:\/\/revistavitrineibiuna.com.br\/\",\"name\":\"Revista Vitrine Ibi\\u00fana\",\"description\":\"A Revista de Ibi\\u00fana e Regi\\u00e3o\",\"publisher\":{\"@id\":\"https:\/\/revistavitrineibiuna.com.br\/#\/schema\/person\/e51ef49d6d88170ea21ceabff3f73deb\"},\"potentialAction\":[{\"@type\":\"SearchAction\",\"target\":\"https:\/\/revistavitrineibiuna.com.br\/?s={search_term_string}\",\"query-input\":\"required name=search_term_string\"}],\"inLanguage\":\"pt-BR\"},{\"@type\":\"ImageObject\",\"@id\":\"http:\/\/revistavitrineibiuna.com.br\/?p=30256#primaryimage\",\"inLanguage\":\"pt-BR\",\"url\":\"https:\/\/revistavitrineibiuna.com.br\/wp-content\/uploads\/2023\/12\/papai-noel-novissimo.png\",\"width\":710,\"height\":653},{\"@type\":\"WebPage\",\"@id\":\"http:\/\/revistavitrineibiuna.com.br\/?p=30256#webpage\",\"url\":\"http:\/\/revistavitrineibiuna.com.br\/?p=30256\",\"name\":\"EBA! HOJE TEM PAPAI NOEL NA FEIRA DA CAPELINHA - Revista Vitrine Online\",\"isPartOf\":{\"@id\":\"https:\/\/revistavitrineibiuna.com.br\/#website\"},\"primaryImageOfPage\":{\"@id\":\"http:\/\/revistavitrineibiuna.com.br\/?p=30256#primaryimage\"},\"datePublished\":\"2023-12-09T00:35:00+00:00\",\"dateModified\":\"2023-12-09T00:41:57+00:00\",\"breadcrumb\":{\"@id\":\"http:\/\/revistavitrineibiuna.com.br\/?p=30256#breadcrumb\"},\"inLanguage\":\"pt-BR\",\"potentialAction\":[{\"@type\":\"ReadAction\",\"target\":[\"http:\/\/revistavitrineibiuna.com.br\/?p=30256\"]}]},{\"@type\":\"BreadcrumbList\",\"@id\":\"http:\/\/revistavitrineibiuna.com.br\/?p=30256#breadcrumb\",\"itemListElement\":[{\"@type\":\"ListItem\",\"position\":1,\"item\":{\"@type\":\"WebPage\",\"@id\":\"https:\/\/revistavitrineibiuna.com.br\/\",\"url\":\"https:\/\/revistavitrineibiuna.com.br\/\",\"name\":\"In\\u00edcio\"}},{\"@type\":\"ListItem\",\"position\":2,\"item\":{\"@type\":\"WebPage\",\"@id\":\"http:\/\/revistavitrineibiuna.com.br\/?p=30256\",\"url\":\"http:\/\/revistavitrineibiuna.com.br\/?p=30256\",\"name\":\"EBA! HOJE TEM PAPAI NOEL NA FEIRA DA CAPELINHA\"}}]},{\"@type\":\"Article\",\"@id\":\"http:\/\/revistavitrineibiuna.com.br\/?p=30256#article\",\"isPartOf\":{\"@id\":\"http:\/\/revistavitrineibiuna.com.br\/?p=30256#webpage\"},\"author\":{\"@id\":\"https:\/\/revistavitrineibiuna.com.br\/#\/schema\/person\/e51ef49d6d88170ea21ceabff3f73deb\"},\"headline\":\"EBA! HOJE TEM PAPAI NOEL NA FEIRA DA CAPELINHA\",\"datePublished\":\"2023-12-09T00:35:00+00:00\",\"dateModified\":\"2023-12-09T00:41:57+00:00\",\"mainEntityOfPage\":{\"@id\":\"http:\/\/revistavitrineibiuna.com.br\/?p=30256#webpage\"},\"commentCount\":0,\"publisher\":{\"@id\":\"https:\/\/revistavitrineibiuna.com.br\/#\/schema\/person\/e51ef49d6d88170ea21ceabff3f73deb\"},\"image\":{\"@id\":\"http:\/\/revistavitrineibiuna.com.br\/?p=30256#primaryimage\"},\"articleSection\":\"Rapidinhas\",\"inLanguage\":\"pt-BR\",\"potentialAction\":[{\"@type\":\"CommentAction\",\"name\":\"Comment\",\"target\":[\"http:\/\/revistavitrineibiuna.com.br\/?p=30256#respond\"]}]},{\"@type\":[\"Person\",\"Organization\"],\"@id\":\"https:\/\/revistavitrineibiuna.com.br\/#\/schema\/person\/e51ef49d6d88170ea21ceabff3f73deb\",\"name\":\"Carlos Rossini\",\"image\":{\"@type\":\"ImageObject\",\"@id\":\"https:\/\/revistavitrineibiuna.com.br\/#personlogo\",\"inLanguage\":\"pt-BR\",\"url\":\"https:\/\/secure.gravatar.com\/avatar\/4f2d0f99fac1f85c7d643f21f5c8d900?s=96&d=mm&r=g\",\"caption\":\"Carlos Rossini\"},\"logo\":{\"@id\":\"https:\/\/revistavitrineibiuna.com.br\/#personlogo\"},\"description\":\"Carlos Rossini \\u00e9 jornalista, soci\\u00f3logo, escritor e professor universit\\u00e1rio, tendo sido professor de jornalismo por vinte anos. Trabalhou em ve\\u00edculos de comunica\\u00e7\\u00e3o nas fun\\u00e7\\u00f5es de rep\\u00f3rter, redator, editor, articulista e colaborador, como Folha de S. Paulo, O Estado de S. Paulo, Di\\u00e1rio Popular, entre outros. Ao transferir a revista vitrine, vers\\u00e3o imprensa, de S\\u00e3o Paulo para Ibi\\u00fana h\\u00e1 alguns anos, iniciou uma nova experi\\u00eancia profissional, dedicando-se ao jornalismo regional, depois de cumprir uma trajet\\u00f3ria bem-sucedida na grande imprensa brasileira. Seu primeiro livro A Coragem de Comunicar foi lan\\u00e7ado na Bienal do Livro em S\\u00e3o Paulo no ano 2000, pela editora Madras.\"}]}<\/script>\n<!-- \/ Yoast SEO plugin. -->","_links":{"self":[{"href":"https:\/\/revistavitrineibiuna.com.br\/index.php?rest_route=\/wp\/v2\/posts\/30256"}],"collection":[{"href":"https:\/\/revistavitrineibiuna.com.br\/index.php?rest_route=\/wp\/v2\/posts"}],"about":[{"href":"https:\/\/revistavitrineibiuna.com.br\/index.php?rest_route=\/wp\/v2\/types\/post"}],"author":[{"embeddable":true,"href":"https:\/\/revistavitrineibiuna.com.br\/index.php?rest_route=\/wp\/v2\/users\/1"}],"replies":[{"embeddable":true,"href":"https:\/\/revistavitrineibiuna.com.br\/index.php?rest_route=%2Fwp%2Fv2%2Fcomments&post=30256"}],"version-history":[{"count":1,"href":"https:\/\/revistavitrineibiuna.com.br\/index.php?rest_route=\/wp\/v2\/posts\/30256\/revisions"}],"predecessor-version":[{"id":30258,"href":"https:\/\/revistavitrineibiuna.com.br\/index.php?rest_route=\/wp\/v2\/posts\/30256\/revisions\/30258"}],"wp:featuredmedia":[{"embeddable":true,"href":"https:\/\/revistavitrineibiuna.com.br\/index.php?rest_route=\/wp\/v2\/media\/30260"}],"wp:attachment":[{"href":"https:\/\/revistavitrineibiuna.com.br\/index.php?rest_route=%2Fwp%2Fv2%2Fmedia&parent=30256"}],"wp:term":[{"taxonomy":"category","embeddable":true,"href":"https:\/\/revistavitrineibiuna.com.br\/index.php?rest_route=%2Fwp%2Fv2%2Fcategories&post=30256"},{"taxonomy":"post_tag","embeddable":true,"href":"https:\/\/revistavitrineibiuna.com.br\/index.php?rest_route=%2Fwp%2Fv2%2Ftags&post=30256"}],"curies":[{"name":"wp","href":"https:\/\/api.w.org\/{rel}","templated":true}]}}