{"id":30261,"date":"2023-12-11T00:00:48","date_gmt":"2023-12-11T03:00:48","guid":{"rendered":"http:\/\/revistavitrineibiuna.com.br\/?p=30261"},"modified":"2023-12-11T00:13:52","modified_gmt":"2023-12-11T03:13:52","slug":"ibiuna-mulher-golpeia-caozinho-com-golpes-de-facao","status":"publish","type":"post","link":"https:\/\/revistavitrineibiuna.com.br\/?p=30261","title":{"rendered":"IBI\u00daNA \u2013 MULHER AGRIDE C\u00c3OZINHO COM GOLPES DE FAC\u00c3O"},"content":{"rendered":"\n<p class=\"has-drop-cap\"><strong>Um c\u00e3ozinho foi v\u00edtima neste domingo (10) de v\u00e1rios golpes de fac\u00e3o na cabe\u00e7a dados por uma mulher, no bairro do Gabriel, munic\u00edpio de Ibi\u00fana.<\/strong><\/p>\n\n\n\n<p><strong>Os vizinhos que viram a crueldade da cena ficaram indignados. Um deles resolveu filmar tanto o momento da agress\u00e3o quanto o estado do pequeno animal, que sangrava muito.<\/strong><\/p>\n\n\n\n<p><strong>T\u00e3o logo os v\u00eddeos foram divulgados nas redes sociais por vitrine online, houve rea\u00e7\u00f5es at\u00e9 mesmo de revolta pela forma com que os golpes foram dados, sem que o animal pudesse escapar, j\u00e1 que estava amarrado em uma corrente. As cenas s\u00e3o fortes.<\/strong><\/p>\n\n\n\n<p><strong>Ambos os v\u00eddeos j\u00e1 foram encaminhados para as autoridades de seguran\u00e7a do munic\u00edpio nesta noite: ao secret\u00e1rio da Seguran\u00e7a Publica, ao comandante da Guarda Civil Municipal, ao comandante da Pol\u00edcia Militar, e ao delegado titular de pol\u00edcia de Ibi\u00fana.<\/strong><\/p>\n\n\n\n<p><strong>PENA PREVISTA<\/strong><\/p>\n\n\n\n<p><strong>Vitrine online apurou que a Lei 14.064\/2020 aumentou a pena para quem maltratar c\u00e3es e gatos. A partir de agora, quem cometer esse crime ser\u00e1 punido com 2 a 5 anos de reclus\u00e3o, multa e proibi\u00e7\u00e3o de guarda.<\/strong><\/p>\n\n\n\n<figure class=\"wp-block-image size-large\"><img loading=\"lazy\" width=\"720\" height=\"465\" src=\"https:\/\/revistavitrineibiuna.com.br\/wp-content\/uploads\/2023\/12\/golpe-de-facao-4.png\" alt=\"\" class=\"wp-image-30268\" srcset=\"https:\/\/revistavitrineibiuna.com.br\/wp-content\/uploads\/2023\/12\/golpe-de-facao-4.png 720w, https:\/\/revistavitrineibiuna.com.br\/wp-content\/uploads\/2023\/12\/golpe-de-facao-4-300x194.png 300w\" sizes=\"(max-width: 720px) 100vw, 720px\" \/><figcaption>Observem o fac\u00e3o, em um dos v\u00e1rios golpes desferidos contra o animal<\/figcaption><\/figure>\n\n\n\n<figure class=\"wp-block-image size-large\"><img loading=\"lazy\" width=\"719\" height=\"443\" src=\"https:\/\/revistavitrineibiuna.com.br\/wp-content\/uploads\/2023\/12\/mulher-maltrata-cao-3.png\" alt=\"\" class=\"wp-image-30265\" srcset=\"https:\/\/revistavitrineibiuna.com.br\/wp-content\/uploads\/2023\/12\/mulher-maltrata-cao-3.png 719w, https:\/\/revistavitrineibiuna.com.br\/wp-content\/uploads\/2023\/12\/mulher-maltrata-cao-3-300x185.png 300w\" sizes=\"(max-width: 719px) 100vw, 719px\" \/><figcaption>A cena \u00e9 chocante e de uma viol\u00eancia cruel<\/figcaption><\/figure>\n","protected":false},"excerpt":{"rendered":"<p>Um c\u00e3ozinho foi v\u00edtima neste domingo (10) de v\u00e1rios golpes de fac\u00e3o na cabe\u00e7a dados por uma mulher, no bairro<\/p>\n","protected":false},"author":1,"featured_media":30262,"comment_status":"open","ping_status":"open","sticky":false,"template":"","format":"standard","meta":[],"categories":[3],"tags":[],"yoast_head":"<!-- This site is optimized with the Yoast SEO plugin v15.8 - https:\/\/yoast.com\/wordpress\/plugins\/seo\/ -->\n<title>IBI\u00daNA \u2013 MULHER AGRIDE C\u00c3OZINHO COM GOLPES DE FAC\u00c3O - Revista Vitrine Online<\/title>\n<meta name=\"robots\" content=\"index, follow, max-snippet:-1, max-image-preview:large, max-video-preview:-1\" \/>\n<link rel=\"canonical\" href=\"http:\/\/revistavitrineibiuna.com.br\/?p=30261\" \/>\n<meta property=\"og:locale\" content=\"pt_BR\" \/>\n<meta property=\"og:type\" content=\"article\" \/>\n<meta property=\"og:title\" content=\"IBI\u00daNA \u2013 MULHER AGRIDE C\u00c3OZINHO COM GOLPES DE FAC\u00c3O - Revista Vitrine Online\" \/>\n<meta property=\"og:description\" content=\"Um c\u00e3ozinho foi v\u00edtima neste domingo (10) de v\u00e1rios golpes de fac\u00e3o na cabe\u00e7a dados por uma mulher, no bairro\" \/>\n<meta property=\"og:url\" content=\"http:\/\/revistavitrineibiuna.com.br\/?p=30261\" \/>\n<meta property=\"og:site_name\" content=\"Revista Vitrine Online\" \/>\n<meta property=\"article:published_time\" content=\"2023-12-11T03:00:48+00:00\" \/>\n<meta property=\"article:modified_time\" content=\"2023-12-11T03:13:52+00:00\" \/>\n<meta property=\"og:image\" content=\"https:\/\/revistavitrineibiuna.com.br\/wp-content\/uploads\/2023\/12\/mulher-maltrata-cao-1.png\" \/>\n\t<meta property=\"og:image:width\" content=\"719\" \/>\n\t<meta property=\"og:image:height\" content=\"468\" \/>\n<meta name=\"twitter:card\" content=\"summary\" \/>\n<meta name=\"twitter:label1\" content=\"Est. reading time\">\n\t<meta name=\"twitter:data1\" content=\"2 minutos\">\n<script type=\"application\/ld+json\" class=\"yoast-schema-graph\">{\"@context\":\"https:\/\/schema.org\",\"@graph\":[{\"@type\":\"WebSite\",\"@id\":\"https:\/\/revistavitrineibiuna.com.br\/#website\",\"url\":\"https:\/\/revistavitrineibiuna.com.br\/\",\"name\":\"Revista Vitrine Ibi\\u00fana\",\"description\":\"A Revista de Ibi\\u00fana e Regi\\u00e3o\",\"publisher\":{\"@id\":\"https:\/\/revistavitrineibiuna.com.br\/#\/schema\/person\/e51ef49d6d88170ea21ceabff3f73deb\"},\"potentialAction\":[{\"@type\":\"SearchAction\",\"target\":\"https:\/\/revistavitrineibiuna.com.br\/?s={search_term_string}\",\"query-input\":\"required name=search_term_string\"}],\"inLanguage\":\"pt-BR\"},{\"@type\":\"ImageObject\",\"@id\":\"http:\/\/revistavitrineibiuna.com.br\/?p=30261#primaryimage\",\"inLanguage\":\"pt-BR\",\"url\":\"https:\/\/revistavitrineibiuna.com.br\/wp-content\/uploads\/2023\/12\/mulher-maltrata-cao-1.png\",\"width\":719,\"height\":468},{\"@type\":\"WebPage\",\"@id\":\"http:\/\/revistavitrineibiuna.com.br\/?p=30261#webpage\",\"url\":\"http:\/\/revistavitrineibiuna.com.br\/?p=30261\",\"name\":\"IBI\\u00daNA \\u2013 MULHER AGRIDE C\\u00c3OZINHO COM GOLPES DE FAC\\u00c3O - Revista Vitrine Online\",\"isPartOf\":{\"@id\":\"https:\/\/revistavitrineibiuna.com.br\/#website\"},\"primaryImageOfPage\":{\"@id\":\"http:\/\/revistavitrineibiuna.com.br\/?p=30261#primaryimage\"},\"datePublished\":\"2023-12-11T03:00:48+00:00\",\"dateModified\":\"2023-12-11T03:13:52+00:00\",\"breadcrumb\":{\"@id\":\"http:\/\/revistavitrineibiuna.com.br\/?p=30261#breadcrumb\"},\"inLanguage\":\"pt-BR\",\"potentialAction\":[{\"@type\":\"ReadAction\",\"target\":[\"http:\/\/revistavitrineibiuna.com.br\/?p=30261\"]}]},{\"@type\":\"BreadcrumbList\",\"@id\":\"http:\/\/revistavitrineibiuna.com.br\/?p=30261#breadcrumb\",\"itemListElement\":[{\"@type\":\"ListItem\",\"position\":1,\"item\":{\"@type\":\"WebPage\",\"@id\":\"https:\/\/revistavitrineibiuna.com.br\/\",\"url\":\"https:\/\/revistavitrineibiuna.com.br\/\",\"name\":\"In\\u00edcio\"}},{\"@type\":\"ListItem\",\"position\":2,\"item\":{\"@type\":\"WebPage\",\"@id\":\"http:\/\/revistavitrineibiuna.com.br\/?p=30261\",\"url\":\"http:\/\/revistavitrineibiuna.com.br\/?p=30261\",\"name\":\"IBI\\u00daNA \\u2013 MULHER AGRIDE C\\u00c3OZINHO COM GOLPES DE FAC\\u00c3O\"}}]},{\"@type\":\"Article\",\"@id\":\"http:\/\/revistavitrineibiuna.com.br\/?p=30261#article\",\"isPartOf\":{\"@id\":\"http:\/\/revistavitrineibiuna.com.br\/?p=30261#webpage\"},\"author\":{\"@id\":\"https:\/\/revistavitrineibiuna.com.br\/#\/schema\/person\/e51ef49d6d88170ea21ceabff3f73deb\"},\"headline\":\"IBI\\u00daNA \\u2013 MULHER AGRIDE C\\u00c3OZINHO COM GOLPES DE FAC\\u00c3O\",\"datePublished\":\"2023-12-11T03:00:48+00:00\",\"dateModified\":\"2023-12-11T03:13:52+00:00\",\"mainEntityOfPage\":{\"@id\":\"http:\/\/revistavitrineibiuna.com.br\/?p=30261#webpage\"},\"commentCount\":0,\"publisher\":{\"@id\":\"https:\/\/revistavitrineibiuna.com.br\/#\/schema\/person\/e51ef49d6d88170ea21ceabff3f73deb\"},\"image\":{\"@id\":\"http:\/\/revistavitrineibiuna.com.br\/?p=30261#primaryimage\"},\"articleSection\":\"Not\\u00edcias\",\"inLanguage\":\"pt-BR\",\"potentialAction\":[{\"@type\":\"CommentAction\",\"name\":\"Comment\",\"target\":[\"http:\/\/revistavitrineibiuna.com.br\/?p=30261#respond\"]}]},{\"@type\":[\"Person\",\"Organization\"],\"@id\":\"https:\/\/revistavitrineibiuna.com.br\/#\/schema\/person\/e51ef49d6d88170ea21ceabff3f73deb\",\"name\":\"Carlos Rossini\",\"image\":{\"@type\":\"ImageObject\",\"@id\":\"https:\/\/revistavitrineibiuna.com.br\/#personlogo\",\"inLanguage\":\"pt-BR\",\"url\":\"https:\/\/secure.gravatar.com\/avatar\/4f2d0f99fac1f85c7d643f21f5c8d900?s=96&d=mm&r=g\",\"caption\":\"Carlos Rossini\"},\"logo\":{\"@id\":\"https:\/\/revistavitrineibiuna.com.br\/#personlogo\"},\"description\":\"Carlos Rossini \\u00e9 jornalista, soci\\u00f3logo, escritor e professor universit\\u00e1rio, tendo sido professor de jornalismo por vinte anos. Trabalhou em ve\\u00edculos de comunica\\u00e7\\u00e3o nas fun\\u00e7\\u00f5es de rep\\u00f3rter, redator, editor, articulista e colaborador, como Folha de S. Paulo, O Estado de S. Paulo, Di\\u00e1rio Popular, entre outros. Ao transferir a revista vitrine, vers\\u00e3o imprensa, de S\\u00e3o Paulo para Ibi\\u00fana h\\u00e1 alguns anos, iniciou uma nova experi\\u00eancia profissional, dedicando-se ao jornalismo regional, depois de cumprir uma trajet\\u00f3ria bem-sucedida na grande imprensa brasileira. Seu primeiro livro A Coragem de Comunicar foi lan\\u00e7ado na Bienal do Livro em S\\u00e3o Paulo no ano 2000, pela editora Madras.\"}]}<\/script>\n<!-- \/ Yoast SEO plugin. -->","_links":{"self":[{"href":"https:\/\/revistavitrineibiuna.com.br\/index.php?rest_route=\/wp\/v2\/posts\/30261"}],"collection":[{"href":"https:\/\/revistavitrineibiuna.com.br\/index.php?rest_route=\/wp\/v2\/posts"}],"about":[{"href":"https:\/\/revistavitrineibiuna.com.br\/index.php?rest_route=\/wp\/v2\/types\/post"}],"author":[{"embeddable":true,"href":"https:\/\/revistavitrineibiuna.com.br\/index.php?rest_route=\/wp\/v2\/users\/1"}],"replies":[{"embeddable":true,"href":"https:\/\/revistavitrineibiuna.com.br\/index.php?rest_route=%2Fwp%2Fv2%2Fcomments&post=30261"}],"version-history":[{"count":4,"href":"https:\/\/revistavitrineibiuna.com.br\/index.php?rest_route=\/wp\/v2\/posts\/30261\/revisions"}],"predecessor-version":[{"id":30270,"href":"https:\/\/revistavitrineibiuna.com.br\/index.php?rest_route=\/wp\/v2\/posts\/30261\/revisions\/30270"}],"wp:featuredmedia":[{"embeddable":true,"href":"https:\/\/revistavitrineibiuna.com.br\/index.php?rest_route=\/wp\/v2\/media\/30262"}],"wp:attachment":[{"href":"https:\/\/revistavitrineibiuna.com.br\/index.php?rest_route=%2Fwp%2Fv2%2Fmedia&parent=30261"}],"wp:term":[{"taxonomy":"category","embeddable":true,"href":"https:\/\/revistavitrineibiuna.com.br\/index.php?rest_route=%2Fwp%2Fv2%2Fcategories&post=30261"},{"taxonomy":"post_tag","embeddable":true,"href":"https:\/\/revistavitrineibiuna.com.br\/index.php?rest_route=%2Fwp%2Fv2%2Ftags&post=30261"}],"curies":[{"name":"wp","href":"https:\/\/api.w.org\/{rel}","templated":true}]}}