{"id":30271,"date":"2023-12-11T11:34:11","date_gmt":"2023-12-11T14:34:11","guid":{"rendered":"http:\/\/revistavitrineibiuna.com.br\/?p=30271"},"modified":"2023-12-11T12:18:52","modified_gmt":"2023-12-11T15:18:52","slug":"o-futuro-de-ibiuna-e-regiao-depende-da-represa-itupararanga","status":"publish","type":"post","link":"https:\/\/revistavitrineibiuna.com.br\/?p=30271","title":{"rendered":"O FUTURO DE IBI\u00daNA E REGI\u00c3O DEPENDE DA REPRESA ITUPARARANGA"},"content":{"rendered":"\n<p class=\"has-drop-cap\"><strong>\u00c9 vital a import\u00e2ncia da represa Itupararanga para o munic\u00edpio de Ibi\u00fana, mas, tamb\u00e9m, para toda a bacia hidrogr\u00e1fica a que pertence, como abastecedora de \u00e1gua para cerca de 1 milh\u00e3o de pessoas, irriga\u00e7\u00e3o, lazer e turismo. Proteg\u00ea-la, portanto, \u00e9 uma forma de garantir o futuro do meio ambiente e da popula\u00e7\u00e3o de toda a regi\u00e3o abrangida.<\/strong><\/p>\n\n\n\n<p><strong><em>[Nesta quarta-feira, dia 13, a entrevistada da TVUNA, ser\u00e1 a diretora executiva da SOS Itupararanga, Viviane Rodrigues de Oliveira. O programa ser\u00e1 transmitido ao vivo, \u00e0s 20h, por meio do Youtube, Facebook e Instagram, e voc\u00ea poder\u00e1 interagir diretamente pelo chat do canal. Inscreva-se: <a href=\"mailto:youtube.com\/@tv-una\">youtube.com\/@tv-una<\/a>.<\/em><\/strong><\/p>\n\n\n\n<p><strong>A pr\u00f3pria entrevistada se destaca pela forma apaixonada como que se dedica a essa causa da maior import\u00e2ncia. Seu empenho pessoal tem o reconhecimento de todas as entidades e apoiadores da SOS Itupararanga.<\/strong><\/p>\n\n\n\n<p><strong>SAIBA MAIS<\/strong><\/p>\n\n\n\n<p><strong>A&nbsp;SOS ITUPARARANGA&nbsp;\u00e9 uma organiza\u00e7\u00e3o ambientalista sem fins lucrativos, sediada em&nbsp;Ibi\u00fana (SP), que atua na preserva\u00e7\u00e3o da&nbsp;APA de Itupararanga&nbsp;e auxilia no desenvolvimento sustent\u00e1vel da regi\u00e3o.<\/strong><\/p>\n\n\n\n<p><strong>Este ano completa 23 anos de exist\u00eancia a entidade com dezenas de projetos sustent\u00e1veis, cursos de forma\u00e7\u00e3o de jovens, mobiliza\u00e7\u00e3o social e cada vez mais consultada como fonte de informa\u00e7\u00e3o no debate p\u00fablico sobre meio ambiente, a SOS tem se tornado uma refer\u00eancia entre as organiza\u00e7\u00f5es ambientais na regi\u00e3o.<\/strong><\/p>\n\n\n\n<p><strong>MUITO AL\u00c9M DA REPRESA<\/strong><\/p>\n\n\n\n<figure class=\"wp-block-image size-large\"><img loading=\"lazy\" width=\"1024\" height=\"710\" src=\"https:\/\/revistavitrineibiuna.com.br\/wp-content\/uploads\/2023\/12\/vivi-e-joao-rodarte-1-1024x710.png\" alt=\"\" class=\"wp-image-30276\" srcset=\"https:\/\/revistavitrineibiuna.com.br\/wp-content\/uploads\/2023\/12\/vivi-e-joao-rodarte-1-1024x710.png 1024w, https:\/\/revistavitrineibiuna.com.br\/wp-content\/uploads\/2023\/12\/vivi-e-joao-rodarte-1-300x208.png 300w, https:\/\/revistavitrineibiuna.com.br\/wp-content\/uploads\/2023\/12\/vivi-e-joao-rodarte-1-768x533.png 768w, https:\/\/revistavitrineibiuna.com.br\/wp-content\/uploads\/2023\/12\/vivi-e-joao-rodarte-1-1536x1065.png 1536w, https:\/\/revistavitrineibiuna.com.br\/wp-content\/uploads\/2023\/12\/vivi-e-joao-rodarte-1-392x272.png 392w, https:\/\/revistavitrineibiuna.com.br\/wp-content\/uploads\/2023\/12\/vivi-e-joao-rodarte-1-130x90.png 130w, https:\/\/revistavitrineibiuna.com.br\/wp-content\/uploads\/2023\/12\/vivi-e-joao-rodarte-1.png 1595w\" sizes=\"(max-width: 1024px) 100vw, 1024px\" \/><figcaption>Viviane e Jo\u00e3o Rodarte durante a reuni\u00e3o anual da SOS Itupararanga<\/figcaption><\/figure>\n\n\n\n<figure class=\"wp-block-image size-large\"><img loading=\"lazy\" width=\"1024\" height=\"768\" src=\"https:\/\/revistavitrineibiuna.com.br\/wp-content\/uploads\/2023\/12\/participantes-da-reuniao-da-SOS-1024x768.png\" alt=\"\" class=\"wp-image-30279\" srcset=\"https:\/\/revistavitrineibiuna.com.br\/wp-content\/uploads\/2023\/12\/participantes-da-reuniao-da-SOS-1024x768.png 1024w, https:\/\/revistavitrineibiuna.com.br\/wp-content\/uploads\/2023\/12\/participantes-da-reuniao-da-SOS-300x225.png 300w, https:\/\/revistavitrineibiuna.com.br\/wp-content\/uploads\/2023\/12\/participantes-da-reuniao-da-SOS-768x576.png 768w, https:\/\/revistavitrineibiuna.com.br\/wp-content\/uploads\/2023\/12\/participantes-da-reuniao-da-SOS-1536x1152.png 1536w, https:\/\/revistavitrineibiuna.com.br\/wp-content\/uploads\/2023\/12\/participantes-da-reuniao-da-SOS-320x240.png 320w, https:\/\/revistavitrineibiuna.com.br\/wp-content\/uploads\/2023\/12\/participantes-da-reuniao-da-SOS.png 1600w\" sizes=\"(max-width: 1024px) 100vw, 1024px\" \/><figcaption>Al\u00e9m dos presenciais, houve tamb\u00e9m aqueles que participaram remotamente da reuni\u00e3o<\/figcaption><\/figure>\n\n\n\n<p><strong>Quando se fala na&nbsp;SOS Itupararanga, muitas pessoas acreditam que as a\u00e7\u00f5es s\u00e3o voltadas apenas para a Represa Itupararanga, em si. Mas o trabalho vai muito al\u00e9m.<\/strong><\/p>\n\n\n\n<p><strong>As a\u00e7\u00f5es abrangem toda a\u00a0\u00c1rea de Prote\u00e7\u00e3o Ambiental (APA) de Itupararanga, que existe para proteger os recursos h\u00eddricos, os rios, c\u00f3rregos e suas nascentes, e os fragmentos florestais, incluindo suas esp\u00e9cies de plantas e animais presentes na bacia hidrogr\u00e1fica da represa.<\/strong><\/p>\n\n\n\n<p><strong>A APA engloba 8 munic\u00edpios: Ibi\u00fana, Piedade, Votorantim, Alum\u00ednio, Mairinque, S\u00e3o Roque, Vargem Grande Paulista, al\u00e9m do distrito de Caucaia do Alto, que pertence ao munic\u00edpio de Cotia.<\/strong><\/p>\n\n\n\n<p><strong>Todos estes munic\u00edpios est\u00e3o na mesma bacia hidrogr\u00e1fica, ou seja, seus rios e c\u00f3rregos abastecem a Represa Itupararanga. E, assim, a extens\u00e3o do trabalho da ONG supera os limites de Ibi\u00fana, tornando a entidade uma organiza\u00e7\u00e3o de a\u00e7\u00e3o regional.<\/strong><\/p>\n\n\n\n<p><strong>A execu\u00e7\u00e3o de seus projetos como fossas biodigestoras que est\u00e3o em bairros distantes da represa, como no Tib\u00farcios&#8230; [atualize esse assunto, Vivi]No dia 2 de dezembro, a SOS Itupararanga, dirigida pelo empres\u00e1rio Jo\u00e3o Rodarte, realizou a sua reuni\u00e3o anual, apresentando um balan\u00e7o de todas as atividades e dos projetos para 2024. <\/strong><\/p>\n","protected":false},"excerpt":{"rendered":"<p>\u00c9 vital a import\u00e2ncia da represa Itupararanga para o munic\u00edpio de Ibi\u00fana, mas, tamb\u00e9m, para toda a bacia hidrogr\u00e1fica a<\/p>\n","protected":false},"author":1,"featured_media":30272,"comment_status":"open","ping_status":"open","sticky":false,"template":"","format":"standard","meta":[],"categories":[1],"tags":[],"yoast_head":"<!-- This site is optimized with the Yoast SEO plugin v15.8 - https:\/\/yoast.com\/wordpress\/plugins\/seo\/ -->\n<title>O FUTURO DE IBI\u00daNA E REGI\u00c3O DEPENDE DA REPRESA ITUPARARANGA - Revista Vitrine Online<\/title>\n<meta name=\"robots\" content=\"index, follow, max-snippet:-1, max-image-preview:large, max-video-preview:-1\" \/>\n<link rel=\"canonical\" href=\"http:\/\/revistavitrineibiuna.com.br\/?p=30271\" \/>\n<meta property=\"og:locale\" content=\"pt_BR\" \/>\n<meta property=\"og:type\" content=\"article\" \/>\n<meta property=\"og:title\" content=\"O FUTURO DE IBI\u00daNA E REGI\u00c3O DEPENDE DA REPRESA ITUPARARANGA - Revista Vitrine Online\" \/>\n<meta property=\"og:description\" content=\"\u00c9 vital a import\u00e2ncia da represa Itupararanga para o munic\u00edpio de Ibi\u00fana, mas, tamb\u00e9m, para toda a bacia hidrogr\u00e1fica a\" \/>\n<meta property=\"og:url\" content=\"http:\/\/revistavitrineibiuna.com.br\/?p=30271\" \/>\n<meta property=\"og:site_name\" content=\"Revista Vitrine Online\" \/>\n<meta property=\"article:published_time\" content=\"2023-12-11T14:34:11+00:00\" \/>\n<meta property=\"article:modified_time\" content=\"2023-12-11T15:18:52+00:00\" \/>\n<meta property=\"og:image\" content=\"https:\/\/revistavitrineibiuna.com.br\/wp-content\/uploads\/2023\/12\/Vivi-na-tvuna.png\" \/>\n\t<meta property=\"og:image:width\" content=\"1591\" \/>\n\t<meta property=\"og:image:height\" content=\"915\" \/>\n<meta name=\"twitter:card\" content=\"summary\" \/>\n<meta name=\"twitter:label1\" content=\"Est. reading time\">\n\t<meta name=\"twitter:data1\" content=\"3 minutos\">\n<script type=\"application\/ld+json\" class=\"yoast-schema-graph\">{\"@context\":\"https:\/\/schema.org\",\"@graph\":[{\"@type\":\"WebSite\",\"@id\":\"https:\/\/revistavitrineibiuna.com.br\/#website\",\"url\":\"https:\/\/revistavitrineibiuna.com.br\/\",\"name\":\"Revista Vitrine Ibi\\u00fana\",\"description\":\"A Revista de Ibi\\u00fana e Regi\\u00e3o\",\"publisher\":{\"@id\":\"https:\/\/revistavitrineibiuna.com.br\/#\/schema\/person\/e51ef49d6d88170ea21ceabff3f73deb\"},\"potentialAction\":[{\"@type\":\"SearchAction\",\"target\":\"https:\/\/revistavitrineibiuna.com.br\/?s={search_term_string}\",\"query-input\":\"required name=search_term_string\"}],\"inLanguage\":\"pt-BR\"},{\"@type\":\"ImageObject\",\"@id\":\"http:\/\/revistavitrineibiuna.com.br\/?p=30271#primaryimage\",\"inLanguage\":\"pt-BR\",\"url\":\"https:\/\/revistavitrineibiuna.com.br\/wp-content\/uploads\/2023\/12\/Vivi-na-tvuna.png\",\"width\":1591,\"height\":915},{\"@type\":\"WebPage\",\"@id\":\"http:\/\/revistavitrineibiuna.com.br\/?p=30271#webpage\",\"url\":\"http:\/\/revistavitrineibiuna.com.br\/?p=30271\",\"name\":\"O FUTURO DE IBI\\u00daNA E REGI\\u00c3O DEPENDE DA REPRESA ITUPARARANGA - Revista Vitrine Online\",\"isPartOf\":{\"@id\":\"https:\/\/revistavitrineibiuna.com.br\/#website\"},\"primaryImageOfPage\":{\"@id\":\"http:\/\/revistavitrineibiuna.com.br\/?p=30271#primaryimage\"},\"datePublished\":\"2023-12-11T14:34:11+00:00\",\"dateModified\":\"2023-12-11T15:18:52+00:00\",\"breadcrumb\":{\"@id\":\"http:\/\/revistavitrineibiuna.com.br\/?p=30271#breadcrumb\"},\"inLanguage\":\"pt-BR\",\"potentialAction\":[{\"@type\":\"ReadAction\",\"target\":[\"http:\/\/revistavitrineibiuna.com.br\/?p=30271\"]}]},{\"@type\":\"BreadcrumbList\",\"@id\":\"http:\/\/revistavitrineibiuna.com.br\/?p=30271#breadcrumb\",\"itemListElement\":[{\"@type\":\"ListItem\",\"position\":1,\"item\":{\"@type\":\"WebPage\",\"@id\":\"https:\/\/revistavitrineibiuna.com.br\/\",\"url\":\"https:\/\/revistavitrineibiuna.com.br\/\",\"name\":\"In\\u00edcio\"}},{\"@type\":\"ListItem\",\"position\":2,\"item\":{\"@type\":\"WebPage\",\"@id\":\"http:\/\/revistavitrineibiuna.com.br\/?p=30271\",\"url\":\"http:\/\/revistavitrineibiuna.com.br\/?p=30271\",\"name\":\"O FUTURO DE IBI\\u00daNA E REGI\\u00c3O DEPENDE DA REPRESA ITUPARARANGA\"}}]},{\"@type\":\"Article\",\"@id\":\"http:\/\/revistavitrineibiuna.com.br\/?p=30271#article\",\"isPartOf\":{\"@id\":\"http:\/\/revistavitrineibiuna.com.br\/?p=30271#webpage\"},\"author\":{\"@id\":\"https:\/\/revistavitrineibiuna.com.br\/#\/schema\/person\/e51ef49d6d88170ea21ceabff3f73deb\"},\"headline\":\"O FUTURO DE IBI\\u00daNA E REGI\\u00c3O DEPENDE DA REPRESA ITUPARARANGA\",\"datePublished\":\"2023-12-11T14:34:11+00:00\",\"dateModified\":\"2023-12-11T15:18:52+00:00\",\"mainEntityOfPage\":{\"@id\":\"http:\/\/revistavitrineibiuna.com.br\/?p=30271#webpage\"},\"commentCount\":0,\"publisher\":{\"@id\":\"https:\/\/revistavitrineibiuna.com.br\/#\/schema\/person\/e51ef49d6d88170ea21ceabff3f73deb\"},\"image\":{\"@id\":\"http:\/\/revistavitrineibiuna.com.br\/?p=30271#primaryimage\"},\"articleSection\":\"Uncategorized\",\"inLanguage\":\"pt-BR\",\"potentialAction\":[{\"@type\":\"CommentAction\",\"name\":\"Comment\",\"target\":[\"http:\/\/revistavitrineibiuna.com.br\/?p=30271#respond\"]}]},{\"@type\":[\"Person\",\"Organization\"],\"@id\":\"https:\/\/revistavitrineibiuna.com.br\/#\/schema\/person\/e51ef49d6d88170ea21ceabff3f73deb\",\"name\":\"Carlos Rossini\",\"image\":{\"@type\":\"ImageObject\",\"@id\":\"https:\/\/revistavitrineibiuna.com.br\/#personlogo\",\"inLanguage\":\"pt-BR\",\"url\":\"https:\/\/secure.gravatar.com\/avatar\/4f2d0f99fac1f85c7d643f21f5c8d900?s=96&d=mm&r=g\",\"caption\":\"Carlos Rossini\"},\"logo\":{\"@id\":\"https:\/\/revistavitrineibiuna.com.br\/#personlogo\"},\"description\":\"Carlos Rossini \\u00e9 jornalista, soci\\u00f3logo, escritor e professor universit\\u00e1rio, tendo sido professor de jornalismo por vinte anos. Trabalhou em ve\\u00edculos de comunica\\u00e7\\u00e3o nas fun\\u00e7\\u00f5es de rep\\u00f3rter, redator, editor, articulista e colaborador, como Folha de S. Paulo, O Estado de S. Paulo, Di\\u00e1rio Popular, entre outros. Ao transferir a revista vitrine, vers\\u00e3o imprensa, de S\\u00e3o Paulo para Ibi\\u00fana h\\u00e1 alguns anos, iniciou uma nova experi\\u00eancia profissional, dedicando-se ao jornalismo regional, depois de cumprir uma trajet\\u00f3ria bem-sucedida na grande imprensa brasileira. Seu primeiro livro A Coragem de Comunicar foi lan\\u00e7ado na Bienal do Livro em S\\u00e3o Paulo no ano 2000, pela editora Madras.\"}]}<\/script>\n<!-- \/ Yoast SEO plugin. -->","_links":{"self":[{"href":"https:\/\/revistavitrineibiuna.com.br\/index.php?rest_route=\/wp\/v2\/posts\/30271"}],"collection":[{"href":"https:\/\/revistavitrineibiuna.com.br\/index.php?rest_route=\/wp\/v2\/posts"}],"about":[{"href":"https:\/\/revistavitrineibiuna.com.br\/index.php?rest_route=\/wp\/v2\/types\/post"}],"author":[{"embeddable":true,"href":"https:\/\/revistavitrineibiuna.com.br\/index.php?rest_route=\/wp\/v2\/users\/1"}],"replies":[{"embeddable":true,"href":"https:\/\/revistavitrineibiuna.com.br\/index.php?rest_route=%2Fwp%2Fv2%2Fcomments&post=30271"}],"version-history":[{"count":6,"href":"https:\/\/revistavitrineibiuna.com.br\/index.php?rest_route=\/wp\/v2\/posts\/30271\/revisions"}],"predecessor-version":[{"id":30284,"href":"https:\/\/revistavitrineibiuna.com.br\/index.php?rest_route=\/wp\/v2\/posts\/30271\/revisions\/30284"}],"wp:featuredmedia":[{"embeddable":true,"href":"https:\/\/revistavitrineibiuna.com.br\/index.php?rest_route=\/wp\/v2\/media\/30272"}],"wp:attachment":[{"href":"https:\/\/revistavitrineibiuna.com.br\/index.php?rest_route=%2Fwp%2Fv2%2Fmedia&parent=30271"}],"wp:term":[{"taxonomy":"category","embeddable":true,"href":"https:\/\/revistavitrineibiuna.com.br\/index.php?rest_route=%2Fwp%2Fv2%2Fcategories&post=30271"},{"taxonomy":"post_tag","embeddable":true,"href":"https:\/\/revistavitrineibiuna.com.br\/index.php?rest_route=%2Fwp%2Fv2%2Ftags&post=30271"}],"curies":[{"name":"wp","href":"https:\/\/api.w.org\/{rel}","templated":true}]}}