{"id":30285,"date":"2023-12-11T18:57:05","date_gmt":"2023-12-11T21:57:05","guid":{"rendered":"http:\/\/revistavitrineibiuna.com.br\/?p=30285"},"modified":"2023-12-11T19:20:00","modified_gmt":"2023-12-11T22:20:00","slug":"ibiuna-conselho-tutelar-notificara-adolescente-que-levou-soco-de-pedinte","status":"publish","type":"post","link":"https:\/\/revistavitrineibiuna.com.br\/?p=30285","title":{"rendered":"IBI\u00daNA \u2013 CONSELHO TUTELAR NOTIFICAR\u00c1 ADOLESCENTE QUE LEVOU SOCO DE PEDINTE"},"content":{"rendered":"\n<p class=\"has-drop-cap\"><strong>O colegiado do Conselho Tutelar de Ibi\u00fana, decidiu na tarde de hoje (11), em reuni\u00e3o ordin\u00e1ria, por unanimidade, notificar a adolescente de 15 anos, Evellyn Kristiny da Silva, a comparecer na sede da institui\u00e7\u00e3o, em companhia de seus pais, para que receba acompanhamento psicol\u00f3gico no Caps e no Creas, \u201cpor estar em situa\u00e7\u00e3o de risco social e teve seus direitos sociais violados\u201d.<\/strong><\/p>\n\n\n\n<p><strong>Como vitrine online divulgou amplamente, com grande repercuss\u00e3o na popula\u00e7\u00e3o indignada com o fato, ela sofreu um inesperado e violento soco no rosto na sexta-feira (8) desferido por Wellington Paulista dos Santos, 34 anos, que a derrubou na cal\u00e7ada, em frente a uma loja.<\/strong><\/p>\n\n\n\n<p><strong>Evellyn descia pela cal\u00e7ada em dire\u00e7\u00e3o \u00e0 Pra\u00e7a da Matriz, em companhia de sua m\u00e3e, enquanto o agressor vinha em dire\u00e7\u00e3o oposta. De repente, ele esticou o bra\u00e7o e pediu dinheiro. Como n\u00e3o foi atendido deu um soco violento. O agressor seguiu seu caminho, sendo detido por policiais da GCM logo em seguida, na mesma rua.<\/strong><\/p>\n\n\n\n<p><strong>Levado para a Delegacia, assim como a jovem e sua m\u00e3e tamb\u00e9m compareceram, o agressor teria negado os fatos alegando que tem problemas mentais e que frequenta o Caps \u2013 Centro de Aten\u00e7\u00e3o Psicossocial de Ibi\u00fana. A vitrine online, a diretora do Caps, Daniela Lima, declarou que a \u00faltima vez que ele esteve l\u00e1 foi em 2016.<\/strong><\/p>\n\n\n\n<p><strong>COMPARECER EM JU\u00cdZO<\/strong><\/p>\n\n\n\n<p><strong>A autoridade policial, de seu lado, considerando que a conduta do autor configura crime de les\u00e3o corporal, decidiu fazer com que o agressor assinasse um compromisso de comparecer em ju\u00edzo, e, por isso, deixou-o em liberdade.<\/strong><\/p>\n\n\n\n<p><strong>Entre os muitos coment\u00e1rios dos leitores que achavam que Wellington ficaria preso, ele tamb\u00e9m foi identificado como um personagem que perambula pelas ruas centrais da cidade, geralmente descal\u00e7o, e abordando mulheres, como fez com a jovem v\u00edtima. \u00c0s vezes, profere xingamentos.<\/strong><\/p>\n\n\n\n<p><strong>COLEGIADO<\/strong><\/p>\n\n\n\n<p><strong>Participaram da reuni\u00e3o, na sede do CT, na Rua Zico Soares, 250, no centro da cidade os conselheiros: Jamil Marcicano, Fernando Espedido Pereira, Ricardo Pagrion Filho, Elis\u00e2ngela A. O. Lemes e Luciene Godinho S. Pinto.<\/strong><\/p>\n\n\n\n<p><strong>FUN\u00c7\u00c3O DO CT<\/strong><\/p>\n\n\n\n<p><strong>Na ata da reuni\u00e3o \u00e0 qual vitrine online teve acesso se insere uma nota de esclarecimento:<\/strong><\/p>\n\n\n\n<p><strong>\u201cN\u00e3o obstante os fatos, o Conselho Tutelar n\u00e3o \u00e9 \u00f3rg\u00e3o de seguran\u00e7a p\u00fablica e n\u00e3o lhe cabe a realiza\u00e7\u00e3o do trabalho de investiga\u00e7\u00e3o policial substituindo a atribui\u00e7\u00e3o da Pol\u00edcia Judici\u00e1ria (Pol\u00edcia Civil), por\u00e9m, o Conselho Tutelar pode intervir desde logo (com psic\u00f3logos e assistentes sociais) com atua\u00e7\u00e3o junto ao Centro de Refer\u00eancias Especializado de Assist\u00eancia Social (Creas), bem como ao Centro de Refer\u00eancia de Assist\u00eancia Social (Cras) e ao Centro de Aten\u00e7\u00e3o Psicossocial (Caps) e outros servi\u00e7os p\u00fablicos municipais.\u201d<\/strong><\/p>\n","protected":false},"excerpt":{"rendered":"<p>O colegiado do Conselho Tutelar de Ibi\u00fana, decidiu na tarde de hoje (11), em reuni\u00e3o ordin\u00e1ria, por unanimidade, notificar a<\/p>\n","protected":false},"author":1,"featured_media":30287,"comment_status":"open","ping_status":"open","sticky":false,"template":"","format":"standard","meta":[],"categories":[3],"tags":[],"yoast_head":"<!-- This site is optimized with the Yoast SEO plugin v15.8 - https:\/\/yoast.com\/wordpress\/plugins\/seo\/ -->\n<title>IBI\u00daNA \u2013 CONSELHO TUTELAR NOTIFICAR\u00c1 ADOLESCENTE QUE LEVOU SOCO DE PEDINTE - Revista Vitrine Online<\/title>\n<meta name=\"robots\" content=\"index, follow, max-snippet:-1, max-image-preview:large, max-video-preview:-1\" \/>\n<link rel=\"canonical\" href=\"http:\/\/revistavitrineibiuna.com.br\/?p=30285\" \/>\n<meta property=\"og:locale\" content=\"pt_BR\" \/>\n<meta property=\"og:type\" content=\"article\" \/>\n<meta property=\"og:title\" content=\"IBI\u00daNA \u2013 CONSELHO TUTELAR NOTIFICAR\u00c1 ADOLESCENTE QUE LEVOU SOCO DE PEDINTE - Revista Vitrine Online\" \/>\n<meta property=\"og:description\" content=\"O colegiado do Conselho Tutelar de Ibi\u00fana, decidiu na tarde de hoje (11), em reuni\u00e3o ordin\u00e1ria, por unanimidade, notificar a\" \/>\n<meta property=\"og:url\" content=\"http:\/\/revistavitrineibiuna.com.br\/?p=30285\" \/>\n<meta property=\"og:site_name\" content=\"Revista Vitrine Online\" \/>\n<meta property=\"article:published_time\" content=\"2023-12-11T21:57:05+00:00\" \/>\n<meta property=\"article:modified_time\" content=\"2023-12-11T22:20:00+00:00\" \/>\n<meta property=\"og:image\" content=\"https:\/\/revistavitrineibiuna.com.br\/wp-content\/uploads\/2023\/12\/Homem-da-soco-em-adolescente-1-1.png\" \/>\n\t<meta property=\"og:image:width\" content=\"717\" \/>\n\t<meta property=\"og:image:height\" content=\"403\" \/>\n<meta name=\"twitter:card\" content=\"summary\" \/>\n<meta name=\"twitter:label1\" content=\"Est. reading time\">\n\t<meta name=\"twitter:data1\" content=\"2 minutos\">\n<script type=\"application\/ld+json\" class=\"yoast-schema-graph\">{\"@context\":\"https:\/\/schema.org\",\"@graph\":[{\"@type\":\"WebSite\",\"@id\":\"https:\/\/revistavitrineibiuna.com.br\/#website\",\"url\":\"https:\/\/revistavitrineibiuna.com.br\/\",\"name\":\"Revista Vitrine Ibi\\u00fana\",\"description\":\"A Revista de Ibi\\u00fana e Regi\\u00e3o\",\"publisher\":{\"@id\":\"https:\/\/revistavitrineibiuna.com.br\/#\/schema\/person\/e51ef49d6d88170ea21ceabff3f73deb\"},\"potentialAction\":[{\"@type\":\"SearchAction\",\"target\":\"https:\/\/revistavitrineibiuna.com.br\/?s={search_term_string}\",\"query-input\":\"required name=search_term_string\"}],\"inLanguage\":\"pt-BR\"},{\"@type\":\"ImageObject\",\"@id\":\"http:\/\/revistavitrineibiuna.com.br\/?p=30285#primaryimage\",\"inLanguage\":\"pt-BR\",\"url\":\"https:\/\/revistavitrineibiuna.com.br\/wp-content\/uploads\/2023\/12\/Homem-da-soco-em-adolescente-1-1.png\",\"width\":717,\"height\":403},{\"@type\":\"WebPage\",\"@id\":\"http:\/\/revistavitrineibiuna.com.br\/?p=30285#webpage\",\"url\":\"http:\/\/revistavitrineibiuna.com.br\/?p=30285\",\"name\":\"IBI\\u00daNA \\u2013 CONSELHO TUTELAR NOTIFICAR\\u00c1 ADOLESCENTE QUE LEVOU SOCO DE PEDINTE - Revista Vitrine Online\",\"isPartOf\":{\"@id\":\"https:\/\/revistavitrineibiuna.com.br\/#website\"},\"primaryImageOfPage\":{\"@id\":\"http:\/\/revistavitrineibiuna.com.br\/?p=30285#primaryimage\"},\"datePublished\":\"2023-12-11T21:57:05+00:00\",\"dateModified\":\"2023-12-11T22:20:00+00:00\",\"breadcrumb\":{\"@id\":\"http:\/\/revistavitrineibiuna.com.br\/?p=30285#breadcrumb\"},\"inLanguage\":\"pt-BR\",\"potentialAction\":[{\"@type\":\"ReadAction\",\"target\":[\"http:\/\/revistavitrineibiuna.com.br\/?p=30285\"]}]},{\"@type\":\"BreadcrumbList\",\"@id\":\"http:\/\/revistavitrineibiuna.com.br\/?p=30285#breadcrumb\",\"itemListElement\":[{\"@type\":\"ListItem\",\"position\":1,\"item\":{\"@type\":\"WebPage\",\"@id\":\"https:\/\/revistavitrineibiuna.com.br\/\",\"url\":\"https:\/\/revistavitrineibiuna.com.br\/\",\"name\":\"In\\u00edcio\"}},{\"@type\":\"ListItem\",\"position\":2,\"item\":{\"@type\":\"WebPage\",\"@id\":\"http:\/\/revistavitrineibiuna.com.br\/?p=30285\",\"url\":\"http:\/\/revistavitrineibiuna.com.br\/?p=30285\",\"name\":\"IBI\\u00daNA \\u2013 CONSELHO TUTELAR NOTIFICAR\\u00c1 ADOLESCENTE QUE LEVOU SOCO DE PEDINTE\"}}]},{\"@type\":\"Article\",\"@id\":\"http:\/\/revistavitrineibiuna.com.br\/?p=30285#article\",\"isPartOf\":{\"@id\":\"http:\/\/revistavitrineibiuna.com.br\/?p=30285#webpage\"},\"author\":{\"@id\":\"https:\/\/revistavitrineibiuna.com.br\/#\/schema\/person\/e51ef49d6d88170ea21ceabff3f73deb\"},\"headline\":\"IBI\\u00daNA \\u2013 CONSELHO TUTELAR NOTIFICAR\\u00c1 ADOLESCENTE QUE LEVOU SOCO DE PEDINTE\",\"datePublished\":\"2023-12-11T21:57:05+00:00\",\"dateModified\":\"2023-12-11T22:20:00+00:00\",\"mainEntityOfPage\":{\"@id\":\"http:\/\/revistavitrineibiuna.com.br\/?p=30285#webpage\"},\"commentCount\":0,\"publisher\":{\"@id\":\"https:\/\/revistavitrineibiuna.com.br\/#\/schema\/person\/e51ef49d6d88170ea21ceabff3f73deb\"},\"image\":{\"@id\":\"http:\/\/revistavitrineibiuna.com.br\/?p=30285#primaryimage\"},\"articleSection\":\"Not\\u00edcias\",\"inLanguage\":\"pt-BR\",\"potentialAction\":[{\"@type\":\"CommentAction\",\"name\":\"Comment\",\"target\":[\"http:\/\/revistavitrineibiuna.com.br\/?p=30285#respond\"]}]},{\"@type\":[\"Person\",\"Organization\"],\"@id\":\"https:\/\/revistavitrineibiuna.com.br\/#\/schema\/person\/e51ef49d6d88170ea21ceabff3f73deb\",\"name\":\"Carlos Rossini\",\"image\":{\"@type\":\"ImageObject\",\"@id\":\"https:\/\/revistavitrineibiuna.com.br\/#personlogo\",\"inLanguage\":\"pt-BR\",\"url\":\"https:\/\/secure.gravatar.com\/avatar\/4f2d0f99fac1f85c7d643f21f5c8d900?s=96&d=mm&r=g\",\"caption\":\"Carlos Rossini\"},\"logo\":{\"@id\":\"https:\/\/revistavitrineibiuna.com.br\/#personlogo\"},\"description\":\"Carlos Rossini \\u00e9 jornalista, soci\\u00f3logo, escritor e professor universit\\u00e1rio, tendo sido professor de jornalismo por vinte anos. Trabalhou em ve\\u00edculos de comunica\\u00e7\\u00e3o nas fun\\u00e7\\u00f5es de rep\\u00f3rter, redator, editor, articulista e colaborador, como Folha de S. Paulo, O Estado de S. Paulo, Di\\u00e1rio Popular, entre outros. Ao transferir a revista vitrine, vers\\u00e3o imprensa, de S\\u00e3o Paulo para Ibi\\u00fana h\\u00e1 alguns anos, iniciou uma nova experi\\u00eancia profissional, dedicando-se ao jornalismo regional, depois de cumprir uma trajet\\u00f3ria bem-sucedida na grande imprensa brasileira. Seu primeiro livro A Coragem de Comunicar foi lan\\u00e7ado na Bienal do Livro em S\\u00e3o Paulo no ano 2000, pela editora Madras.\"}]}<\/script>\n<!-- \/ Yoast SEO plugin. -->","_links":{"self":[{"href":"https:\/\/revistavitrineibiuna.com.br\/index.php?rest_route=\/wp\/v2\/posts\/30285"}],"collection":[{"href":"https:\/\/revistavitrineibiuna.com.br\/index.php?rest_route=\/wp\/v2\/posts"}],"about":[{"href":"https:\/\/revistavitrineibiuna.com.br\/index.php?rest_route=\/wp\/v2\/types\/post"}],"author":[{"embeddable":true,"href":"https:\/\/revistavitrineibiuna.com.br\/index.php?rest_route=\/wp\/v2\/users\/1"}],"replies":[{"embeddable":true,"href":"https:\/\/revistavitrineibiuna.com.br\/index.php?rest_route=%2Fwp%2Fv2%2Fcomments&post=30285"}],"version-history":[{"count":3,"href":"https:\/\/revistavitrineibiuna.com.br\/index.php?rest_route=\/wp\/v2\/posts\/30285\/revisions"}],"predecessor-version":[{"id":30290,"href":"https:\/\/revistavitrineibiuna.com.br\/index.php?rest_route=\/wp\/v2\/posts\/30285\/revisions\/30290"}],"wp:featuredmedia":[{"embeddable":true,"href":"https:\/\/revistavitrineibiuna.com.br\/index.php?rest_route=\/wp\/v2\/media\/30287"}],"wp:attachment":[{"href":"https:\/\/revistavitrineibiuna.com.br\/index.php?rest_route=%2Fwp%2Fv2%2Fmedia&parent=30285"}],"wp:term":[{"taxonomy":"category","embeddable":true,"href":"https:\/\/revistavitrineibiuna.com.br\/index.php?rest_route=%2Fwp%2Fv2%2Fcategories&post=30285"},{"taxonomy":"post_tag","embeddable":true,"href":"https:\/\/revistavitrineibiuna.com.br\/index.php?rest_route=%2Fwp%2Fv2%2Ftags&post=30285"}],"curies":[{"name":"wp","href":"https:\/\/api.w.org\/{rel}","templated":true}]}}