{"id":30291,"date":"2023-12-11T19:45:11","date_gmt":"2023-12-11T22:45:11","guid":{"rendered":"http:\/\/revistavitrineibiuna.com.br\/?p=30291"},"modified":"2023-12-11T20:05:22","modified_gmt":"2023-12-11T23:05:22","slug":"ibiuna-na-delegacia-mulher-nega-que-golpeou-cachorro-com-facao","status":"publish","type":"post","link":"https:\/\/revistavitrineibiuna.com.br\/?p=30291","title":{"rendered":"IBI\u00daNA &#8211; NA DELEGACIA, MULHER NEGA QUE GOLPEOU CACHORRO COM FAC\u00c3O"},"content":{"rendered":"\n<p class=\"has-drop-cap\"><strong>As imagens de uma mulher golpeando um cachorro com fac\u00e3o divulgadas neste domingo (10) revoltaram a popula\u00e7\u00e3o e, tamb\u00e9m, provocaram l\u00e1grimas em muitas pessoas. As cenas fortes veiculadas em dois v\u00eddeos tamb\u00e9m causaram at\u00e9 mal-estar.<\/strong><\/p>\n\n\n\n<p><strong>Houve quem se recusasse mesmo ver o c\u00e3ozinho, amarrado numa corrente, recebendo cont\u00ednuos ataques que provocaram ferimentos em sua cabe\u00e7a que ficou ensang\u00fcentada.<\/strong><\/p>\n\n\n\n<p><strong>Vitrine online, com suas postagens, recebeu grande quantidade de coment\u00e1rios.<\/strong><\/p>\n\n\n\n<p><strong>Os leitores queriam saber se ela tinha sido presa, se o c\u00e3ozinho tinha sobrevivido e onde se encontrava. O rep\u00f3rter Carlos Rossini passou o dia de hoje contatando as autoridades municipais, a fim de esclarec\u00ea-los.<\/strong><\/p>\n\n\n\n<p><strong>A GCM esteve na casa da agressora, mas l\u00e1 n\u00e3o encontraram nem o animal e tampouco a mulher. Alguns disseram que duas mulheres de uma ONG que cuida de animais o levaram para trat\u00e1-lo no bairro do Verava, mas at\u00e9 o momento em que conclu\u00edmos esta not\u00edcia, n\u00e3o foi poss\u00edvel confirmar a veracidade desse fato.<\/strong> <strong>Na verdade, n\u00e3o se sabe do seu paradeiro. <\/strong><\/p>\n\n\n\n<p><strong>SER\u00c1 PROCESSADA<\/strong><\/p>\n\n\n\n<p><strong>Vitrine online apurou que o pr\u00f3prio delegado titular, Dr. Rafael Martins, chefiando uma equipe, foi \u00e0 casa da agressora e a \u201cconvidaram\u201d a acompanh\u00e1-los \u00e0 delegacia onde prestou depoimento na tarde de hoje (11).<\/strong><\/p>\n\n\n\n<p><strong>Como n\u00e3o houve flagrante do crime, ela n\u00e3o ficou presa, mas ir\u00e1 responder a processo por maus tratos ao animal, crime que prev\u00ea pris\u00e3o de 2 a 5 anos.<\/strong><\/p>\n\n\n\n<p><strong>Segundo o delegado, a mulher admitiu o crime e disse que o cometeu porque o c\u00e3o havia escapado e matado algumas de suas galinhas.<\/strong><\/p>\n\n\n\n<p><strong>Ela declarou ainda que n\u00e3o usou um fac\u00e3o para atacar o c\u00e3ozinho, e sim um peda\u00e7o de pau.<\/strong><\/p>\n","protected":false},"excerpt":{"rendered":"<p>As imagens de uma mulher golpeando um cachorro com fac\u00e3o divulgadas neste domingo (10) revoltaram a popula\u00e7\u00e3o e, tamb\u00e9m, provocaram<\/p>\n","protected":false},"author":1,"featured_media":30268,"comment_status":"open","ping_status":"open","sticky":false,"template":"","format":"standard","meta":[],"categories":[3],"tags":[],"yoast_head":"<!-- This site is optimized with the Yoast SEO plugin v15.8 - https:\/\/yoast.com\/wordpress\/plugins\/seo\/ -->\n<title>IBI\u00daNA - NA DELEGACIA, MULHER NEGA QUE GOLPEOU CACHORRO COM FAC\u00c3O - Revista Vitrine Online<\/title>\n<meta name=\"robots\" content=\"index, follow, max-snippet:-1, max-image-preview:large, max-video-preview:-1\" \/>\n<link rel=\"canonical\" href=\"http:\/\/revistavitrineibiuna.com.br\/?p=30291\" \/>\n<meta property=\"og:locale\" content=\"pt_BR\" \/>\n<meta property=\"og:type\" content=\"article\" \/>\n<meta property=\"og:title\" content=\"IBI\u00daNA - NA DELEGACIA, MULHER NEGA QUE GOLPEOU CACHORRO COM FAC\u00c3O - Revista Vitrine Online\" \/>\n<meta property=\"og:description\" content=\"As imagens de uma mulher golpeando um cachorro com fac\u00e3o divulgadas neste domingo (10) revoltaram a popula\u00e7\u00e3o e, tamb\u00e9m, provocaram\" \/>\n<meta property=\"og:url\" content=\"http:\/\/revistavitrineibiuna.com.br\/?p=30291\" \/>\n<meta property=\"og:site_name\" content=\"Revista Vitrine Online\" \/>\n<meta property=\"article:published_time\" content=\"2023-12-11T22:45:11+00:00\" \/>\n<meta property=\"article:modified_time\" content=\"2023-12-11T23:05:22+00:00\" \/>\n<meta property=\"og:image\" content=\"https:\/\/revistavitrineibiuna.com.br\/wp-content\/uploads\/2023\/12\/golpe-de-facao-4.png\" \/>\n\t<meta property=\"og:image:width\" content=\"720\" \/>\n\t<meta property=\"og:image:height\" content=\"465\" \/>\n<meta name=\"twitter:card\" content=\"summary\" \/>\n<meta name=\"twitter:label1\" content=\"Est. reading time\">\n\t<meta name=\"twitter:data1\" content=\"2 minutos\">\n<script type=\"application\/ld+json\" class=\"yoast-schema-graph\">{\"@context\":\"https:\/\/schema.org\",\"@graph\":[{\"@type\":\"WebSite\",\"@id\":\"https:\/\/revistavitrineibiuna.com.br\/#website\",\"url\":\"https:\/\/revistavitrineibiuna.com.br\/\",\"name\":\"Revista Vitrine Ibi\\u00fana\",\"description\":\"A Revista de Ibi\\u00fana e Regi\\u00e3o\",\"publisher\":{\"@id\":\"https:\/\/revistavitrineibiuna.com.br\/#\/schema\/person\/e51ef49d6d88170ea21ceabff3f73deb\"},\"potentialAction\":[{\"@type\":\"SearchAction\",\"target\":\"https:\/\/revistavitrineibiuna.com.br\/?s={search_term_string}\",\"query-input\":\"required name=search_term_string\"}],\"inLanguage\":\"pt-BR\"},{\"@type\":\"ImageObject\",\"@id\":\"http:\/\/revistavitrineibiuna.com.br\/?p=30291#primaryimage\",\"inLanguage\":\"pt-BR\",\"url\":\"https:\/\/revistavitrineibiuna.com.br\/wp-content\/uploads\/2023\/12\/golpe-de-facao-4.png\",\"width\":720,\"height\":465},{\"@type\":\"WebPage\",\"@id\":\"http:\/\/revistavitrineibiuna.com.br\/?p=30291#webpage\",\"url\":\"http:\/\/revistavitrineibiuna.com.br\/?p=30291\",\"name\":\"IBI\\u00daNA - NA DELEGACIA, MULHER NEGA QUE GOLPEOU CACHORRO COM FAC\\u00c3O - Revista Vitrine Online\",\"isPartOf\":{\"@id\":\"https:\/\/revistavitrineibiuna.com.br\/#website\"},\"primaryImageOfPage\":{\"@id\":\"http:\/\/revistavitrineibiuna.com.br\/?p=30291#primaryimage\"},\"datePublished\":\"2023-12-11T22:45:11+00:00\",\"dateModified\":\"2023-12-11T23:05:22+00:00\",\"breadcrumb\":{\"@id\":\"http:\/\/revistavitrineibiuna.com.br\/?p=30291#breadcrumb\"},\"inLanguage\":\"pt-BR\",\"potentialAction\":[{\"@type\":\"ReadAction\",\"target\":[\"http:\/\/revistavitrineibiuna.com.br\/?p=30291\"]}]},{\"@type\":\"BreadcrumbList\",\"@id\":\"http:\/\/revistavitrineibiuna.com.br\/?p=30291#breadcrumb\",\"itemListElement\":[{\"@type\":\"ListItem\",\"position\":1,\"item\":{\"@type\":\"WebPage\",\"@id\":\"https:\/\/revistavitrineibiuna.com.br\/\",\"url\":\"https:\/\/revistavitrineibiuna.com.br\/\",\"name\":\"In\\u00edcio\"}},{\"@type\":\"ListItem\",\"position\":2,\"item\":{\"@type\":\"WebPage\",\"@id\":\"http:\/\/revistavitrineibiuna.com.br\/?p=30291\",\"url\":\"http:\/\/revistavitrineibiuna.com.br\/?p=30291\",\"name\":\"IBI\\u00daNA &#8211; NA DELEGACIA, MULHER NEGA QUE GOLPEOU CACHORRO COM FAC\\u00c3O\"}}]},{\"@type\":\"Article\",\"@id\":\"http:\/\/revistavitrineibiuna.com.br\/?p=30291#article\",\"isPartOf\":{\"@id\":\"http:\/\/revistavitrineibiuna.com.br\/?p=30291#webpage\"},\"author\":{\"@id\":\"https:\/\/revistavitrineibiuna.com.br\/#\/schema\/person\/e51ef49d6d88170ea21ceabff3f73deb\"},\"headline\":\"IBI\\u00daNA &#8211; NA DELEGACIA, MULHER NEGA QUE GOLPEOU CACHORRO COM FAC\\u00c3O\",\"datePublished\":\"2023-12-11T22:45:11+00:00\",\"dateModified\":\"2023-12-11T23:05:22+00:00\",\"mainEntityOfPage\":{\"@id\":\"http:\/\/revistavitrineibiuna.com.br\/?p=30291#webpage\"},\"commentCount\":0,\"publisher\":{\"@id\":\"https:\/\/revistavitrineibiuna.com.br\/#\/schema\/person\/e51ef49d6d88170ea21ceabff3f73deb\"},\"image\":{\"@id\":\"http:\/\/revistavitrineibiuna.com.br\/?p=30291#primaryimage\"},\"articleSection\":\"Not\\u00edcias\",\"inLanguage\":\"pt-BR\",\"potentialAction\":[{\"@type\":\"CommentAction\",\"name\":\"Comment\",\"target\":[\"http:\/\/revistavitrineibiuna.com.br\/?p=30291#respond\"]}]},{\"@type\":[\"Person\",\"Organization\"],\"@id\":\"https:\/\/revistavitrineibiuna.com.br\/#\/schema\/person\/e51ef49d6d88170ea21ceabff3f73deb\",\"name\":\"Carlos Rossini\",\"image\":{\"@type\":\"ImageObject\",\"@id\":\"https:\/\/revistavitrineibiuna.com.br\/#personlogo\",\"inLanguage\":\"pt-BR\",\"url\":\"https:\/\/secure.gravatar.com\/avatar\/4f2d0f99fac1f85c7d643f21f5c8d900?s=96&d=mm&r=g\",\"caption\":\"Carlos Rossini\"},\"logo\":{\"@id\":\"https:\/\/revistavitrineibiuna.com.br\/#personlogo\"},\"description\":\"Carlos Rossini \\u00e9 jornalista, soci\\u00f3logo, escritor e professor universit\\u00e1rio, tendo sido professor de jornalismo por vinte anos. Trabalhou em ve\\u00edculos de comunica\\u00e7\\u00e3o nas fun\\u00e7\\u00f5es de rep\\u00f3rter, redator, editor, articulista e colaborador, como Folha de S. Paulo, O Estado de S. Paulo, Di\\u00e1rio Popular, entre outros. Ao transferir a revista vitrine, vers\\u00e3o imprensa, de S\\u00e3o Paulo para Ibi\\u00fana h\\u00e1 alguns anos, iniciou uma nova experi\\u00eancia profissional, dedicando-se ao jornalismo regional, depois de cumprir uma trajet\\u00f3ria bem-sucedida na grande imprensa brasileira. Seu primeiro livro A Coragem de Comunicar foi lan\\u00e7ado na Bienal do Livro em S\\u00e3o Paulo no ano 2000, pela editora Madras.\"}]}<\/script>\n<!-- \/ Yoast SEO plugin. -->","_links":{"self":[{"href":"https:\/\/revistavitrineibiuna.com.br\/index.php?rest_route=\/wp\/v2\/posts\/30291"}],"collection":[{"href":"https:\/\/revistavitrineibiuna.com.br\/index.php?rest_route=\/wp\/v2\/posts"}],"about":[{"href":"https:\/\/revistavitrineibiuna.com.br\/index.php?rest_route=\/wp\/v2\/types\/post"}],"author":[{"embeddable":true,"href":"https:\/\/revistavitrineibiuna.com.br\/index.php?rest_route=\/wp\/v2\/users\/1"}],"replies":[{"embeddable":true,"href":"https:\/\/revistavitrineibiuna.com.br\/index.php?rest_route=%2Fwp%2Fv2%2Fcomments&post=30291"}],"version-history":[{"count":5,"href":"https:\/\/revistavitrineibiuna.com.br\/index.php?rest_route=\/wp\/v2\/posts\/30291\/revisions"}],"predecessor-version":[{"id":30297,"href":"https:\/\/revistavitrineibiuna.com.br\/index.php?rest_route=\/wp\/v2\/posts\/30291\/revisions\/30297"}],"wp:featuredmedia":[{"embeddable":true,"href":"https:\/\/revistavitrineibiuna.com.br\/index.php?rest_route=\/wp\/v2\/media\/30268"}],"wp:attachment":[{"href":"https:\/\/revistavitrineibiuna.com.br\/index.php?rest_route=%2Fwp%2Fv2%2Fmedia&parent=30291"}],"wp:term":[{"taxonomy":"category","embeddable":true,"href":"https:\/\/revistavitrineibiuna.com.br\/index.php?rest_route=%2Fwp%2Fv2%2Fcategories&post=30291"},{"taxonomy":"post_tag","embeddable":true,"href":"https:\/\/revistavitrineibiuna.com.br\/index.php?rest_route=%2Fwp%2Fv2%2Ftags&post=30291"}],"curies":[{"name":"wp","href":"https:\/\/api.w.org\/{rel}","templated":true}]}}