{"id":30298,"date":"2023-12-12T18:08:06","date_gmt":"2023-12-12T21:08:06","guid":{"rendered":"http:\/\/revistavitrineibiuna.com.br\/?p=30298"},"modified":"2023-12-12T18:08:08","modified_gmt":"2023-12-12T21:08:08","slug":"ibiuna-prefeito-e-alvo-de-postagem-em-grupo-social","status":"publish","type":"post","link":"https:\/\/revistavitrineibiuna.com.br\/?p=30298","title":{"rendered":"IBI\u00daNA &#8211; PREFEITO \u00c9 ALVO DE POSTAGEM EM GRUPO SOCIAL"},"content":{"rendered":"\n<p class=\"has-drop-cap\"><strong>O folclore pol\u00edtico brasileiro inclui uma frase que simboliza os momentos em que o mandato vai chegando ao fim. Dizem que \u2018a temperatura do caf\u00e9 servido vai esfriando\u2019, para se referir \u00e0 perda gradativa de rever\u00eancias.<\/strong><\/p>\n\n\n\n<p><strong>Nas portas abertas para seu \u00faltimo ano de mandato, o prefeito Paulo Sasaki foi alvo de uma \u201cindelicadeza\u201d, digamos assim. Um senhor que se assina Moises da Silva, h\u00e1 cinco dias, postou uma foto, no freq\u00fcentado \u201cBazar das Meninas de Ibi\u00fana\u201d, em que aparece o chefe do Executivo ibiunense mexendo a terra com uma p\u00e1, com uma legenda:<\/strong><\/p>\n\n\n\n<p><strong>\u201cElei\u00e7\u00f5es v\u00eam chegando e o prefeito laranja (sic) de Ibi\u00fana querendo mostrar servi\u00e7o que ta trabalhando para a popula\u00e7\u00e3o de Ibi\u00fana.\u201d<\/strong><\/p>\n\n\n\n<p><strong>Houve 88 coment\u00e1rios de populares, 100% dos quais em forma de chacota, alguns dos quais n\u00e3o reproduziremos aqui por uma quest\u00e3o de eleg\u00e2ncia e por conterem termos demasiadamente ofensivos.<\/strong><\/p>\n\n\n\n<p><strong>Alguns observaram que ele \u201cnem sabe pegar na p\u00e1\u201d. \u201cAtr\u00e1s dele tem muito capim pra ro\u00e7ar.\u201d \u201cEngra\u00e7ado \u00e9 que o povo cai e vota.\u201d \u201cOlha isso, kkkkk!\u201d \u201cOnde aperta pr\u00e1 \u2018desver\u2019 essa foto? Vergonha alheia!\u201d<\/strong><\/p>\n\n\n\n<p><strong>Ficamos apenas nesses cinco coment\u00e1rios, porque, afinal, uma autoridade eleita pelo voto da popula\u00e7\u00e3o merece respeito.<\/strong><\/p>\n\n\n\n<p><strong>Politicamente, no entanto, como esse fen\u00f4meno foi espont\u00e2neo, deve merecer aten\u00e7\u00e3o, considerando que o atual prefeito j\u00e1 anunciou que \u00e9 pr\u00e9-candidato \u00e0 reelei\u00e7\u00e3o.<\/strong><\/p>\n\n\n\n<p><strong>Se essa manifesta\u00e7\u00e3o no grupo social for um reflexo, uma amostra ainda que diminuta de tend\u00eancia do eleitorado ibiunense, ent\u00e3o, talvez, sua equipe de apoio deve considerar a realiza\u00e7\u00e3o de uma pesquisa, a fim de avaliar seu potencial eleitoral, com base na ci\u00eancia.<\/strong><\/p>\n\n\n\n<p><strong>Por enquanto, n\u00e3o se sabe muita coisa al\u00e9m de quatro personalidades que se disseram pr\u00e9-candidatos ao cargo de prefeito de Ibi\u00fana, mas certamente esse n\u00famero vai engordar, enquanto, nos bastidores, h\u00e1 um com\u00e9rcio para aquisi\u00e7\u00e3o de legendas partid\u00e1rias.<\/strong><\/p>\n\n\n\n<p><strong>No cotidiano, ouvindo as pessoas, parece haver uma clara desaprova\u00e7\u00e3o do atual governo. Ouvindo uma senhora, que se encontrava numa cal\u00e7ada da Rua Vereador Benedito de Campos, mostrava not\u00e1vel desapontamento.<\/strong><\/p>\n\n\n\n<p><strong>\u201cOlha isso\u201d \u2013 disse \u2013 apontando o Terminal Rodovi\u00e1rio que se encontra em reforma h\u00e1 mais de dois anos. Essa obra se tornou o s\u00edmbolo central das cr\u00edticas da popula\u00e7\u00e3o ao atual governo de Ibi\u00fana, mas n\u00e3o o \u00fanico.<\/strong><\/p>\n","protected":false},"excerpt":{"rendered":"<p>O folclore pol\u00edtico brasileiro inclui uma frase que simboliza os momentos em que o mandato vai chegando ao fim. Dizem<\/p>\n","protected":false},"author":1,"featured_media":30299,"comment_status":"open","ping_status":"open","sticky":false,"template":"","format":"standard","meta":[],"categories":[3],"tags":[],"yoast_head":"<!-- This site is optimized with the Yoast SEO plugin v15.8 - https:\/\/yoast.com\/wordpress\/plugins\/seo\/ -->\n<title>IBI\u00daNA - PREFEITO \u00c9 ALVO DE POSTAGEM EM GRUPO SOCIAL - Revista Vitrine Online<\/title>\n<meta name=\"robots\" content=\"index, follow, max-snippet:-1, max-image-preview:large, max-video-preview:-1\" \/>\n<link rel=\"canonical\" href=\"http:\/\/revistavitrineibiuna.com.br\/?p=30298\" \/>\n<meta property=\"og:locale\" content=\"pt_BR\" \/>\n<meta property=\"og:type\" content=\"article\" \/>\n<meta property=\"og:title\" content=\"IBI\u00daNA - PREFEITO \u00c9 ALVO DE POSTAGEM EM GRUPO SOCIAL - Revista Vitrine Online\" \/>\n<meta property=\"og:description\" content=\"O folclore pol\u00edtico brasileiro inclui uma frase que simboliza os momentos em que o mandato vai chegando ao fim. Dizem\" \/>\n<meta property=\"og:url\" content=\"http:\/\/revistavitrineibiuna.com.br\/?p=30298\" \/>\n<meta property=\"og:site_name\" content=\"Revista Vitrine Online\" \/>\n<meta property=\"article:published_time\" content=\"2023-12-12T21:08:06+00:00\" \/>\n<meta property=\"article:modified_time\" content=\"2023-12-12T21:08:08+00:00\" \/>\n<meta property=\"og:image\" content=\"https:\/\/revistavitrineibiuna.com.br\/wp-content\/uploads\/2023\/12\/paulo-sasaki-pa.png\" \/>\n\t<meta property=\"og:image:width\" content=\"714\" \/>\n\t<meta property=\"og:image:height\" content=\"487\" \/>\n<meta name=\"twitter:card\" content=\"summary\" \/>\n<meta name=\"twitter:label1\" content=\"Est. reading time\">\n\t<meta name=\"twitter:data1\" content=\"2 minutos\">\n<script type=\"application\/ld+json\" class=\"yoast-schema-graph\">{\"@context\":\"https:\/\/schema.org\",\"@graph\":[{\"@type\":\"WebSite\",\"@id\":\"https:\/\/revistavitrineibiuna.com.br\/#website\",\"url\":\"https:\/\/revistavitrineibiuna.com.br\/\",\"name\":\"Revista Vitrine Ibi\\u00fana\",\"description\":\"A Revista de Ibi\\u00fana e Regi\\u00e3o\",\"publisher\":{\"@id\":\"https:\/\/revistavitrineibiuna.com.br\/#\/schema\/person\/e51ef49d6d88170ea21ceabff3f73deb\"},\"potentialAction\":[{\"@type\":\"SearchAction\",\"target\":\"https:\/\/revistavitrineibiuna.com.br\/?s={search_term_string}\",\"query-input\":\"required name=search_term_string\"}],\"inLanguage\":\"pt-BR\"},{\"@type\":\"ImageObject\",\"@id\":\"http:\/\/revistavitrineibiuna.com.br\/?p=30298#primaryimage\",\"inLanguage\":\"pt-BR\",\"url\":\"https:\/\/revistavitrineibiuna.com.br\/wp-content\/uploads\/2023\/12\/paulo-sasaki-pa.png\",\"width\":714,\"height\":487},{\"@type\":\"WebPage\",\"@id\":\"http:\/\/revistavitrineibiuna.com.br\/?p=30298#webpage\",\"url\":\"http:\/\/revistavitrineibiuna.com.br\/?p=30298\",\"name\":\"IBI\\u00daNA - PREFEITO \\u00c9 ALVO DE POSTAGEM EM GRUPO SOCIAL - Revista Vitrine Online\",\"isPartOf\":{\"@id\":\"https:\/\/revistavitrineibiuna.com.br\/#website\"},\"primaryImageOfPage\":{\"@id\":\"http:\/\/revistavitrineibiuna.com.br\/?p=30298#primaryimage\"},\"datePublished\":\"2023-12-12T21:08:06+00:00\",\"dateModified\":\"2023-12-12T21:08:08+00:00\",\"breadcrumb\":{\"@id\":\"http:\/\/revistavitrineibiuna.com.br\/?p=30298#breadcrumb\"},\"inLanguage\":\"pt-BR\",\"potentialAction\":[{\"@type\":\"ReadAction\",\"target\":[\"http:\/\/revistavitrineibiuna.com.br\/?p=30298\"]}]},{\"@type\":\"BreadcrumbList\",\"@id\":\"http:\/\/revistavitrineibiuna.com.br\/?p=30298#breadcrumb\",\"itemListElement\":[{\"@type\":\"ListItem\",\"position\":1,\"item\":{\"@type\":\"WebPage\",\"@id\":\"https:\/\/revistavitrineibiuna.com.br\/\",\"url\":\"https:\/\/revistavitrineibiuna.com.br\/\",\"name\":\"In\\u00edcio\"}},{\"@type\":\"ListItem\",\"position\":2,\"item\":{\"@type\":\"WebPage\",\"@id\":\"http:\/\/revistavitrineibiuna.com.br\/?p=30298\",\"url\":\"http:\/\/revistavitrineibiuna.com.br\/?p=30298\",\"name\":\"IBI\\u00daNA &#8211; PREFEITO \\u00c9 ALVO DE POSTAGEM EM GRUPO SOCIAL\"}}]},{\"@type\":\"Article\",\"@id\":\"http:\/\/revistavitrineibiuna.com.br\/?p=30298#article\",\"isPartOf\":{\"@id\":\"http:\/\/revistavitrineibiuna.com.br\/?p=30298#webpage\"},\"author\":{\"@id\":\"https:\/\/revistavitrineibiuna.com.br\/#\/schema\/person\/e51ef49d6d88170ea21ceabff3f73deb\"},\"headline\":\"IBI\\u00daNA &#8211; PREFEITO \\u00c9 ALVO DE POSTAGEM EM GRUPO SOCIAL\",\"datePublished\":\"2023-12-12T21:08:06+00:00\",\"dateModified\":\"2023-12-12T21:08:08+00:00\",\"mainEntityOfPage\":{\"@id\":\"http:\/\/revistavitrineibiuna.com.br\/?p=30298#webpage\"},\"commentCount\":0,\"publisher\":{\"@id\":\"https:\/\/revistavitrineibiuna.com.br\/#\/schema\/person\/e51ef49d6d88170ea21ceabff3f73deb\"},\"image\":{\"@id\":\"http:\/\/revistavitrineibiuna.com.br\/?p=30298#primaryimage\"},\"articleSection\":\"Not\\u00edcias\",\"inLanguage\":\"pt-BR\",\"potentialAction\":[{\"@type\":\"CommentAction\",\"name\":\"Comment\",\"target\":[\"http:\/\/revistavitrineibiuna.com.br\/?p=30298#respond\"]}]},{\"@type\":[\"Person\",\"Organization\"],\"@id\":\"https:\/\/revistavitrineibiuna.com.br\/#\/schema\/person\/e51ef49d6d88170ea21ceabff3f73deb\",\"name\":\"Carlos Rossini\",\"image\":{\"@type\":\"ImageObject\",\"@id\":\"https:\/\/revistavitrineibiuna.com.br\/#personlogo\",\"inLanguage\":\"pt-BR\",\"url\":\"https:\/\/secure.gravatar.com\/avatar\/4f2d0f99fac1f85c7d643f21f5c8d900?s=96&d=mm&r=g\",\"caption\":\"Carlos Rossini\"},\"logo\":{\"@id\":\"https:\/\/revistavitrineibiuna.com.br\/#personlogo\"},\"description\":\"Carlos Rossini \\u00e9 jornalista, soci\\u00f3logo, escritor e professor universit\\u00e1rio, tendo sido professor de jornalismo por vinte anos. Trabalhou em ve\\u00edculos de comunica\\u00e7\\u00e3o nas fun\\u00e7\\u00f5es de rep\\u00f3rter, redator, editor, articulista e colaborador, como Folha de S. Paulo, O Estado de S. Paulo, Di\\u00e1rio Popular, entre outros. Ao transferir a revista vitrine, vers\\u00e3o imprensa, de S\\u00e3o Paulo para Ibi\\u00fana h\\u00e1 alguns anos, iniciou uma nova experi\\u00eancia profissional, dedicando-se ao jornalismo regional, depois de cumprir uma trajet\\u00f3ria bem-sucedida na grande imprensa brasileira. Seu primeiro livro A Coragem de Comunicar foi lan\\u00e7ado na Bienal do Livro em S\\u00e3o Paulo no ano 2000, pela editora Madras.\"}]}<\/script>\n<!-- \/ Yoast SEO plugin. -->","_links":{"self":[{"href":"https:\/\/revistavitrineibiuna.com.br\/index.php?rest_route=\/wp\/v2\/posts\/30298"}],"collection":[{"href":"https:\/\/revistavitrineibiuna.com.br\/index.php?rest_route=\/wp\/v2\/posts"}],"about":[{"href":"https:\/\/revistavitrineibiuna.com.br\/index.php?rest_route=\/wp\/v2\/types\/post"}],"author":[{"embeddable":true,"href":"https:\/\/revistavitrineibiuna.com.br\/index.php?rest_route=\/wp\/v2\/users\/1"}],"replies":[{"embeddable":true,"href":"https:\/\/revistavitrineibiuna.com.br\/index.php?rest_route=%2Fwp%2Fv2%2Fcomments&post=30298"}],"version-history":[{"count":1,"href":"https:\/\/revistavitrineibiuna.com.br\/index.php?rest_route=\/wp\/v2\/posts\/30298\/revisions"}],"predecessor-version":[{"id":30300,"href":"https:\/\/revistavitrineibiuna.com.br\/index.php?rest_route=\/wp\/v2\/posts\/30298\/revisions\/30300"}],"wp:featuredmedia":[{"embeddable":true,"href":"https:\/\/revistavitrineibiuna.com.br\/index.php?rest_route=\/wp\/v2\/media\/30299"}],"wp:attachment":[{"href":"https:\/\/revistavitrineibiuna.com.br\/index.php?rest_route=%2Fwp%2Fv2%2Fmedia&parent=30298"}],"wp:term":[{"taxonomy":"category","embeddable":true,"href":"https:\/\/revistavitrineibiuna.com.br\/index.php?rest_route=%2Fwp%2Fv2%2Fcategories&post=30298"},{"taxonomy":"post_tag","embeddable":true,"href":"https:\/\/revistavitrineibiuna.com.br\/index.php?rest_route=%2Fwp%2Fv2%2Ftags&post=30298"}],"curies":[{"name":"wp","href":"https:\/\/api.w.org\/{rel}","templated":true}]}}