{"id":30308,"date":"2023-12-15T09:01:08","date_gmt":"2023-12-15T12:01:08","guid":{"rendered":"http:\/\/revistavitrineibiuna.com.br\/?p=30308"},"modified":"2023-12-16T17:57:59","modified_gmt":"2023-12-16T20:57:59","slug":"ibiuna-cao-agredido-com-golpes-de-facao-foi-adotado-por-uma-familia","status":"publish","type":"post","link":"https:\/\/revistavitrineibiuna.com.br\/?p=30308","title":{"rendered":"IBI\u00daNA \u2013 C\u00c3O AGREDIDO COM GOLPES DE FAC\u00c3O FOI ADOTADO POR UMA FAM\u00cdLIA"},"content":{"rendered":"\n<p class=\"has-drop-cap\"><strong>No domingo (10) um c\u00e3o da ra\u00e7a pitbull foi violentamente atacado com golpes de fac\u00e3o, ficando gravemente ferido no bairro Gabriel, no munic\u00edpio de Ibi\u00fana, por uma mulher conhecida por Maria do Fac\u00e3o. Exatamente \u00e0s 21h31, vitrine online recebia dois v\u00eddeos das cenas que, logo que divulgados, provocariam como\u00e7\u00e3o e revolta na popula\u00e7\u00e3o.<\/strong><\/p>\n\n\n\n<p><strong>No dia seguinte, integrante da Casa do Acaolhimento de Ibi\u00fana, Adriane Bachette, resgatou o pequeno animal ferido. Na ter\u00e7a-feira (12), \u00e0s 13 horas, ele dava entrada na Cl\u00ednica Veterin\u00e1ria Mundo Animal, localizada em Vargem Grande Paulista, onde foi submetido a uma bateria de exames.<\/strong><\/p>\n\n\n\n<p><strong>A descri\u00e7\u00e3o em sua ficha m\u00e9dica indica tratar-se de um macho, da ra\u00e7a pitbull, idade n\u00e3o informada, pesando 20,400 quilogramas. O animal, passaria a ser chamado de \u201cRicardinho\u201d, pela protetora que fez o resgate.<\/strong><\/p>\n\n\n\n<p><strong>\u201cALTERA\u00c7\u00d5ES IMPORTANTES\u201d<\/strong><\/p>\n\n\n\n<p><strong>Nos v\u00eddeos exibidos pela senhora do resgate se veem s\u00e9rios ferimentos dos cortes provocados pelos golpes de fac\u00e3o: no nariz, na cabe\u00e7a, nas costas. Os exames, segundo seu relato, apontaram \u201caltera\u00e7\u00f5es importantes\u201d: anemia, que impediu a anestesia, altera\u00e7\u00f5es renais. Os ferimentos n\u00e3o puderam receber pontos, \u201cdevido ao tempo e inflama\u00e7\u00e3o\u201d. Por isso, as feridas foram limpas e precisar\u00e3o passar por limpezas di\u00e1rias por \u201cum longo per\u00edodo\u201d.<\/strong><\/p>\n\n\n\n<p><strong>Mas, o importante \u00e9 que o c\u00e3ozinho sobreviveu e est\u00e1 sendo bem tratado, at\u00e9 mesmo conseguiu demonstrar graciosidade com os profissionais que o cuidaram na cl\u00ednica, abanando o rabo e interagindo aos afetos recebidos.<\/strong><\/p>\n\n\n\n<p><strong>MAUS TRATOS<\/strong><\/p>\n\n\n\n<p><strong>A mesma senhora, n\u00e3o sabemos o porqu\u00ea, em sua p\u00e1gina no Facebook, fez um relato sobre o animal dizendo que essa seria a primeira e \u00fanica vez que falaria sobre o assunto e n\u00e3o respondeu aos pedidos de informa\u00e7\u00f5es encaminhados por vitrine online. A cl\u00ednica de Vargem Grande tamb\u00e9m n\u00e3o forneceu informa\u00e7\u00e3o, dizendo que somente o faria se a autora do resgate autorizasse. Mas em outro relato, ela afirmou:<\/strong><\/p>\n\n\n\n<p><strong>\u201c\u00c9 muito triste! \u00c9 lament\u00e1vel! \u00c9 inconceb\u00edvel como muitos animais s\u00e3o v\u00edtimas de maus tratos em nossa cidade e nada se faz, a n\u00e3o ser fechar os olhos&nbsp; e alguns aproveitarem como \u2018oportunistas\u2019 o sofrimento dos animais.\u201d<\/strong><\/p>\n\n\n\n<p><strong>SOBRE A AGRESSORA<\/strong><\/p>\n\n\n\n<p><strong>A agressora foi ouvida na Delegacia de Pol\u00edcia de Ibi\u00fana e liberada. Ir\u00e1 responder a inqu\u00e9rito por maus tratos a animais, que prev\u00ea pena de reclus\u00e3o de 2 a 5 anos.<\/strong><\/p>\n\n\n\n<p><strong>Ao contr\u00e1rio do que alguns disseram que ela foi liberada por ser portadora de doen\u00e7a mental, na verdade ela n\u00e3o ficou presa, de acordo com informa\u00e7\u00e3o prestada a vitrine online pelo delegado titular de Ibi\u00fana, Dr. Rafael Martins, porque n\u00e3o houve pris\u00e3o em flagrante.<\/strong><\/p>\n\n\n\n<p><strong>VITRINE ONLINE<\/strong><\/p>\n\n\n\n<p><strong>Faltava dar a not\u00edcia sobre o paradeiro do animalzinho ferido, o que fazemos com esta not\u00edcia, j\u00e1 que, embora tiv\u00e9ssemos buscado essa informa\u00e7\u00e3o junto \u00e0s autoridades, n\u00e3o hav\u00edamos conseguido, n\u00e3o por que n\u00e3o a quisessem dar, mas porque o destino do cachorro ficou obscuro por muitas horas.<\/strong><\/p>\n","protected":false},"excerpt":{"rendered":"<p>No domingo (10) um c\u00e3o da ra\u00e7a pitbull foi violentamente atacado com golpes de fac\u00e3o, ficando gravemente ferido no bairro<\/p>\n","protected":false},"author":1,"featured_media":30309,"comment_status":"open","ping_status":"open","sticky":false,"template":"","format":"standard","meta":[],"categories":[3],"tags":[],"yoast_head":"<!-- This site is optimized with the Yoast SEO plugin v15.8 - https:\/\/yoast.com\/wordpress\/plugins\/seo\/ -->\n<title>IBI\u00daNA \u2013 C\u00c3O AGREDIDO COM GOLPES DE FAC\u00c3O FOI ADOTADO POR UMA FAM\u00cdLIA - Revista Vitrine Online<\/title>\n<meta name=\"robots\" content=\"index, follow, max-snippet:-1, max-image-preview:large, max-video-preview:-1\" \/>\n<link rel=\"canonical\" href=\"http:\/\/revistavitrineibiuna.com.br\/?p=30308\" \/>\n<meta property=\"og:locale\" content=\"pt_BR\" \/>\n<meta property=\"og:type\" content=\"article\" \/>\n<meta property=\"og:title\" content=\"IBI\u00daNA \u2013 C\u00c3O AGREDIDO COM GOLPES DE FAC\u00c3O FOI ADOTADO POR UMA FAM\u00cdLIA - Revista Vitrine Online\" \/>\n<meta property=\"og:description\" content=\"No domingo (10) um c\u00e3o da ra\u00e7a pitbull foi violentamente atacado com golpes de fac\u00e3o, ficando gravemente ferido no bairro\" \/>\n<meta property=\"og:url\" content=\"http:\/\/revistavitrineibiuna.com.br\/?p=30308\" \/>\n<meta property=\"og:site_name\" content=\"Revista Vitrine Online\" \/>\n<meta property=\"article:published_time\" content=\"2023-12-15T12:01:08+00:00\" \/>\n<meta property=\"article:modified_time\" content=\"2023-12-16T20:57:59+00:00\" \/>\n<meta property=\"og:image\" content=\"https:\/\/revistavitrineibiuna.com.br\/wp-content\/uploads\/2023\/12\/cao-ferido-foi-adotado.png\" \/>\n\t<meta property=\"og:image:width\" content=\"717\" \/>\n\t<meta property=\"og:image:height\" content=\"464\" \/>\n<meta name=\"twitter:card\" content=\"summary\" \/>\n<meta name=\"twitter:label1\" content=\"Est. reading time\">\n\t<meta name=\"twitter:data1\" content=\"3 minutos\">\n<script type=\"application\/ld+json\" class=\"yoast-schema-graph\">{\"@context\":\"https:\/\/schema.org\",\"@graph\":[{\"@type\":\"WebSite\",\"@id\":\"https:\/\/revistavitrineibiuna.com.br\/#website\",\"url\":\"https:\/\/revistavitrineibiuna.com.br\/\",\"name\":\"Revista Vitrine Ibi\\u00fana\",\"description\":\"A Revista de Ibi\\u00fana e Regi\\u00e3o\",\"publisher\":{\"@id\":\"https:\/\/revistavitrineibiuna.com.br\/#\/schema\/person\/e51ef49d6d88170ea21ceabff3f73deb\"},\"potentialAction\":[{\"@type\":\"SearchAction\",\"target\":\"https:\/\/revistavitrineibiuna.com.br\/?s={search_term_string}\",\"query-input\":\"required name=search_term_string\"}],\"inLanguage\":\"pt-BR\"},{\"@type\":\"ImageObject\",\"@id\":\"http:\/\/revistavitrineibiuna.com.br\/?p=30308#primaryimage\",\"inLanguage\":\"pt-BR\",\"url\":\"https:\/\/revistavitrineibiuna.com.br\/wp-content\/uploads\/2023\/12\/cao-ferido-foi-adotado.png\",\"width\":717,\"height\":464},{\"@type\":\"WebPage\",\"@id\":\"http:\/\/revistavitrineibiuna.com.br\/?p=30308#webpage\",\"url\":\"http:\/\/revistavitrineibiuna.com.br\/?p=30308\",\"name\":\"IBI\\u00daNA \\u2013 C\\u00c3O AGREDIDO COM GOLPES DE FAC\\u00c3O FOI ADOTADO POR UMA FAM\\u00cdLIA - Revista Vitrine Online\",\"isPartOf\":{\"@id\":\"https:\/\/revistavitrineibiuna.com.br\/#website\"},\"primaryImageOfPage\":{\"@id\":\"http:\/\/revistavitrineibiuna.com.br\/?p=30308#primaryimage\"},\"datePublished\":\"2023-12-15T12:01:08+00:00\",\"dateModified\":\"2023-12-16T20:57:59+00:00\",\"breadcrumb\":{\"@id\":\"http:\/\/revistavitrineibiuna.com.br\/?p=30308#breadcrumb\"},\"inLanguage\":\"pt-BR\",\"potentialAction\":[{\"@type\":\"ReadAction\",\"target\":[\"http:\/\/revistavitrineibiuna.com.br\/?p=30308\"]}]},{\"@type\":\"BreadcrumbList\",\"@id\":\"http:\/\/revistavitrineibiuna.com.br\/?p=30308#breadcrumb\",\"itemListElement\":[{\"@type\":\"ListItem\",\"position\":1,\"item\":{\"@type\":\"WebPage\",\"@id\":\"https:\/\/revistavitrineibiuna.com.br\/\",\"url\":\"https:\/\/revistavitrineibiuna.com.br\/\",\"name\":\"In\\u00edcio\"}},{\"@type\":\"ListItem\",\"position\":2,\"item\":{\"@type\":\"WebPage\",\"@id\":\"http:\/\/revistavitrineibiuna.com.br\/?p=30308\",\"url\":\"http:\/\/revistavitrineibiuna.com.br\/?p=30308\",\"name\":\"IBI\\u00daNA \\u2013 C\\u00c3O AGREDIDO COM GOLPES DE FAC\\u00c3O FOI ADOTADO POR UMA FAM\\u00cdLIA\"}}]},{\"@type\":\"Article\",\"@id\":\"http:\/\/revistavitrineibiuna.com.br\/?p=30308#article\",\"isPartOf\":{\"@id\":\"http:\/\/revistavitrineibiuna.com.br\/?p=30308#webpage\"},\"author\":{\"@id\":\"https:\/\/revistavitrineibiuna.com.br\/#\/schema\/person\/e51ef49d6d88170ea21ceabff3f73deb\"},\"headline\":\"IBI\\u00daNA \\u2013 C\\u00c3O AGREDIDO COM GOLPES DE FAC\\u00c3O FOI ADOTADO POR UMA FAM\\u00cdLIA\",\"datePublished\":\"2023-12-15T12:01:08+00:00\",\"dateModified\":\"2023-12-16T20:57:59+00:00\",\"mainEntityOfPage\":{\"@id\":\"http:\/\/revistavitrineibiuna.com.br\/?p=30308#webpage\"},\"commentCount\":0,\"publisher\":{\"@id\":\"https:\/\/revistavitrineibiuna.com.br\/#\/schema\/person\/e51ef49d6d88170ea21ceabff3f73deb\"},\"image\":{\"@id\":\"http:\/\/revistavitrineibiuna.com.br\/?p=30308#primaryimage\"},\"articleSection\":\"Not\\u00edcias\",\"inLanguage\":\"pt-BR\",\"potentialAction\":[{\"@type\":\"CommentAction\",\"name\":\"Comment\",\"target\":[\"http:\/\/revistavitrineibiuna.com.br\/?p=30308#respond\"]}]},{\"@type\":[\"Person\",\"Organization\"],\"@id\":\"https:\/\/revistavitrineibiuna.com.br\/#\/schema\/person\/e51ef49d6d88170ea21ceabff3f73deb\",\"name\":\"Carlos Rossini\",\"image\":{\"@type\":\"ImageObject\",\"@id\":\"https:\/\/revistavitrineibiuna.com.br\/#personlogo\",\"inLanguage\":\"pt-BR\",\"url\":\"https:\/\/secure.gravatar.com\/avatar\/4f2d0f99fac1f85c7d643f21f5c8d900?s=96&d=mm&r=g\",\"caption\":\"Carlos Rossini\"},\"logo\":{\"@id\":\"https:\/\/revistavitrineibiuna.com.br\/#personlogo\"},\"description\":\"Carlos Rossini \\u00e9 jornalista, soci\\u00f3logo, escritor e professor universit\\u00e1rio, tendo sido professor de jornalismo por vinte anos. Trabalhou em ve\\u00edculos de comunica\\u00e7\\u00e3o nas fun\\u00e7\\u00f5es de rep\\u00f3rter, redator, editor, articulista e colaborador, como Folha de S. Paulo, O Estado de S. Paulo, Di\\u00e1rio Popular, entre outros. Ao transferir a revista vitrine, vers\\u00e3o imprensa, de S\\u00e3o Paulo para Ibi\\u00fana h\\u00e1 alguns anos, iniciou uma nova experi\\u00eancia profissional, dedicando-se ao jornalismo regional, depois de cumprir uma trajet\\u00f3ria bem-sucedida na grande imprensa brasileira. Seu primeiro livro A Coragem de Comunicar foi lan\\u00e7ado na Bienal do Livro em S\\u00e3o Paulo no ano 2000, pela editora Madras.\"}]}<\/script>\n<!-- \/ Yoast SEO plugin. -->","_links":{"self":[{"href":"https:\/\/revistavitrineibiuna.com.br\/index.php?rest_route=\/wp\/v2\/posts\/30308"}],"collection":[{"href":"https:\/\/revistavitrineibiuna.com.br\/index.php?rest_route=\/wp\/v2\/posts"}],"about":[{"href":"https:\/\/revistavitrineibiuna.com.br\/index.php?rest_route=\/wp\/v2\/types\/post"}],"author":[{"embeddable":true,"href":"https:\/\/revistavitrineibiuna.com.br\/index.php?rest_route=\/wp\/v2\/users\/1"}],"replies":[{"embeddable":true,"href":"https:\/\/revistavitrineibiuna.com.br\/index.php?rest_route=%2Fwp%2Fv2%2Fcomments&post=30308"}],"version-history":[{"count":7,"href":"https:\/\/revistavitrineibiuna.com.br\/index.php?rest_route=\/wp\/v2\/posts\/30308\/revisions"}],"predecessor-version":[{"id":30322,"href":"https:\/\/revistavitrineibiuna.com.br\/index.php?rest_route=\/wp\/v2\/posts\/30308\/revisions\/30322"}],"wp:featuredmedia":[{"embeddable":true,"href":"https:\/\/revistavitrineibiuna.com.br\/index.php?rest_route=\/wp\/v2\/media\/30309"}],"wp:attachment":[{"href":"https:\/\/revistavitrineibiuna.com.br\/index.php?rest_route=%2Fwp%2Fv2%2Fmedia&parent=30308"}],"wp:term":[{"taxonomy":"category","embeddable":true,"href":"https:\/\/revistavitrineibiuna.com.br\/index.php?rest_route=%2Fwp%2Fv2%2Fcategories&post=30308"},{"taxonomy":"post_tag","embeddable":true,"href":"https:\/\/revistavitrineibiuna.com.br\/index.php?rest_route=%2Fwp%2Fv2%2Ftags&post=30308"}],"curies":[{"name":"wp","href":"https:\/\/api.w.org\/{rel}","templated":true}]}}