{"id":30323,"date":"2023-12-17T07:32:27","date_gmt":"2023-12-17T10:32:27","guid":{"rendered":"http:\/\/revistavitrineibiuna.com.br\/?p=30323"},"modified":"2023-12-18T15:36:27","modified_gmt":"2023-12-18T18:36:27","slug":"tvuna-entrevista-professor-de-lingua-portuguesa-nesta-4a-feira","status":"publish","type":"post","link":"https:\/\/revistavitrineibiuna.com.br\/?p=30323","title":{"rendered":"TVUNA ENTREVISTA PROFESSOR DE L\u00cdNGUA PORTUGUESA NESTA 4\u00aa-FEIRA"},"content":{"rendered":"\n<p class=\"has-drop-cap\"><strong>\u00c9 not\u00e1vel a presen\u00e7a do professor Jo\u00e3o Pereira Leite no cen\u00e1rio da Educa\u00e7\u00e3o em Ibi\u00fana e em S\u00e3o Roque, onde atua como professor e diretor de escola. Ele foi tamb\u00e9m secretario da Educa\u00e7\u00e3o em Ibi\u00fana e criador do Projeto \u201cGente de Quem\u201d, em que contava a hist\u00f3ria das fam\u00edlias tradicionais ibiunenses, com apresenta\u00e7\u00e3o a toda popula\u00e7\u00e3o, na Pra\u00e7a da Matriz.<\/strong><\/p>\n\n\n\n<p><strong>Especialista em L\u00edngua Portuguesa, o professor dar\u00e1 uma aula de portugu\u00eas imperd\u00edvel para todos aqueles que precisam conhecer mais o idioma decisivo em todas as atividades sociais e profissionais.<\/strong><\/p>\n\n\n\n<p><strong>Em sua p\u00e1gina no Facebook tem feito frequentes postagens com ensinamentos do uso correto da l\u00edngua de Cam\u00f5es.<\/strong><\/p>\n\n\n\n<p><strong><em>[Nesta quarta-feira, dia 20, \u00e0s 20h, ele ser\u00e1 o entrevistado, ao vivo, na TVUNA, com transmiss\u00e3o direta pelo Youtube, Facebook e Instagram, e voc\u00ea poder\u00e1 interagir por meio do chat do canal da TVUNA. Inscreva-se: <a href=\"mailto:youtube.com\/@tv-una\">youtube.com\/@tv-una<\/a>]<\/em><\/strong><\/p>\n\n\n\n<p><strong>Atualmente, al\u00e9m dos cargos p\u00fablicos de professor e diretor de escola tem auxiliado sua esposa, a professora Naiane, diretora da Escola Feij\u00f5es M\u00e1gicos, localizada no centro da cidade de Ibi\u00fana.<\/strong><\/p>\n\n\n\n<p><strong>Pereira Leite \u00e9 ibiunense da gema, tendo nascido no Bairro Rio dos Bagres, na cabeceira da Represa Cachoeira do Fran\u00e7a, numa casa cujo piso era de ch\u00e3o batido.<\/strong><\/p>\n\n\n\n<p><strong>Na sua adolesc\u00eancia foi engraxate, trabalhou na ro\u00e7a e foi ajudante de pedreiro. Mais tarde, tornou-se bastante conhecido como \u2018Jo\u00e3o da Maguinha\u2019, quando trabalhou no com\u00e9rcio local, em uma loja chamada Maguinha Distribuidora de Materiais de Limpeza, na d\u00e9cada de 1980. Tamb\u00e9m trabalhou como vendedor nas Lojas Carambella, at\u00e9 iniciar-se na carreira do Magist\u00e9rio.<\/strong><\/p>\n\n\n\n<p><strong>\u00c9 formado em Letras pela Universidade de Sorocaba (Uniso), e em Pedagogia pela Faculdade de Registro (Selisul), atualmente Centro Universit\u00e1rio do Vale Ribeira. Possui P\u00f3s-Gradua\u00e7\u00e3o em L\u00edngua Portuguesa, pela Unicamp, por meio de um Programa da Rede Estadual de Ensino chamado Redefor. Concluiu o curso de P\u00f3s-Gradua\u00e7\u00e3o em Gest\u00e3o Escolar na Universidade Anhembi Morumbi, oferecido a diretores de Escola da Rede Municipal de Ensino de S\u00e3o Roque pela Funda\u00e7\u00e3o Lemann e, tamb\u00e9m possui p\u00f3s-gradua\u00e7\u00e3o em Direito Educacional pela Faculdade Itaqu\u00e1-Facita.<\/strong><\/p>\n\n\n\n<p><strong>Leciona para a Educa\u00e7\u00e3o de Jovens e Adultos-EJA, na E.E. Prof\u00aa Laurinda Vieira Pinto, no per\u00edodo noturno e, durante o dia, \u00e9 diretor de Escola de Educa\u00e7\u00e3o B\u00e1sica na Rede Municipal de Ensino de S\u00e3o Roque na EMEIF Prof. Ant\u00f4nio Cavaglieri, no Bairro do Pav\u00e3o.<\/strong><\/p>\n\n\n\n<p><strong>Na Rede Particular de Ensino trabalhou no Col\u00e9gio CK, em Ibi\u00fana, como professor de L\u00edngua Portuguesa, coordenador Pedag\u00f3gico e diretor de escola, deixando o emprego para assumir o concurso p\u00fablico na Prefeitura de S\u00e3o Roque.<\/strong><\/p>\n\n\n\n<p><strong>Foi secret\u00e1rio Municipal de Educa\u00e7\u00e3o em Ibi\u00fana, na gest\u00e3o do Prefeito Coronel Darcy Pereira Leite\/KoitiMuramatsu.<\/strong><\/p>\n","protected":false},"excerpt":{"rendered":"<p>\u00c9 not\u00e1vel a presen\u00e7a do professor Jo\u00e3o Pereira Leite no cen\u00e1rio da Educa\u00e7\u00e3o em Ibi\u00fana e em S\u00e3o Roque, onde<\/p>\n","protected":false},"author":1,"featured_media":30324,"comment_status":"open","ping_status":"open","sticky":false,"template":"","format":"standard","meta":[],"categories":[3],"tags":[],"yoast_head":"<!-- This site is optimized with the Yoast SEO plugin v15.8 - https:\/\/yoast.com\/wordpress\/plugins\/seo\/ -->\n<title>TVUNA ENTREVISTA PROFESSOR DE L\u00cdNGUA PORTUGUESA NESTA 4\u00aa-FEIRA - Revista Vitrine Online<\/title>\n<meta name=\"robots\" content=\"index, follow, max-snippet:-1, max-image-preview:large, max-video-preview:-1\" \/>\n<link rel=\"canonical\" href=\"http:\/\/revistavitrineibiuna.com.br\/?p=30323\" \/>\n<meta property=\"og:locale\" content=\"pt_BR\" \/>\n<meta property=\"og:type\" content=\"article\" \/>\n<meta property=\"og:title\" content=\"TVUNA ENTREVISTA PROFESSOR DE L\u00cdNGUA PORTUGUESA NESTA 4\u00aa-FEIRA - Revista Vitrine Online\" \/>\n<meta property=\"og:description\" content=\"\u00c9 not\u00e1vel a presen\u00e7a do professor Jo\u00e3o Pereira Leite no cen\u00e1rio da Educa\u00e7\u00e3o em Ibi\u00fana e em S\u00e3o Roque, onde\" \/>\n<meta property=\"og:url\" content=\"http:\/\/revistavitrineibiuna.com.br\/?p=30323\" \/>\n<meta property=\"og:site_name\" content=\"Revista Vitrine Online\" \/>\n<meta property=\"article:published_time\" content=\"2023-12-17T10:32:27+00:00\" \/>\n<meta property=\"article:modified_time\" content=\"2023-12-18T18:36:27+00:00\" \/>\n<meta property=\"og:image\" content=\"https:\/\/revistavitrineibiuna.com.br\/wp-content\/uploads\/2023\/12\/Joao-Pereira-Leite.png\" \/>\n\t<meta property=\"og:image:width\" content=\"1427\" \/>\n\t<meta property=\"og:image:height\" content=\"843\" \/>\n<meta name=\"twitter:card\" content=\"summary\" \/>\n<meta name=\"twitter:label1\" content=\"Est. reading time\">\n\t<meta name=\"twitter:data1\" content=\"2 minutos\">\n<script type=\"application\/ld+json\" class=\"yoast-schema-graph\">{\"@context\":\"https:\/\/schema.org\",\"@graph\":[{\"@type\":\"WebSite\",\"@id\":\"https:\/\/revistavitrineibiuna.com.br\/#website\",\"url\":\"https:\/\/revistavitrineibiuna.com.br\/\",\"name\":\"Revista Vitrine Ibi\\u00fana\",\"description\":\"A Revista de Ibi\\u00fana e Regi\\u00e3o\",\"publisher\":{\"@id\":\"https:\/\/revistavitrineibiuna.com.br\/#\/schema\/person\/e51ef49d6d88170ea21ceabff3f73deb\"},\"potentialAction\":[{\"@type\":\"SearchAction\",\"target\":\"https:\/\/revistavitrineibiuna.com.br\/?s={search_term_string}\",\"query-input\":\"required name=search_term_string\"}],\"inLanguage\":\"pt-BR\"},{\"@type\":\"ImageObject\",\"@id\":\"http:\/\/revistavitrineibiuna.com.br\/?p=30323#primaryimage\",\"inLanguage\":\"pt-BR\",\"url\":\"https:\/\/revistavitrineibiuna.com.br\/wp-content\/uploads\/2023\/12\/Joao-Pereira-Leite.png\",\"width\":1427,\"height\":843},{\"@type\":\"WebPage\",\"@id\":\"http:\/\/revistavitrineibiuna.com.br\/?p=30323#webpage\",\"url\":\"http:\/\/revistavitrineibiuna.com.br\/?p=30323\",\"name\":\"TVUNA ENTREVISTA PROFESSOR DE L\\u00cdNGUA PORTUGUESA NESTA 4\\u00aa-FEIRA - Revista Vitrine Online\",\"isPartOf\":{\"@id\":\"https:\/\/revistavitrineibiuna.com.br\/#website\"},\"primaryImageOfPage\":{\"@id\":\"http:\/\/revistavitrineibiuna.com.br\/?p=30323#primaryimage\"},\"datePublished\":\"2023-12-17T10:32:27+00:00\",\"dateModified\":\"2023-12-18T18:36:27+00:00\",\"breadcrumb\":{\"@id\":\"http:\/\/revistavitrineibiuna.com.br\/?p=30323#breadcrumb\"},\"inLanguage\":\"pt-BR\",\"potentialAction\":[{\"@type\":\"ReadAction\",\"target\":[\"http:\/\/revistavitrineibiuna.com.br\/?p=30323\"]}]},{\"@type\":\"BreadcrumbList\",\"@id\":\"http:\/\/revistavitrineibiuna.com.br\/?p=30323#breadcrumb\",\"itemListElement\":[{\"@type\":\"ListItem\",\"position\":1,\"item\":{\"@type\":\"WebPage\",\"@id\":\"https:\/\/revistavitrineibiuna.com.br\/\",\"url\":\"https:\/\/revistavitrineibiuna.com.br\/\",\"name\":\"In\\u00edcio\"}},{\"@type\":\"ListItem\",\"position\":2,\"item\":{\"@type\":\"WebPage\",\"@id\":\"http:\/\/revistavitrineibiuna.com.br\/?p=30323\",\"url\":\"http:\/\/revistavitrineibiuna.com.br\/?p=30323\",\"name\":\"TVUNA ENTREVISTA PROFESSOR DE L\\u00cdNGUA PORTUGUESA NESTA 4\\u00aa-FEIRA\"}}]},{\"@type\":\"Article\",\"@id\":\"http:\/\/revistavitrineibiuna.com.br\/?p=30323#article\",\"isPartOf\":{\"@id\":\"http:\/\/revistavitrineibiuna.com.br\/?p=30323#webpage\"},\"author\":{\"@id\":\"https:\/\/revistavitrineibiuna.com.br\/#\/schema\/person\/e51ef49d6d88170ea21ceabff3f73deb\"},\"headline\":\"TVUNA ENTREVISTA PROFESSOR DE L\\u00cdNGUA PORTUGUESA NESTA 4\\u00aa-FEIRA\",\"datePublished\":\"2023-12-17T10:32:27+00:00\",\"dateModified\":\"2023-12-18T18:36:27+00:00\",\"mainEntityOfPage\":{\"@id\":\"http:\/\/revistavitrineibiuna.com.br\/?p=30323#webpage\"},\"commentCount\":0,\"publisher\":{\"@id\":\"https:\/\/revistavitrineibiuna.com.br\/#\/schema\/person\/e51ef49d6d88170ea21ceabff3f73deb\"},\"image\":{\"@id\":\"http:\/\/revistavitrineibiuna.com.br\/?p=30323#primaryimage\"},\"articleSection\":\"Not\\u00edcias\",\"inLanguage\":\"pt-BR\",\"potentialAction\":[{\"@type\":\"CommentAction\",\"name\":\"Comment\",\"target\":[\"http:\/\/revistavitrineibiuna.com.br\/?p=30323#respond\"]}]},{\"@type\":[\"Person\",\"Organization\"],\"@id\":\"https:\/\/revistavitrineibiuna.com.br\/#\/schema\/person\/e51ef49d6d88170ea21ceabff3f73deb\",\"name\":\"Carlos Rossini\",\"image\":{\"@type\":\"ImageObject\",\"@id\":\"https:\/\/revistavitrineibiuna.com.br\/#personlogo\",\"inLanguage\":\"pt-BR\",\"url\":\"https:\/\/secure.gravatar.com\/avatar\/4f2d0f99fac1f85c7d643f21f5c8d900?s=96&d=mm&r=g\",\"caption\":\"Carlos Rossini\"},\"logo\":{\"@id\":\"https:\/\/revistavitrineibiuna.com.br\/#personlogo\"},\"description\":\"Carlos Rossini \\u00e9 jornalista, soci\\u00f3logo, escritor e professor universit\\u00e1rio, tendo sido professor de jornalismo por vinte anos. Trabalhou em ve\\u00edculos de comunica\\u00e7\\u00e3o nas fun\\u00e7\\u00f5es de rep\\u00f3rter, redator, editor, articulista e colaborador, como Folha de S. Paulo, O Estado de S. Paulo, Di\\u00e1rio Popular, entre outros. Ao transferir a revista vitrine, vers\\u00e3o imprensa, de S\\u00e3o Paulo para Ibi\\u00fana h\\u00e1 alguns anos, iniciou uma nova experi\\u00eancia profissional, dedicando-se ao jornalismo regional, depois de cumprir uma trajet\\u00f3ria bem-sucedida na grande imprensa brasileira. Seu primeiro livro A Coragem de Comunicar foi lan\\u00e7ado na Bienal do Livro em S\\u00e3o Paulo no ano 2000, pela editora Madras.\"}]}<\/script>\n<!-- \/ Yoast SEO plugin. -->","_links":{"self":[{"href":"https:\/\/revistavitrineibiuna.com.br\/index.php?rest_route=\/wp\/v2\/posts\/30323"}],"collection":[{"href":"https:\/\/revistavitrineibiuna.com.br\/index.php?rest_route=\/wp\/v2\/posts"}],"about":[{"href":"https:\/\/revistavitrineibiuna.com.br\/index.php?rest_route=\/wp\/v2\/types\/post"}],"author":[{"embeddable":true,"href":"https:\/\/revistavitrineibiuna.com.br\/index.php?rest_route=\/wp\/v2\/users\/1"}],"replies":[{"embeddable":true,"href":"https:\/\/revistavitrineibiuna.com.br\/index.php?rest_route=%2Fwp%2Fv2%2Fcomments&post=30323"}],"version-history":[{"count":2,"href":"https:\/\/revistavitrineibiuna.com.br\/index.php?rest_route=\/wp\/v2\/posts\/30323\/revisions"}],"predecessor-version":[{"id":30340,"href":"https:\/\/revistavitrineibiuna.com.br\/index.php?rest_route=\/wp\/v2\/posts\/30323\/revisions\/30340"}],"wp:featuredmedia":[{"embeddable":true,"href":"https:\/\/revistavitrineibiuna.com.br\/index.php?rest_route=\/wp\/v2\/media\/30324"}],"wp:attachment":[{"href":"https:\/\/revistavitrineibiuna.com.br\/index.php?rest_route=%2Fwp%2Fv2%2Fmedia&parent=30323"}],"wp:term":[{"taxonomy":"category","embeddable":true,"href":"https:\/\/revistavitrineibiuna.com.br\/index.php?rest_route=%2Fwp%2Fv2%2Fcategories&post=30323"},{"taxonomy":"post_tag","embeddable":true,"href":"https:\/\/revistavitrineibiuna.com.br\/index.php?rest_route=%2Fwp%2Fv2%2Ftags&post=30323"}],"curies":[{"name":"wp","href":"https:\/\/api.w.org\/{rel}","templated":true}]}}