{"id":30326,"date":"2023-12-17T19:14:27","date_gmt":"2023-12-17T22:14:27","guid":{"rendered":"http:\/\/revistavitrineibiuna.com.br\/?p=30326"},"modified":"2023-12-17T19:40:05","modified_gmt":"2023-12-17T22:40:05","slug":"ibiuna-vitima-fatal-do-acidente-na-bunjiro-e-um-menino-de-16-anos","status":"publish","type":"post","link":"https:\/\/revistavitrineibiuna.com.br\/?p=30326","title":{"rendered":"IBI\u00daNA \u2013 V\u00cdTIMA FATAL DO ACIDENTE NA BUNJIRO \u00c9 UM MENINO DE 16 ANOS"},"content":{"rendered":"\n<p class=\"has-drop-cap\"><strong>O grave acidente envolvendo tr\u00eas ve\u00edculos na curva do Colinas, na Rodovia Bunjiro Nakao, provocou tr\u00eas v\u00edtimas, que foram levadas para o Hospital Municipal de Ibi\u00fana. Eles deram entrada na emerg\u00eancia \u00e0s 13h01.<\/strong><\/p>\n\n\n\n<p><strong>Um menino de 16 anos, que morava em Vargem Grande Paulista, \u00a0ocupava o banco de passageiro de um autom\u00f3vel dirigido por seu irm\u00e3o, que vinha no sentido Ibi\u00fana<\/strong>, <strong>ficou preso nas ferragens. Ele foi retirado por uma equipe do Corpo de Bombeiros, chegou ao hospital com parada cardiorrespirat\u00f3ria, vindo a falecer.<\/strong><\/p>\n\n\n\n<p><strong>O seu irm\u00e3o e uma mulher moradora em Ibi\u00fana, que tamb\u00e9m foram v\u00edtimas do acidente, ficaram em observa\u00e7\u00e3o, mas j\u00e1 foram liberados pelo m\u00e9dico que os atendeu.<\/strong><\/p>\n\n\n\n<p><strong>A ocorr\u00eancia foi atendida pelo resgate do Samu, do APH, Corpo de Bombeiros, Pol\u00edcia Militar Rodovi\u00e1ria.<\/strong><\/p>\n\n\n\n<p><strong>DESESPERO<\/strong><\/p>\n\n\n\n<p><strong>Pessoas que tinham parentes que estariam transitando pela rodovia, entraram em desespero querendo saber os nomes das v\u00edtimas, ou as placas dos ve\u00edculos.<\/strong><\/p>\n\n\n\n<p><strong>PARALISADA<\/strong><\/p>\n\n\n\n<p><strong>N\u00e3o faltaram pessoas para lembrar que a Bunjiro Nakao, cujas obras est\u00e3o paralisadas desde janeiro de 2022, quase dois anos, continua sendo uma via muito perigosa, exatamente por conta da precariedade de trechos que ficaram inacabados, desvios e estreitamentos inesperados da pista.<\/strong><\/p>\n\n\n\n<figure class=\"wp-block-image size-large\"><img loading=\"lazy\" width=\"648\" height=\"389\" src=\"https:\/\/revistavitrineibiuna.com.br\/wp-content\/uploads\/2023\/12\/foto-acidente-na-bunjiro-2.png\" alt=\"\" class=\"wp-image-30330\" srcset=\"https:\/\/revistavitrineibiuna.com.br\/wp-content\/uploads\/2023\/12\/foto-acidente-na-bunjiro-2.png 648w, https:\/\/revistavitrineibiuna.com.br\/wp-content\/uploads\/2023\/12\/foto-acidente-na-bunjiro-2-300x180.png 300w\" sizes=\"(max-width: 648px) 100vw, 648px\" \/><figcaption>Gravidade do acidente mobilizou diversas equipes de resgate; Corpo de Bombeiros teve que tirar v\u00edtima fatal presa nas ferragens<\/figcaption><\/figure>\n","protected":false},"excerpt":{"rendered":"<p>O grave acidente envolvendo tr\u00eas ve\u00edculos na curva do Colinas, na Rodovia Bunjiro Nakao, provocou tr\u00eas v\u00edtimas, que foram levadas<\/p>\n","protected":false},"author":1,"featured_media":30327,"comment_status":"open","ping_status":"open","sticky":false,"template":"","format":"standard","meta":[],"categories":[3],"tags":[],"yoast_head":"<!-- This site is optimized with the Yoast SEO plugin v15.8 - https:\/\/yoast.com\/wordpress\/plugins\/seo\/ -->\n<title>IBI\u00daNA \u2013 V\u00cdTIMA FATAL DO ACIDENTE NA BUNJIRO \u00c9 UM MENINO DE 16 ANOS - Revista Vitrine Online<\/title>\n<meta name=\"robots\" content=\"index, follow, max-snippet:-1, max-image-preview:large, max-video-preview:-1\" \/>\n<link rel=\"canonical\" href=\"https:\/\/revistavitrineibiuna.com.br\/?p=30326\" \/>\n<meta property=\"og:locale\" content=\"pt_BR\" \/>\n<meta property=\"og:type\" content=\"article\" \/>\n<meta property=\"og:title\" content=\"IBI\u00daNA \u2013 V\u00cdTIMA FATAL DO ACIDENTE NA BUNJIRO \u00c9 UM MENINO DE 16 ANOS - Revista Vitrine Online\" \/>\n<meta property=\"og:description\" content=\"O grave acidente envolvendo tr\u00eas ve\u00edculos na curva do Colinas, na Rodovia Bunjiro Nakao, provocou tr\u00eas v\u00edtimas, que foram levadas\" \/>\n<meta property=\"og:url\" content=\"https:\/\/revistavitrineibiuna.com.br\/?p=30326\" \/>\n<meta property=\"og:site_name\" content=\"Revista Vitrine Online\" \/>\n<meta property=\"article:published_time\" content=\"2023-12-17T22:14:27+00:00\" \/>\n<meta property=\"article:modified_time\" content=\"2023-12-17T22:40:05+00:00\" \/>\n<meta property=\"og:image\" content=\"https:\/\/revistavitrineibiuna.com.br\/wp-content\/uploads\/2023\/12\/grave-acidente-na-bunjiro-nakao-17.12.2023.png\" \/>\n\t<meta property=\"og:image:width\" content=\"586\" \/>\n\t<meta property=\"og:image:height\" content=\"415\" \/>\n<meta name=\"twitter:card\" content=\"summary\" \/>\n<meta name=\"twitter:label1\" content=\"Est. reading time\">\n\t<meta name=\"twitter:data1\" content=\"2 minutos\">\n<script type=\"application\/ld+json\" class=\"yoast-schema-graph\">{\"@context\":\"https:\/\/schema.org\",\"@graph\":[{\"@type\":\"WebSite\",\"@id\":\"https:\/\/revistavitrineibiuna.com.br\/#website\",\"url\":\"https:\/\/revistavitrineibiuna.com.br\/\",\"name\":\"Revista Vitrine Ibi\\u00fana\",\"description\":\"A Revista de Ibi\\u00fana e Regi\\u00e3o\",\"publisher\":{\"@id\":\"https:\/\/revistavitrineibiuna.com.br\/#\/schema\/person\/e51ef49d6d88170ea21ceabff3f73deb\"},\"potentialAction\":[{\"@type\":\"SearchAction\",\"target\":\"https:\/\/revistavitrineibiuna.com.br\/?s={search_term_string}\",\"query-input\":\"required name=search_term_string\"}],\"inLanguage\":\"pt-BR\"},{\"@type\":\"ImageObject\",\"@id\":\"https:\/\/revistavitrineibiuna.com.br\/?p=30326#primaryimage\",\"inLanguage\":\"pt-BR\",\"url\":\"https:\/\/revistavitrineibiuna.com.br\/wp-content\/uploads\/2023\/12\/grave-acidente-na-bunjiro-nakao-17.12.2023.png\",\"width\":586,\"height\":415},{\"@type\":\"WebPage\",\"@id\":\"https:\/\/revistavitrineibiuna.com.br\/?p=30326#webpage\",\"url\":\"https:\/\/revistavitrineibiuna.com.br\/?p=30326\",\"name\":\"IBI\\u00daNA \\u2013 V\\u00cdTIMA FATAL DO ACIDENTE NA BUNJIRO \\u00c9 UM MENINO DE 16 ANOS - Revista Vitrine Online\",\"isPartOf\":{\"@id\":\"https:\/\/revistavitrineibiuna.com.br\/#website\"},\"primaryImageOfPage\":{\"@id\":\"https:\/\/revistavitrineibiuna.com.br\/?p=30326#primaryimage\"},\"datePublished\":\"2023-12-17T22:14:27+00:00\",\"dateModified\":\"2023-12-17T22:40:05+00:00\",\"breadcrumb\":{\"@id\":\"https:\/\/revistavitrineibiuna.com.br\/?p=30326#breadcrumb\"},\"inLanguage\":\"pt-BR\",\"potentialAction\":[{\"@type\":\"ReadAction\",\"target\":[\"https:\/\/revistavitrineibiuna.com.br\/?p=30326\"]}]},{\"@type\":\"BreadcrumbList\",\"@id\":\"https:\/\/revistavitrineibiuna.com.br\/?p=30326#breadcrumb\",\"itemListElement\":[{\"@type\":\"ListItem\",\"position\":1,\"item\":{\"@type\":\"WebPage\",\"@id\":\"https:\/\/revistavitrineibiuna.com.br\/\",\"url\":\"https:\/\/revistavitrineibiuna.com.br\/\",\"name\":\"In\\u00edcio\"}},{\"@type\":\"ListItem\",\"position\":2,\"item\":{\"@type\":\"WebPage\",\"@id\":\"https:\/\/revistavitrineibiuna.com.br\/?p=30326\",\"url\":\"https:\/\/revistavitrineibiuna.com.br\/?p=30326\",\"name\":\"IBI\\u00daNA \\u2013 V\\u00cdTIMA FATAL DO ACIDENTE NA BUNJIRO \\u00c9 UM MENINO DE 16 ANOS\"}}]},{\"@type\":\"Article\",\"@id\":\"https:\/\/revistavitrineibiuna.com.br\/?p=30326#article\",\"isPartOf\":{\"@id\":\"https:\/\/revistavitrineibiuna.com.br\/?p=30326#webpage\"},\"author\":{\"@id\":\"https:\/\/revistavitrineibiuna.com.br\/#\/schema\/person\/e51ef49d6d88170ea21ceabff3f73deb\"},\"headline\":\"IBI\\u00daNA \\u2013 V\\u00cdTIMA FATAL DO ACIDENTE NA BUNJIRO \\u00c9 UM MENINO DE 16 ANOS\",\"datePublished\":\"2023-12-17T22:14:27+00:00\",\"dateModified\":\"2023-12-17T22:40:05+00:00\",\"mainEntityOfPage\":{\"@id\":\"https:\/\/revistavitrineibiuna.com.br\/?p=30326#webpage\"},\"commentCount\":0,\"publisher\":{\"@id\":\"https:\/\/revistavitrineibiuna.com.br\/#\/schema\/person\/e51ef49d6d88170ea21ceabff3f73deb\"},\"image\":{\"@id\":\"https:\/\/revistavitrineibiuna.com.br\/?p=30326#primaryimage\"},\"articleSection\":\"Not\\u00edcias\",\"inLanguage\":\"pt-BR\",\"potentialAction\":[{\"@type\":\"CommentAction\",\"name\":\"Comment\",\"target\":[\"https:\/\/revistavitrineibiuna.com.br\/?p=30326#respond\"]}]},{\"@type\":[\"Person\",\"Organization\"],\"@id\":\"https:\/\/revistavitrineibiuna.com.br\/#\/schema\/person\/e51ef49d6d88170ea21ceabff3f73deb\",\"name\":\"Carlos Rossini\",\"image\":{\"@type\":\"ImageObject\",\"@id\":\"https:\/\/revistavitrineibiuna.com.br\/#personlogo\",\"inLanguage\":\"pt-BR\",\"url\":\"https:\/\/secure.gravatar.com\/avatar\/4f2d0f99fac1f85c7d643f21f5c8d900?s=96&d=mm&r=g\",\"caption\":\"Carlos Rossini\"},\"logo\":{\"@id\":\"https:\/\/revistavitrineibiuna.com.br\/#personlogo\"},\"description\":\"Carlos Rossini \\u00e9 jornalista, soci\\u00f3logo, escritor e professor universit\\u00e1rio, tendo sido professor de jornalismo por vinte anos. Trabalhou em ve\\u00edculos de comunica\\u00e7\\u00e3o nas fun\\u00e7\\u00f5es de rep\\u00f3rter, redator, editor, articulista e colaborador, como Folha de S. Paulo, O Estado de S. Paulo, Di\\u00e1rio Popular, entre outros. Ao transferir a revista vitrine, vers\\u00e3o imprensa, de S\\u00e3o Paulo para Ibi\\u00fana h\\u00e1 alguns anos, iniciou uma nova experi\\u00eancia profissional, dedicando-se ao jornalismo regional, depois de cumprir uma trajet\\u00f3ria bem-sucedida na grande imprensa brasileira. Seu primeiro livro A Coragem de Comunicar foi lan\\u00e7ado na Bienal do Livro em S\\u00e3o Paulo no ano 2000, pela editora Madras.\"}]}<\/script>\n<!-- \/ Yoast SEO plugin. -->","_links":{"self":[{"href":"https:\/\/revistavitrineibiuna.com.br\/index.php?rest_route=\/wp\/v2\/posts\/30326"}],"collection":[{"href":"https:\/\/revistavitrineibiuna.com.br\/index.php?rest_route=\/wp\/v2\/posts"}],"about":[{"href":"https:\/\/revistavitrineibiuna.com.br\/index.php?rest_route=\/wp\/v2\/types\/post"}],"author":[{"embeddable":true,"href":"https:\/\/revistavitrineibiuna.com.br\/index.php?rest_route=\/wp\/v2\/users\/1"}],"replies":[{"embeddable":true,"href":"https:\/\/revistavitrineibiuna.com.br\/index.php?rest_route=%2Fwp%2Fv2%2Fcomments&post=30326"}],"version-history":[{"count":8,"href":"https:\/\/revistavitrineibiuna.com.br\/index.php?rest_route=\/wp\/v2\/posts\/30326\/revisions"}],"predecessor-version":[{"id":30339,"href":"https:\/\/revistavitrineibiuna.com.br\/index.php?rest_route=\/wp\/v2\/posts\/30326\/revisions\/30339"}],"wp:featuredmedia":[{"embeddable":true,"href":"https:\/\/revistavitrineibiuna.com.br\/index.php?rest_route=\/wp\/v2\/media\/30327"}],"wp:attachment":[{"href":"https:\/\/revistavitrineibiuna.com.br\/index.php?rest_route=%2Fwp%2Fv2%2Fmedia&parent=30326"}],"wp:term":[{"taxonomy":"category","embeddable":true,"href":"https:\/\/revistavitrineibiuna.com.br\/index.php?rest_route=%2Fwp%2Fv2%2Fcategories&post=30326"},{"taxonomy":"post_tag","embeddable":true,"href":"https:\/\/revistavitrineibiuna.com.br\/index.php?rest_route=%2Fwp%2Fv2%2Ftags&post=30326"}],"curies":[{"name":"wp","href":"https:\/\/api.w.org\/{rel}","templated":true}]}}