{"id":3034,"date":"2013-11-13T18:55:05","date_gmt":"2013-11-13T20:55:05","guid":{"rendered":"http:\/\/revistavitrineibiuna.com.br\/?p=3034"},"modified":"2013-11-20T13:35:11","modified_gmt":"2013-11-20T15:35:11","slug":"ratinho-visita-ibiuna-e-destaca-0-grande-potencial-turistico-da-cidade","status":"publish","type":"post","link":"https:\/\/revistavitrineibiuna.com.br\/?p=3034","title":{"rendered":"RATINHO VISITA IBI\u00daNA E DESTACA 0  \u201cGRANDE POTENCIAL TUR\u00cdSTICO DA CIDADE\u201d"},"content":{"rendered":"<p>\u201cSempre ouvi falar de Ibi\u00fana. Tem fama muito boa e positiva. E agora, tive a oportunidade de vir conhecer pessoalmente a cidade\u201d, afirmou hoje (13) o apresentador Ratinho \u00e0 vitrine online, logo ap\u00f3s ser recebido pelo prefeito F\u00e1bio Bello, em seu gabinete. O passeio incluiu um cafezinho r\u00e1pido numa padaria localizada na pra\u00e7a da Matriz e visita \u00e0 represa de Itupararanga, onde se localizam os condom\u00ednios Veleiros e Porto, local em que Ratinho recebeu diversas informa\u00e7\u00f5es sobre a Est\u00e2ncia Tur\u00edstica de Ibi\u00fana.<!--more--><\/p>\n<p>O apresentador lembrou que seu programa \u00e9 sempre o segundo lugar na audi\u00eancia e essa \u00e9 uma das raz\u00f5es pelas quais procura visitar as cidades e entrar em contato direto com o povo e seus dirigentes. No caso de Ibi\u00fana, ficou admirado com seu enorme potencial tur\u00edstico e declarou: \u201cEu quero ver at\u00e9 que ponto a gente pode participar da vida de Ibi\u00fana, seja divulgando a cidade como atra\u00e7\u00e3o tur\u00edstica e mesmo chamando alguns dos meus companheiros de neg\u00f3cios para montarem algum empreendimento na cidade.\u201d<\/p>\n<p><a href=\"http:\/\/revistavitrineibiuna.com.br\/wp-content\/uploads\/2013\/11\/ratinho02.jpg\"><img loading=\"lazy\" class=\"aligncenter size-full wp-image-3037\" title=\"ratinho02\" src=\"http:\/\/revistavitrineibiuna.com.br\/wp-content\/uploads\/2013\/11\/ratinho02.jpg\" alt=\"\" width=\"460\" height=\"345\" srcset=\"https:\/\/revistavitrineibiuna.com.br\/wp-content\/uploads\/2013\/11\/ratinho02.jpg 460w, https:\/\/revistavitrineibiuna.com.br\/wp-content\/uploads\/2013\/11\/ratinho02-300x225.jpg 300w\" sizes=\"(max-width: 460px) 100vw, 460px\" \/><\/a><\/p>\n<p>\u201cA gente sempre procura ficar perto de cidades como Ibi\u00fana que tem energia positiva e isso \u00e9 uma caracter\u00edstica importante porque as coisas sempre d\u00e3o certo com o tempo\u201d, assinalou Ratinho, que estava acompanhado do seu bra\u00e7o direito, Doni Santos.<\/p>\n<p><a href=\"http:\/\/revistavitrineibiuna.com.br\/wp-content\/uploads\/2013\/11\/ratinho05.jpg\"><img loading=\"lazy\" class=\"aligncenter size-full wp-image-3040\" title=\"ratinho05\" src=\"http:\/\/revistavitrineibiuna.com.br\/wp-content\/uploads\/2013\/11\/ratinho05.jpg\" alt=\"\" width=\"460\" height=\"345\" srcset=\"https:\/\/revistavitrineibiuna.com.br\/wp-content\/uploads\/2013\/11\/ratinho05.jpg 460w, https:\/\/revistavitrineibiuna.com.br\/wp-content\/uploads\/2013\/11\/ratinho05-300x225.jpg 300w\" sizes=\"(max-width: 460px) 100vw, 460px\" \/><br \/>\n<\/a><a href=\"http:\/\/revistavitrineibiuna.com.br\/wp-content\/uploads\/2013\/11\/ratinho06.jpg\"><img loading=\"lazy\" class=\"aligncenter size-full wp-image-3047\" title=\"ratinho06\" src=\"http:\/\/revistavitrineibiuna.com.br\/wp-content\/uploads\/2013\/11\/ratinho06.jpg\" alt=\"\" width=\"460\" height=\"345\" srcset=\"https:\/\/revistavitrineibiuna.com.br\/wp-content\/uploads\/2013\/11\/ratinho06.jpg 460w, https:\/\/revistavitrineibiuna.com.br\/wp-content\/uploads\/2013\/11\/ratinho06-300x225.jpg 300w\" sizes=\"(max-width: 460px) 100vw, 460px\" \/><\/a><\/p>\n<p>O apresentador recebeu as boas vindas tamb\u00e9m da primeira dama, Deize de Oliveira Sim\u00e3o; do vice-prefeito Tadeu Ant\u00f4nio Soares; e dos secret\u00e1rios de Governo, Alexandre Bello; de Cultura e Turismo, Rafael de Castro Cerqueira; de Habita\u00e7\u00e3o, Elizeu Dias; de Neg\u00f3cios Jur\u00eddicos, Douglas Bigarelli Rocha de Jesus; de Educa\u00e7\u00e3o, Nydia Bello de Oliveira; de Desenvolvimento Urbano, M\u00e1rio Aceiro; de Rendas Internas, S\u00e9rgio Pires de Oliveira.<\/p>\n<p><strong>Simplicidade e alegria<\/strong><\/p>\n<p><a href=\"http:\/\/revistavitrineibiuna.com.br\/wp-content\/uploads\/2013\/11\/ratinho03.jpg\"><img loading=\"lazy\" class=\"aligncenter size-full wp-image-3038\" title=\"ratinho03\" src=\"http:\/\/revistavitrineibiuna.com.br\/wp-content\/uploads\/2013\/11\/ratinho03.jpg\" alt=\"\" width=\"460\" height=\"345\" srcset=\"https:\/\/revistavitrineibiuna.com.br\/wp-content\/uploads\/2013\/11\/ratinho03.jpg 460w, https:\/\/revistavitrineibiuna.com.br\/wp-content\/uploads\/2013\/11\/ratinho03-300x225.jpg 300w\" sizes=\"(max-width: 460px) 100vw, 460px\" \/><\/a><\/p>\n<p>Carlos Roberto Massa, o Ratinho, tem o dom de cativar as pessoas imediatamente. \u00c9 atencioso e simp\u00e1tico com as pessoas, ouve com aten\u00e7\u00e3o, brinca, provoca risos com um jeit\u00e3o descontra\u00eddo, recebe e retribui abra\u00e7os com naturalidade. Tanto na prefeitura quanto na padaria onde tomou caf\u00e9 e v\u00e1rias pessoas pediram para tirar foto ao seu lado agiu sempre de modo natural e espont\u00e2neo.<\/p>\n<p><a href=\"http:\/\/revistavitrineibiuna.com.br\/wp-content\/uploads\/2013\/11\/ratinho04.jpg\"><img loading=\"lazy\" class=\"aligncenter size-full wp-image-3039\" title=\"\" src=\"http:\/\/revistavitrineibiuna.com.br\/wp-content\/uploads\/2013\/11\/ratinho04.jpg\" alt=\"\" width=\"470\" height=\"353\" srcset=\"https:\/\/revistavitrineibiuna.com.br\/wp-content\/uploads\/2013\/11\/ratinho04.jpg 470w, https:\/\/revistavitrineibiuna.com.br\/wp-content\/uploads\/2013\/11\/ratinho04-300x225.jpg 300w\" sizes=\"(max-width: 470px) 100vw, 470px\" \/><\/a><\/p>\n<p>No tempo em que pudemos conversar com o apresentador, percebemos tr\u00eas de suas caracter\u00edsticas marcantes: vivacidade, alegria e positividade. Ratinho n\u00e3o gosta de tristeza e isso deve ser uma das causas do seu not\u00f3rio sucesso na TV, onde h\u00e1 anos mant\u00e9m programa di\u00e1rio no SBT. Ele cumpre uma fun\u00e7\u00e3o importante de descontrair e entreter uma enorme massa (sem trocadilho) de espectadores em todo o Brasil. Ratinho \u00e9 um dos maiores animadores da m\u00eddia televisiva brasileira e tamb\u00e9m um empres\u00e1rio muito bem-sucedido.<\/p>\n","protected":false},"excerpt":{"rendered":"<p>\u201cSempre ouvi falar de Ibi\u00fana. Tem fama muito boa e positiva. E agora, tive a oportunidade de vir conhecer pessoalmente<\/p>\n","protected":false},"author":1,"featured_media":3035,"comment_status":"closed","ping_status":"open","sticky":false,"template":"","format":"standard","meta":[],"categories":[7,9,10],"tags":[],"yoast_head":"<!-- This site is optimized with the Yoast SEO plugin v15.8 - https:\/\/yoast.com\/wordpress\/plugins\/seo\/ -->\n<title>RATINHO VISITA IBI\u00daNA E DESTACA 0 \u201cGRANDE POTENCIAL TUR\u00cdSTICO DA CIDADE\u201d - Revista Vitrine Online<\/title>\n<meta name=\"robots\" content=\"index, follow, max-snippet:-1, max-image-preview:large, max-video-preview:-1\" \/>\n<link rel=\"canonical\" href=\"http:\/\/revistavitrineibiuna.com.br\/?p=3034\" \/>\n<meta property=\"og:locale\" content=\"pt_BR\" \/>\n<meta property=\"og:type\" content=\"article\" \/>\n<meta property=\"og:title\" content=\"RATINHO VISITA IBI\u00daNA E DESTACA 0 \u201cGRANDE POTENCIAL TUR\u00cdSTICO DA CIDADE\u201d - Revista Vitrine Online\" \/>\n<meta property=\"og:description\" content=\"\u201cSempre ouvi falar de Ibi\u00fana. Tem fama muito boa e positiva. E agora, tive a oportunidade de vir conhecer pessoalmente\" \/>\n<meta property=\"og:url\" content=\"http:\/\/revistavitrineibiuna.com.br\/?p=3034\" \/>\n<meta property=\"og:site_name\" content=\"Revista Vitrine Online\" \/>\n<meta property=\"article:published_time\" content=\"2013-11-13T20:55:05+00:00\" \/>\n<meta property=\"article:modified_time\" content=\"2013-11-20T15:35:11+00:00\" \/>\n<meta property=\"og:image\" content=\"https:\/\/revistavitrineibiuna.com.br\/wp-content\/uploads\/2013\/11\/ratinhoo.jpg\" \/>\n\t<meta property=\"og:image:width\" content=\"468\" \/>\n\t<meta property=\"og:image:height\" content=\"315\" \/>\n<meta name=\"twitter:card\" content=\"summary\" \/>\n<meta name=\"twitter:label1\" content=\"Est. reading time\">\n\t<meta name=\"twitter:data1\" content=\"2 minutos\">\n<script type=\"application\/ld+json\" class=\"yoast-schema-graph\">{\"@context\":\"https:\/\/schema.org\",\"@graph\":[{\"@type\":\"WebSite\",\"@id\":\"https:\/\/revistavitrineibiuna.com.br\/#website\",\"url\":\"https:\/\/revistavitrineibiuna.com.br\/\",\"name\":\"Revista Vitrine Ibi\\u00fana\",\"description\":\"A Revista de Ibi\\u00fana e Regi\\u00e3o\",\"publisher\":{\"@id\":\"https:\/\/revistavitrineibiuna.com.br\/#\/schema\/person\/e51ef49d6d88170ea21ceabff3f73deb\"},\"potentialAction\":[{\"@type\":\"SearchAction\",\"target\":\"https:\/\/revistavitrineibiuna.com.br\/?s={search_term_string}\",\"query-input\":\"required name=search_term_string\"}],\"inLanguage\":\"pt-BR\"},{\"@type\":\"ImageObject\",\"@id\":\"http:\/\/revistavitrineibiuna.com.br\/?p=3034#primaryimage\",\"inLanguage\":\"pt-BR\",\"url\":\"https:\/\/revistavitrineibiuna.com.br\/wp-content\/uploads\/2013\/11\/ratinhoo.jpg\",\"width\":\"468\",\"height\":\"315\"},{\"@type\":\"WebPage\",\"@id\":\"http:\/\/revistavitrineibiuna.com.br\/?p=3034#webpage\",\"url\":\"http:\/\/revistavitrineibiuna.com.br\/?p=3034\",\"name\":\"RATINHO VISITA IBI\\u00daNA E DESTACA 0 \\u201cGRANDE POTENCIAL TUR\\u00cdSTICO DA CIDADE\\u201d - Revista Vitrine Online\",\"isPartOf\":{\"@id\":\"https:\/\/revistavitrineibiuna.com.br\/#website\"},\"primaryImageOfPage\":{\"@id\":\"http:\/\/revistavitrineibiuna.com.br\/?p=3034#primaryimage\"},\"datePublished\":\"2013-11-13T20:55:05+00:00\",\"dateModified\":\"2013-11-20T15:35:11+00:00\",\"breadcrumb\":{\"@id\":\"http:\/\/revistavitrineibiuna.com.br\/?p=3034#breadcrumb\"},\"inLanguage\":\"pt-BR\",\"potentialAction\":[{\"@type\":\"ReadAction\",\"target\":[\"http:\/\/revistavitrineibiuna.com.br\/?p=3034\"]}]},{\"@type\":\"BreadcrumbList\",\"@id\":\"http:\/\/revistavitrineibiuna.com.br\/?p=3034#breadcrumb\",\"itemListElement\":[{\"@type\":\"ListItem\",\"position\":1,\"item\":{\"@type\":\"WebPage\",\"@id\":\"https:\/\/revistavitrineibiuna.com.br\/\",\"url\":\"https:\/\/revistavitrineibiuna.com.br\/\",\"name\":\"In\\u00edcio\"}},{\"@type\":\"ListItem\",\"position\":2,\"item\":{\"@type\":\"WebPage\",\"@id\":\"http:\/\/revistavitrineibiuna.com.br\/?p=3034\",\"url\":\"http:\/\/revistavitrineibiuna.com.br\/?p=3034\",\"name\":\"RATINHO VISITA IBI\\u00daNA E DESTACA 0 \\u201cGRANDE POTENCIAL TUR\\u00cdSTICO DA CIDADE\\u201d\"}}]},{\"@type\":\"Article\",\"@id\":\"http:\/\/revistavitrineibiuna.com.br\/?p=3034#article\",\"isPartOf\":{\"@id\":\"http:\/\/revistavitrineibiuna.com.br\/?p=3034#webpage\"},\"author\":{\"@id\":\"https:\/\/revistavitrineibiuna.com.br\/#\/schema\/person\/e51ef49d6d88170ea21ceabff3f73deb\"},\"headline\":\"RATINHO VISITA IBI\\u00daNA E DESTACA 0 \\u201cGRANDE POTENCIAL TUR\\u00cdSTICO DA CIDADE\\u201d\",\"datePublished\":\"2013-11-13T20:55:05+00:00\",\"dateModified\":\"2013-11-20T15:35:11+00:00\",\"mainEntityOfPage\":{\"@id\":\"http:\/\/revistavitrineibiuna.com.br\/?p=3034#webpage\"},\"publisher\":{\"@id\":\"https:\/\/revistavitrineibiuna.com.br\/#\/schema\/person\/e51ef49d6d88170ea21ceabff3f73deb\"},\"image\":{\"@id\":\"http:\/\/revistavitrineibiuna.com.br\/?p=3034#primaryimage\"},\"articleSection\":\"Cidade,Cultura,Turismo\",\"inLanguage\":\"pt-BR\"},{\"@type\":[\"Person\",\"Organization\"],\"@id\":\"https:\/\/revistavitrineibiuna.com.br\/#\/schema\/person\/e51ef49d6d88170ea21ceabff3f73deb\",\"name\":\"Carlos Rossini\",\"image\":{\"@type\":\"ImageObject\",\"@id\":\"https:\/\/revistavitrineibiuna.com.br\/#personlogo\",\"inLanguage\":\"pt-BR\",\"url\":\"https:\/\/secure.gravatar.com\/avatar\/4f2d0f99fac1f85c7d643f21f5c8d900?s=96&d=mm&r=g\",\"caption\":\"Carlos Rossini\"},\"logo\":{\"@id\":\"https:\/\/revistavitrineibiuna.com.br\/#personlogo\"},\"description\":\"Carlos Rossini \\u00e9 jornalista, soci\\u00f3logo, escritor e professor universit\\u00e1rio, tendo sido professor de jornalismo por vinte anos. Trabalhou em ve\\u00edculos de comunica\\u00e7\\u00e3o nas fun\\u00e7\\u00f5es de rep\\u00f3rter, redator, editor, articulista e colaborador, como Folha de S. Paulo, O Estado de S. Paulo, Di\\u00e1rio Popular, entre outros. Ao transferir a revista vitrine, vers\\u00e3o imprensa, de S\\u00e3o Paulo para Ibi\\u00fana h\\u00e1 alguns anos, iniciou uma nova experi\\u00eancia profissional, dedicando-se ao jornalismo regional, depois de cumprir uma trajet\\u00f3ria bem-sucedida na grande imprensa brasileira. Seu primeiro livro A Coragem de Comunicar foi lan\\u00e7ado na Bienal do Livro em S\\u00e3o Paulo no ano 2000, pela editora Madras.\"}]}<\/script>\n<!-- \/ Yoast SEO plugin. -->","_links":{"self":[{"href":"https:\/\/revistavitrineibiuna.com.br\/index.php?rest_route=\/wp\/v2\/posts\/3034"}],"collection":[{"href":"https:\/\/revistavitrineibiuna.com.br\/index.php?rest_route=\/wp\/v2\/posts"}],"about":[{"href":"https:\/\/revistavitrineibiuna.com.br\/index.php?rest_route=\/wp\/v2\/types\/post"}],"author":[{"embeddable":true,"href":"https:\/\/revistavitrineibiuna.com.br\/index.php?rest_route=\/wp\/v2\/users\/1"}],"replies":[{"embeddable":true,"href":"https:\/\/revistavitrineibiuna.com.br\/index.php?rest_route=%2Fwp%2Fv2%2Fcomments&post=3034"}],"version-history":[{"count":9,"href":"https:\/\/revistavitrineibiuna.com.br\/index.php?rest_route=\/wp\/v2\/posts\/3034\/revisions"}],"predecessor-version":[{"id":3049,"href":"https:\/\/revistavitrineibiuna.com.br\/index.php?rest_route=\/wp\/v2\/posts\/3034\/revisions\/3049"}],"wp:featuredmedia":[{"embeddable":true,"href":"https:\/\/revistavitrineibiuna.com.br\/index.php?rest_route=\/wp\/v2\/media\/3035"}],"wp:attachment":[{"href":"https:\/\/revistavitrineibiuna.com.br\/index.php?rest_route=%2Fwp%2Fv2%2Fmedia&parent=3034"}],"wp:term":[{"taxonomy":"category","embeddable":true,"href":"https:\/\/revistavitrineibiuna.com.br\/index.php?rest_route=%2Fwp%2Fv2%2Fcategories&post=3034"},{"taxonomy":"post_tag","embeddable":true,"href":"https:\/\/revistavitrineibiuna.com.br\/index.php?rest_route=%2Fwp%2Fv2%2Ftags&post=3034"}],"curies":[{"name":"wp","href":"https:\/\/api.w.org\/{rel}","templated":true}]}}