{"id":30341,"date":"2023-12-23T20:17:16","date_gmt":"2023-12-23T23:17:16","guid":{"rendered":"http:\/\/revistavitrineibiuna.com.br\/?p=30341"},"modified":"2023-12-26T02:34:05","modified_gmt":"2023-12-26T05:34:05","slug":"tvuna-no-ultimo-ano-de-mandato-como-foi-a-atuacao-governo-de-ibiuna","status":"publish","type":"post","link":"https:\/\/revistavitrineibiuna.com.br\/?p=30341","title":{"rendered":"TVUNA \u2013 NO \u00daLTIMO ANO DE MANDATO, COMO FOI A ATUA\u00c7\u00c3O DO GOVERNO DE IBI\u00daNA?"},"content":{"rendered":"\n<p class=\"has-drop-cap\"><strong>A TVUNA foi inaugurada no dia 26 de abril 2023 com uma tr\u00edade de entrevistados formada pela professora e diretora de escola Naiane Pereira Leite; engenheiro civil Marcelo Zambardino, presidente do Conseg-Ibi\u00fana; e advogado Renan Godinho.<\/strong><\/p>\n\n\n\n<p><strong>O tema da entrevista foi \u201cNossa Cidade: Problemas e Solu\u00e7\u00f5es\u201d, referindo-se ao munic\u00edpio de Ibi\u00fana. De alguma forma, eles passaram a limpo os pr\u00f3s e contras da atual administra\u00e7\u00e3o municipal, h\u00e1 oito meses.<\/strong> <\/p>\n\n\n\n<p><strong>Nesta quarta-feira (27), na TVUNA, ao vivo, \u00e0s 20h, com transmiss\u00e3o direta pelo Youtube, Facebook e Instagram, eles estar\u00e3o de volta ao programa para apresentar aos telespectadores, sobretudo ibiunenses, uma an\u00e1lise do desempenho do Executivo que ingressa no seu \u00faltimo ano de mandato.<\/strong><\/p>\n\n\n\n<p><strong>Eles ir\u00e3o fazer coment\u00e1rios em torno da seguinte perspectiva: tr\u00eas anos depois do in\u00edcio do mandato do atual governo de Ibi\u00fana, o que melhorou?,  o que permaneceu igual: o que piorou?<\/strong><\/p>\n\n\n\n<figure class=\"wp-block-image size-large\"><img loading=\"lazy\" width=\"1024\" height=\"553\" src=\"https:\/\/revistavitrineibiuna.com.br\/wp-content\/uploads\/2023\/12\/518bcfcc-600b-4169-a9f1-1e0b79a99985-1024x553.jpg\" alt=\"\" class=\"wp-image-30346\" srcset=\"https:\/\/revistavitrineibiuna.com.br\/wp-content\/uploads\/2023\/12\/518bcfcc-600b-4169-a9f1-1e0b79a99985-1024x553.jpg 1024w, https:\/\/revistavitrineibiuna.com.br\/wp-content\/uploads\/2023\/12\/518bcfcc-600b-4169-a9f1-1e0b79a99985-300x162.jpg 300w, https:\/\/revistavitrineibiuna.com.br\/wp-content\/uploads\/2023\/12\/518bcfcc-600b-4169-a9f1-1e0b79a99985-768x414.jpg 768w, https:\/\/revistavitrineibiuna.com.br\/wp-content\/uploads\/2023\/12\/518bcfcc-600b-4169-a9f1-1e0b79a99985.jpg 1238w\" sizes=\"(max-width: 1024px) 100vw, 1024px\" \/><figcaption>Renan Godinho, Naiane Pereira Leite e Marcelo Zambardino<\/figcaption><\/figure>\n\n\n\n<p><strong>E voc\u00ea, cidad\u00e3o, poder\u00e1 interagir diretamente com o programa pelo chat do canal da TVUNA. Inscreva-se a tempo: <a href=\"mailto:youtube.com\/@tv-una\">youtube.com\/@tv-una<\/a>.<\/strong><\/p>\n\n\n\n<p><strong>Lembramos que tanto o prefeito como os secret\u00e1rios que comp\u00f5em o Executivo j\u00e1 foram convidados para entrevistas na TVUNA, mas, at\u00e9 o momento, nenhum deles deu retorno.<\/strong><\/p>\n\n\n\n<p><strong>De qualquer forma, no saud\u00e1vel exerc\u00edcio do jornalismo profissional pluralista e independente, poder\u00e3o se manifestar a qualquer tempo, a fim de que possamos pautar entrevistas e conhecer seus argumentos e pontos de vista.<\/strong><\/p>\n\n\n\n<p><strong>O programa n\u00e3o tem qualquer prop\u00f3sito de promover cr\u00edticas negativas ao prefeito e seus auxiliares, e sim servir \u00e0 popula\u00e7\u00e3o com informa\u00e7\u00f5es necess\u00e1rias para que possa exercer a cidadania bem-informada, o que, \u00e9 oportuno dizer, n\u00e3o vem acontecendo no \u00e2mbito oficial.<\/strong><\/p>\n","protected":false},"excerpt":{"rendered":"<p>A TVUNA foi inaugurada no dia 26 de abril 2023 com uma tr\u00edade de entrevistados formada pela professora e diretora<\/p>\n","protected":false},"author":1,"featured_media":30343,"comment_status":"open","ping_status":"open","sticky":false,"template":"","format":"standard","meta":[],"categories":[3],"tags":[],"yoast_head":"<!-- This site is optimized with the Yoast SEO plugin v15.8 - https:\/\/yoast.com\/wordpress\/plugins\/seo\/ -->\n<title>TVUNA \u2013 NO \u00daLTIMO ANO DE MANDATO, COMO FOI A ATUA\u00c7\u00c3O DO GOVERNO DE IBI\u00daNA? - Revista Vitrine Online<\/title>\n<meta name=\"robots\" content=\"index, follow, max-snippet:-1, max-image-preview:large, max-video-preview:-1\" \/>\n<link rel=\"canonical\" href=\"http:\/\/revistavitrineibiuna.com.br\/?p=30341\" \/>\n<meta property=\"og:locale\" content=\"pt_BR\" \/>\n<meta property=\"og:type\" content=\"article\" \/>\n<meta property=\"og:title\" content=\"TVUNA \u2013 NO \u00daLTIMO ANO DE MANDATO, COMO FOI A ATUA\u00c7\u00c3O DO GOVERNO DE IBI\u00daNA? - Revista Vitrine Online\" \/>\n<meta property=\"og:description\" content=\"A TVUNA foi inaugurada no dia 26 de abril 2023 com uma tr\u00edade de entrevistados formada pela professora e diretora\" \/>\n<meta property=\"og:url\" content=\"http:\/\/revistavitrineibiuna.com.br\/?p=30341\" \/>\n<meta property=\"og:site_name\" content=\"Revista Vitrine Online\" \/>\n<meta property=\"article:published_time\" content=\"2023-12-23T23:17:16+00:00\" \/>\n<meta property=\"article:modified_time\" content=\"2023-12-26T05:34:05+00:00\" \/>\n<meta property=\"og:image\" content=\"https:\/\/revistavitrineibiuna.com.br\/wp-content\/uploads\/2023\/12\/foto-dos-tres-bello-sasaki-e-alexadre-Bello.png\" \/>\n\t<meta property=\"og:image:width\" content=\"507\" \/>\n\t<meta property=\"og:image:height\" content=\"259\" \/>\n<meta name=\"twitter:card\" content=\"summary\" \/>\n<meta name=\"twitter:label1\" content=\"Est. reading time\">\n\t<meta name=\"twitter:data1\" content=\"2 minutos\">\n<script type=\"application\/ld+json\" class=\"yoast-schema-graph\">{\"@context\":\"https:\/\/schema.org\",\"@graph\":[{\"@type\":\"WebSite\",\"@id\":\"https:\/\/revistavitrineibiuna.com.br\/#website\",\"url\":\"https:\/\/revistavitrineibiuna.com.br\/\",\"name\":\"Revista Vitrine Ibi\\u00fana\",\"description\":\"A Revista de Ibi\\u00fana e Regi\\u00e3o\",\"publisher\":{\"@id\":\"https:\/\/revistavitrineibiuna.com.br\/#\/schema\/person\/e51ef49d6d88170ea21ceabff3f73deb\"},\"potentialAction\":[{\"@type\":\"SearchAction\",\"target\":\"https:\/\/revistavitrineibiuna.com.br\/?s={search_term_string}\",\"query-input\":\"required name=search_term_string\"}],\"inLanguage\":\"pt-BR\"},{\"@type\":\"ImageObject\",\"@id\":\"http:\/\/revistavitrineibiuna.com.br\/?p=30341#primaryimage\",\"inLanguage\":\"pt-BR\",\"url\":\"https:\/\/revistavitrineibiuna.com.br\/wp-content\/uploads\/2023\/12\/foto-dos-tres-bello-sasaki-e-alexadre-Bello.png\",\"width\":507,\"height\":259},{\"@type\":\"WebPage\",\"@id\":\"http:\/\/revistavitrineibiuna.com.br\/?p=30341#webpage\",\"url\":\"http:\/\/revistavitrineibiuna.com.br\/?p=30341\",\"name\":\"TVUNA \\u2013 NO \\u00daLTIMO ANO DE MANDATO, COMO FOI A ATUA\\u00c7\\u00c3O DO GOVERNO DE IBI\\u00daNA? - Revista Vitrine Online\",\"isPartOf\":{\"@id\":\"https:\/\/revistavitrineibiuna.com.br\/#website\"},\"primaryImageOfPage\":{\"@id\":\"http:\/\/revistavitrineibiuna.com.br\/?p=30341#primaryimage\"},\"datePublished\":\"2023-12-23T23:17:16+00:00\",\"dateModified\":\"2023-12-26T05:34:05+00:00\",\"breadcrumb\":{\"@id\":\"http:\/\/revistavitrineibiuna.com.br\/?p=30341#breadcrumb\"},\"inLanguage\":\"pt-BR\",\"potentialAction\":[{\"@type\":\"ReadAction\",\"target\":[\"http:\/\/revistavitrineibiuna.com.br\/?p=30341\"]}]},{\"@type\":\"BreadcrumbList\",\"@id\":\"http:\/\/revistavitrineibiuna.com.br\/?p=30341#breadcrumb\",\"itemListElement\":[{\"@type\":\"ListItem\",\"position\":1,\"item\":{\"@type\":\"WebPage\",\"@id\":\"https:\/\/revistavitrineibiuna.com.br\/\",\"url\":\"https:\/\/revistavitrineibiuna.com.br\/\",\"name\":\"In\\u00edcio\"}},{\"@type\":\"ListItem\",\"position\":2,\"item\":{\"@type\":\"WebPage\",\"@id\":\"http:\/\/revistavitrineibiuna.com.br\/?p=30341\",\"url\":\"http:\/\/revistavitrineibiuna.com.br\/?p=30341\",\"name\":\"TVUNA \\u2013 NO \\u00daLTIMO ANO DE MANDATO, COMO FOI A ATUA\\u00c7\\u00c3O DO GOVERNO DE IBI\\u00daNA?\"}}]},{\"@type\":\"Article\",\"@id\":\"http:\/\/revistavitrineibiuna.com.br\/?p=30341#article\",\"isPartOf\":{\"@id\":\"http:\/\/revistavitrineibiuna.com.br\/?p=30341#webpage\"},\"author\":{\"@id\":\"https:\/\/revistavitrineibiuna.com.br\/#\/schema\/person\/e51ef49d6d88170ea21ceabff3f73deb\"},\"headline\":\"TVUNA \\u2013 NO \\u00daLTIMO ANO DE MANDATO, COMO FOI A ATUA\\u00c7\\u00c3O DO GOVERNO DE IBI\\u00daNA?\",\"datePublished\":\"2023-12-23T23:17:16+00:00\",\"dateModified\":\"2023-12-26T05:34:05+00:00\",\"mainEntityOfPage\":{\"@id\":\"http:\/\/revistavitrineibiuna.com.br\/?p=30341#webpage\"},\"commentCount\":0,\"publisher\":{\"@id\":\"https:\/\/revistavitrineibiuna.com.br\/#\/schema\/person\/e51ef49d6d88170ea21ceabff3f73deb\"},\"image\":{\"@id\":\"http:\/\/revistavitrineibiuna.com.br\/?p=30341#primaryimage\"},\"articleSection\":\"Not\\u00edcias\",\"inLanguage\":\"pt-BR\",\"potentialAction\":[{\"@type\":\"CommentAction\",\"name\":\"Comment\",\"target\":[\"http:\/\/revistavitrineibiuna.com.br\/?p=30341#respond\"]}]},{\"@type\":[\"Person\",\"Organization\"],\"@id\":\"https:\/\/revistavitrineibiuna.com.br\/#\/schema\/person\/e51ef49d6d88170ea21ceabff3f73deb\",\"name\":\"Carlos Rossini\",\"image\":{\"@type\":\"ImageObject\",\"@id\":\"https:\/\/revistavitrineibiuna.com.br\/#personlogo\",\"inLanguage\":\"pt-BR\",\"url\":\"https:\/\/secure.gravatar.com\/avatar\/4f2d0f99fac1f85c7d643f21f5c8d900?s=96&d=mm&r=g\",\"caption\":\"Carlos Rossini\"},\"logo\":{\"@id\":\"https:\/\/revistavitrineibiuna.com.br\/#personlogo\"},\"description\":\"Carlos Rossini \\u00e9 jornalista, soci\\u00f3logo, escritor e professor universit\\u00e1rio, tendo sido professor de jornalismo por vinte anos. Trabalhou em ve\\u00edculos de comunica\\u00e7\\u00e3o nas fun\\u00e7\\u00f5es de rep\\u00f3rter, redator, editor, articulista e colaborador, como Folha de S. Paulo, O Estado de S. Paulo, Di\\u00e1rio Popular, entre outros. Ao transferir a revista vitrine, vers\\u00e3o imprensa, de S\\u00e3o Paulo para Ibi\\u00fana h\\u00e1 alguns anos, iniciou uma nova experi\\u00eancia profissional, dedicando-se ao jornalismo regional, depois de cumprir uma trajet\\u00f3ria bem-sucedida na grande imprensa brasileira. Seu primeiro livro A Coragem de Comunicar foi lan\\u00e7ado na Bienal do Livro em S\\u00e3o Paulo no ano 2000, pela editora Madras.\"}]}<\/script>\n<!-- \/ Yoast SEO plugin. -->","_links":{"self":[{"href":"https:\/\/revistavitrineibiuna.com.br\/index.php?rest_route=\/wp\/v2\/posts\/30341"}],"collection":[{"href":"https:\/\/revistavitrineibiuna.com.br\/index.php?rest_route=\/wp\/v2\/posts"}],"about":[{"href":"https:\/\/revistavitrineibiuna.com.br\/index.php?rest_route=\/wp\/v2\/types\/post"}],"author":[{"embeddable":true,"href":"https:\/\/revistavitrineibiuna.com.br\/index.php?rest_route=\/wp\/v2\/users\/1"}],"replies":[{"embeddable":true,"href":"https:\/\/revistavitrineibiuna.com.br\/index.php?rest_route=%2Fwp%2Fv2%2Fcomments&post=30341"}],"version-history":[{"count":16,"href":"https:\/\/revistavitrineibiuna.com.br\/index.php?rest_route=\/wp\/v2\/posts\/30341\/revisions"}],"predecessor-version":[{"id":30369,"href":"https:\/\/revistavitrineibiuna.com.br\/index.php?rest_route=\/wp\/v2\/posts\/30341\/revisions\/30369"}],"wp:featuredmedia":[{"embeddable":true,"href":"https:\/\/revistavitrineibiuna.com.br\/index.php?rest_route=\/wp\/v2\/media\/30343"}],"wp:attachment":[{"href":"https:\/\/revistavitrineibiuna.com.br\/index.php?rest_route=%2Fwp%2Fv2%2Fmedia&parent=30341"}],"wp:term":[{"taxonomy":"category","embeddable":true,"href":"https:\/\/revistavitrineibiuna.com.br\/index.php?rest_route=%2Fwp%2Fv2%2Fcategories&post=30341"},{"taxonomy":"post_tag","embeddable":true,"href":"https:\/\/revistavitrineibiuna.com.br\/index.php?rest_route=%2Fwp%2Fv2%2Ftags&post=30341"}],"curies":[{"name":"wp","href":"https:\/\/api.w.org\/{rel}","templated":true}]}}