{"id":30371,"date":"2023-12-26T09:35:44","date_gmt":"2023-12-26T12:35:44","guid":{"rendered":"http:\/\/revistavitrineibiuna.com.br\/?p=30371"},"modified":"2023-12-26T09:57:56","modified_gmt":"2023-12-26T12:57:56","slug":"ibiuna-sabesp-informa-sobre-falta-de-agua-no-centro-e-em-18-bairros","status":"publish","type":"post","link":"https:\/\/revistavitrineibiuna.com.br\/?p=30371","title":{"rendered":"IBI\u00daNA &#8211; SABESP INFORMA SOBRE FALTA DE \u00c1GUA NO CENTRO E EM 18 BAIRROS"},"content":{"rendered":"\n<p class=\"has-drop-cap\"><strong>A Sabesp \u2013 Companhia de Saneamento B\u00e1sico do Estado de S\u00e3o Paulo, a pedido da revista vitrine online, encaminhou nota sobre a falta de \u00e1gua que est\u00e1 ocorrendo no centro da cidade e em 18 bairros do munic\u00edpio de Ibi\u00fana.<\/strong><\/p>\n\n\n\n<p><strong>O comunicado informa que h\u00e1 intermit\u00eancia (interrup\u00e7\u00f5es) no abastecimento devido a uma interven\u00e7\u00e3o realizada no s\u00e1bado (23) para a entrada em opera\u00e7\u00e3o de uma nova esta\u00e7\u00e3o de tratamento de \u00e1gua, apesar de as reclama\u00e7\u00f5es desse problema j\u00e1 terem ocorrido diversas vezes antes dessa data, na verdade at\u00e9 mesmo meses atr\u00e1s.<\/strong><\/p>\n\n\n\n<p><strong>Outra queixa de alguns moradores \u00e9 que al\u00e9m do abastecimento ser prec\u00e1rio, muitas vezes a \u00e1gua que sai das torneiras tem uma apar\u00eancia leitosa.<\/strong><\/p>\n\n\n\n<p><strong>O QUE FAZER EM CASO DE EMERG\u00caNCIA<\/strong><\/p>\n\n\n\n<p><strong>Eis, na \u00edntegra, a resposta da Sabesp:<\/strong><\/p>\n\n\n\n<p><strong>\u201cA Sabesp informa que devido a uma interven\u00e7\u00e3o realizada no s\u00e1bado (23), para a entrada em opera\u00e7\u00e3o de uma nova Esta\u00e7\u00e3o de Tratamento de \u00c1gua, h\u00e1 intermit\u00eancia no abastecimento de alguns bairros em Ibi\u00fana.<\/strong><strong><\/strong><\/p>\n\n\n\n<p><strong>A Companhia est\u00e1 realizando manobras operacionais para enviar mais \u00e1gua para as regi\u00f5es dos bairros: Paiol Pequeno, Parque do Paiol Pequeno, Vista Linda, Residencial Ibi\u00fana, Gemima, CDHU Gemima, Campo Verde, Figueira, Ressaca, Aldeia Nova, Paruru, Mirante da Pedra Grande, ACQUA, Recreio do Campo Verde, Cachoeira, Vargem do Salto, Saltinho, Cachoeira, Centro.<\/strong><strong><\/strong><\/p>\n\n\n\n<p><strong>A Companhia lamenta os transtornos e destaca a import\u00e2ncia do uso consciente da \u00e1gua por toda a popula\u00e7\u00e3o, especialmente nesta \u00e9poca de temperaturas elevadas. \u00c9 recomend\u00e1vel que os clientes priorizem o uso da \u00e1gua das caixas d\u2019\u00e1gua para higiene e alimenta\u00e7\u00e3o.<\/strong><strong><\/strong><\/p>\n\n\n\n<p><strong>Os im\u00f3veis residenciais que possuem caixa d\u2019\u00e1gua com reserva\u00e7\u00e3o, para no m\u00ednimo 24 horas de consumo, como determina o Decreto Estadual 12.342\/78 devem sentir menos os efeitos no abastecimento. Os casos de emerg\u00eancia podem ser comunicados pelo telefone 0800 055 0195.\u201d<\/strong><strong><\/strong><\/p>\n","protected":false},"excerpt":{"rendered":"<p>A Sabesp \u2013 Companhia de Saneamento B\u00e1sico do Estado de S\u00e3o Paulo, a pedido da revista vitrine online, encaminhou nota<\/p>\n","protected":false},"author":1,"featured_media":30372,"comment_status":"open","ping_status":"open","sticky":false,"template":"","format":"standard","meta":[],"categories":[3],"tags":[],"yoast_head":"<!-- This site is optimized with the Yoast SEO plugin v15.8 - https:\/\/yoast.com\/wordpress\/plugins\/seo\/ -->\n<title>IBI\u00daNA - SABESP INFORMA SOBRE FALTA DE \u00c1GUA NO CENTRO E EM 18 BAIRROS - Revista Vitrine Online<\/title>\n<meta name=\"robots\" content=\"index, follow, max-snippet:-1, max-image-preview:large, max-video-preview:-1\" \/>\n<link rel=\"canonical\" href=\"http:\/\/revistavitrineibiuna.com.br\/?p=30371\" \/>\n<meta property=\"og:locale\" content=\"pt_BR\" \/>\n<meta property=\"og:type\" content=\"article\" \/>\n<meta property=\"og:title\" content=\"IBI\u00daNA - SABESP INFORMA SOBRE FALTA DE \u00c1GUA NO CENTRO E EM 18 BAIRROS - Revista Vitrine Online\" \/>\n<meta property=\"og:description\" content=\"A Sabesp \u2013 Companhia de Saneamento B\u00e1sico do Estado de S\u00e3o Paulo, a pedido da revista vitrine online, encaminhou nota\" \/>\n<meta property=\"og:url\" content=\"http:\/\/revistavitrineibiuna.com.br\/?p=30371\" \/>\n<meta property=\"og:site_name\" content=\"Revista Vitrine Online\" \/>\n<meta property=\"article:published_time\" content=\"2023-12-26T12:35:44+00:00\" \/>\n<meta property=\"article:modified_time\" content=\"2023-12-26T12:57:56+00:00\" \/>\n<meta property=\"og:image\" content=\"https:\/\/revistavitrineibiuna.com.br\/wp-content\/uploads\/2023\/12\/comunicado-da-sabesp-falta-de-agua-25.12.2023.png\" \/>\n\t<meta property=\"og:image:width\" content=\"620\" \/>\n\t<meta property=\"og:image:height\" content=\"350\" \/>\n<meta name=\"twitter:card\" content=\"summary\" \/>\n<meta name=\"twitter:label1\" content=\"Est. reading time\">\n\t<meta name=\"twitter:data1\" content=\"2 minutos\">\n<script type=\"application\/ld+json\" class=\"yoast-schema-graph\">{\"@context\":\"https:\/\/schema.org\",\"@graph\":[{\"@type\":\"WebSite\",\"@id\":\"https:\/\/revistavitrineibiuna.com.br\/#website\",\"url\":\"https:\/\/revistavitrineibiuna.com.br\/\",\"name\":\"Revista Vitrine Ibi\\u00fana\",\"description\":\"A Revista de Ibi\\u00fana e Regi\\u00e3o\",\"publisher\":{\"@id\":\"https:\/\/revistavitrineibiuna.com.br\/#\/schema\/person\/e51ef49d6d88170ea21ceabff3f73deb\"},\"potentialAction\":[{\"@type\":\"SearchAction\",\"target\":\"https:\/\/revistavitrineibiuna.com.br\/?s={search_term_string}\",\"query-input\":\"required name=search_term_string\"}],\"inLanguage\":\"pt-BR\"},{\"@type\":\"ImageObject\",\"@id\":\"http:\/\/revistavitrineibiuna.com.br\/?p=30371#primaryimage\",\"inLanguage\":\"pt-BR\",\"url\":\"https:\/\/revistavitrineibiuna.com.br\/wp-content\/uploads\/2023\/12\/comunicado-da-sabesp-falta-de-agua-25.12.2023.png\",\"width\":620,\"height\":350},{\"@type\":\"WebPage\",\"@id\":\"http:\/\/revistavitrineibiuna.com.br\/?p=30371#webpage\",\"url\":\"http:\/\/revistavitrineibiuna.com.br\/?p=30371\",\"name\":\"IBI\\u00daNA - SABESP INFORMA SOBRE FALTA DE \\u00c1GUA NO CENTRO E EM 18 BAIRROS - Revista Vitrine Online\",\"isPartOf\":{\"@id\":\"https:\/\/revistavitrineibiuna.com.br\/#website\"},\"primaryImageOfPage\":{\"@id\":\"http:\/\/revistavitrineibiuna.com.br\/?p=30371#primaryimage\"},\"datePublished\":\"2023-12-26T12:35:44+00:00\",\"dateModified\":\"2023-12-26T12:57:56+00:00\",\"breadcrumb\":{\"@id\":\"http:\/\/revistavitrineibiuna.com.br\/?p=30371#breadcrumb\"},\"inLanguage\":\"pt-BR\",\"potentialAction\":[{\"@type\":\"ReadAction\",\"target\":[\"http:\/\/revistavitrineibiuna.com.br\/?p=30371\"]}]},{\"@type\":\"BreadcrumbList\",\"@id\":\"http:\/\/revistavitrineibiuna.com.br\/?p=30371#breadcrumb\",\"itemListElement\":[{\"@type\":\"ListItem\",\"position\":1,\"item\":{\"@type\":\"WebPage\",\"@id\":\"https:\/\/revistavitrineibiuna.com.br\/\",\"url\":\"https:\/\/revistavitrineibiuna.com.br\/\",\"name\":\"In\\u00edcio\"}},{\"@type\":\"ListItem\",\"position\":2,\"item\":{\"@type\":\"WebPage\",\"@id\":\"http:\/\/revistavitrineibiuna.com.br\/?p=30371\",\"url\":\"http:\/\/revistavitrineibiuna.com.br\/?p=30371\",\"name\":\"IBI\\u00daNA &#8211; SABESP INFORMA SOBRE FALTA DE \\u00c1GUA NO CENTRO E EM 18 BAIRROS\"}}]},{\"@type\":\"Article\",\"@id\":\"http:\/\/revistavitrineibiuna.com.br\/?p=30371#article\",\"isPartOf\":{\"@id\":\"http:\/\/revistavitrineibiuna.com.br\/?p=30371#webpage\"},\"author\":{\"@id\":\"https:\/\/revistavitrineibiuna.com.br\/#\/schema\/person\/e51ef49d6d88170ea21ceabff3f73deb\"},\"headline\":\"IBI\\u00daNA &#8211; SABESP INFORMA SOBRE FALTA DE \\u00c1GUA NO CENTRO E EM 18 BAIRROS\",\"datePublished\":\"2023-12-26T12:35:44+00:00\",\"dateModified\":\"2023-12-26T12:57:56+00:00\",\"mainEntityOfPage\":{\"@id\":\"http:\/\/revistavitrineibiuna.com.br\/?p=30371#webpage\"},\"commentCount\":0,\"publisher\":{\"@id\":\"https:\/\/revistavitrineibiuna.com.br\/#\/schema\/person\/e51ef49d6d88170ea21ceabff3f73deb\"},\"image\":{\"@id\":\"http:\/\/revistavitrineibiuna.com.br\/?p=30371#primaryimage\"},\"articleSection\":\"Not\\u00edcias\",\"inLanguage\":\"pt-BR\",\"potentialAction\":[{\"@type\":\"CommentAction\",\"name\":\"Comment\",\"target\":[\"http:\/\/revistavitrineibiuna.com.br\/?p=30371#respond\"]}]},{\"@type\":[\"Person\",\"Organization\"],\"@id\":\"https:\/\/revistavitrineibiuna.com.br\/#\/schema\/person\/e51ef49d6d88170ea21ceabff3f73deb\",\"name\":\"Carlos Rossini\",\"image\":{\"@type\":\"ImageObject\",\"@id\":\"https:\/\/revistavitrineibiuna.com.br\/#personlogo\",\"inLanguage\":\"pt-BR\",\"url\":\"https:\/\/secure.gravatar.com\/avatar\/4f2d0f99fac1f85c7d643f21f5c8d900?s=96&d=mm&r=g\",\"caption\":\"Carlos Rossini\"},\"logo\":{\"@id\":\"https:\/\/revistavitrineibiuna.com.br\/#personlogo\"},\"description\":\"Carlos Rossini \\u00e9 jornalista, soci\\u00f3logo, escritor e professor universit\\u00e1rio, tendo sido professor de jornalismo por vinte anos. Trabalhou em ve\\u00edculos de comunica\\u00e7\\u00e3o nas fun\\u00e7\\u00f5es de rep\\u00f3rter, redator, editor, articulista e colaborador, como Folha de S. Paulo, O Estado de S. Paulo, Di\\u00e1rio Popular, entre outros. Ao transferir a revista vitrine, vers\\u00e3o imprensa, de S\\u00e3o Paulo para Ibi\\u00fana h\\u00e1 alguns anos, iniciou uma nova experi\\u00eancia profissional, dedicando-se ao jornalismo regional, depois de cumprir uma trajet\\u00f3ria bem-sucedida na grande imprensa brasileira. Seu primeiro livro A Coragem de Comunicar foi lan\\u00e7ado na Bienal do Livro em S\\u00e3o Paulo no ano 2000, pela editora Madras.\"}]}<\/script>\n<!-- \/ Yoast SEO plugin. -->","_links":{"self":[{"href":"https:\/\/revistavitrineibiuna.com.br\/index.php?rest_route=\/wp\/v2\/posts\/30371"}],"collection":[{"href":"https:\/\/revistavitrineibiuna.com.br\/index.php?rest_route=\/wp\/v2\/posts"}],"about":[{"href":"https:\/\/revistavitrineibiuna.com.br\/index.php?rest_route=\/wp\/v2\/types\/post"}],"author":[{"embeddable":true,"href":"https:\/\/revistavitrineibiuna.com.br\/index.php?rest_route=\/wp\/v2\/users\/1"}],"replies":[{"embeddable":true,"href":"https:\/\/revistavitrineibiuna.com.br\/index.php?rest_route=%2Fwp%2Fv2%2Fcomments&post=30371"}],"version-history":[{"count":3,"href":"https:\/\/revistavitrineibiuna.com.br\/index.php?rest_route=\/wp\/v2\/posts\/30371\/revisions"}],"predecessor-version":[{"id":30375,"href":"https:\/\/revistavitrineibiuna.com.br\/index.php?rest_route=\/wp\/v2\/posts\/30371\/revisions\/30375"}],"wp:featuredmedia":[{"embeddable":true,"href":"https:\/\/revistavitrineibiuna.com.br\/index.php?rest_route=\/wp\/v2\/media\/30372"}],"wp:attachment":[{"href":"https:\/\/revistavitrineibiuna.com.br\/index.php?rest_route=%2Fwp%2Fv2%2Fmedia&parent=30371"}],"wp:term":[{"taxonomy":"category","embeddable":true,"href":"https:\/\/revistavitrineibiuna.com.br\/index.php?rest_route=%2Fwp%2Fv2%2Fcategories&post=30371"},{"taxonomy":"post_tag","embeddable":true,"href":"https:\/\/revistavitrineibiuna.com.br\/index.php?rest_route=%2Fwp%2Fv2%2Ftags&post=30371"}],"curies":[{"name":"wp","href":"https:\/\/api.w.org\/{rel}","templated":true}]}}