{"id":30376,"date":"2023-12-28T21:13:02","date_gmt":"2023-12-29T00:13:02","guid":{"rendered":"http:\/\/revistavitrineibiuna.com.br\/?p=30376"},"modified":"2023-12-28T22:27:59","modified_gmt":"2023-12-29T01:27:59","slug":"prefeito-e-vereadores-de-ibiuna-ganham-os-maiores-salarios-da-regiao","status":"publish","type":"post","link":"https:\/\/revistavitrineibiuna.com.br\/?p=30376","title":{"rendered":"PREFEITO E VEREADORES DE IBI\u00daNA GANHAM OS MAIORES SAL\u00c1RIOS DA REGI\u00c3O"},"content":{"rendered":"\n<p class=\"has-drop-cap\"><strong>Essa constata\u00e7\u00e3o foi revelada ontem (27) pelo engenheiro Marcelo Zambardino, um dos participantes do programa da &nbsp;TVUNA [se voc\u00ea n\u00e3o viu ao vivo, pode entrar no Youtube, clicar na lupinha e abrir TVUNA para assistir a qualquer momento].<\/strong><\/p>\n\n\n\n<p><strong>Zambardino fez uma pesquisa comparativa que surpreendeu muitos telespectadores. At\u00e9 mesmo em Sorocaba, com uma popula\u00e7\u00e3o de 813 mil habitantes, os vereadores recebem subs\u00eddios inferiores aos dos edis ibiunenses que, com aumento a ser atribu\u00eddo na nova legislatura em fevereiro de 2024, ter\u00e3o a cifra aumentada para cerca de R$ 14 mil. Veja os valores:<\/strong><\/p>\n\n\n\n<p><strong>Ibi\u00fana &#8211; R$12.015,09<\/strong><\/p>\n\n\n\n<p><strong>Sorocaba &#8211; R$11.838,14<\/strong><\/p>\n\n\n\n<p><strong>S\u00e3o Roque &#8211; R$10.191,39<\/strong><\/p>\n\n\n\n<p><strong>Mairinque &#8211; R$8.393,40<\/strong><\/p>\n\n\n\n<p><strong>Ara\u00e7ariguama &#8211; R$7.105,00<\/strong><\/p>\n\n\n\n<p><strong>Piedade &#8211; R$3.628,75<\/strong><\/p>\n\n\n\n<p><strong>SAL\u00c1RIOS DE PREFEITOS<\/strong><\/p>\n\n\n\n<p><strong>Ibi\u00fana &#8211; R$30.040,74<\/strong><\/p>\n\n\n\n<p><strong>Sorocaba &#8211; R$29.363,01<\/strong><\/p>\n\n\n\n<p><strong>Mairinque &#8211; R$20.983,67<\/strong><\/p>\n\n\n\n<p><strong>\u201c<\/strong><strong>Ibiuna \u00e9 a cidade que paga sal\u00e1rios mais altos para pol\u00edticos, &nbsp;mas o retorno para popula\u00e7\u00e3o \u00e9 p\u00e9ssimo\u201d, comentou Zambardino, que \u00e9 presidente do Conselho Comunit\u00e1rio de Seguran\u00e7a de Ibi\u00fana h\u00e1 mais de 10 anos.<\/strong><\/p>\n\n\n\n<p><strong>SITUA\u00c7\u00c3O PIOROU<\/strong><\/p>\n\n\n\n<p><strong>Tamb\u00e9m participaram da entrevista ao vivo na TVUNA a professora e diretora de escola Naiane Pereira Leite, vice-presidente do Conselho Municipal da Educa\u00e7\u00e3o, e o advogado Renan Godinho que nas elei\u00e7\u00f5es de 2020 para o cargo de prefeito ficou em segundo lugar.<\/strong><\/p>\n\n\n\n<p><strong>Os tr\u00eas estiveram no lan\u00e7amento da TVUNA no dia 26 de abril deste ano, quando foi abordado o tema \u201cNossa cidade \u2013 Problemas e Solu\u00e7\u00f5es. Agora fizeram uma analise dos primeiros tr\u00eas anos do atual governo municipal que ingressa no \u00faltimo ano de mandato.<\/strong><\/p>\n\n\n\n<p><strong>Eles fizeram uma an\u00e1lise em torno do tema \u201cGoverno de Ibi\u00fana \u2013 O que piorou? O que melhorou? O que ficou igual\u201d.<\/strong><\/p>\n\n\n\n<p><strong>N\u00e3o foi poss\u00edvel debater todos os temas pautados em face da exig\u00eancia requerida aos primeiros assuntos que demandaram coment\u00e1rios devido \u00e0 complexidade da pr\u00f3pria situa\u00e7\u00e3o observada.<\/strong><\/p>\n\n\n\n<p><strong>No entanto, no que p\u00f4de ser avaliado os tr\u00eas foram un\u00e2nimes em concluir que a situa\u00e7\u00e3o pol\u00edtico-administrativa de Ibi\u00fana piorou, apesar dos atuais detentores do poder Executivo proclamarem, por meio de propagandas intensivas, que fazem um bom governo com a realiza\u00e7\u00e3o de dezenas de obras.<\/strong><\/p>\n\n\n\n<p><strong>Essa posi\u00e7\u00e3o n\u00e3o cotejou o desempenho do atual governo com o anterior, incompar\u00e1vel do ponto de vista de m\u00e1 gest\u00e3o, e sim em rela\u00e7\u00e3o \u00e0s promessas feitas \u00e0 popula\u00e7\u00e3o e apresentadas na edi\u00e7\u00e3o de um jornal da campanha<\/strong>, <strong>e n\u00e3o cumpridas.<\/strong><\/p>\n\n\n\n<p><strong>Hospital Municipal de Ibi\u00fana \u2013 a falta cr\u00f4nica de m\u00e9dicos, de medicamentos, atrasos de pagamento dos servidores e empresas prestadoras de servi\u00e7os foram apontados como problemas cr\u00f4nicos, incluindo a falta de gerador para o caso de falta de energia el\u00e9trica, como se verificou dramaticamente no dia 3 de novembro, quando ocorreu um temporal que prejudicou o fornecimento de energia no munic\u00edpio. Na verdade, h\u00e1 um gerador Mercedes desativado h\u00e1 anos.<\/strong><\/p>\n\n\n\n<p><strong>Ressalvado o respeito aos servidores que atuam no hospital e se desdobram para oferecer um bom atendimento com recursos limitados, o hospital est\u00e1 a dever a popula\u00e7\u00e3o um atendimento mais humano e eficiente.<\/strong><\/p>\n\n\n\n<p><strong>Terminal Rodovi\u00e1rio \u2013 &nbsp;Em rela\u00e7\u00e3o \u00e0 famigerada reforma do Terminal Rodovi\u00e1rio, iniciada h\u00e1 mais de dois anos, se considerou um caso vergonhoso em rela\u00e7\u00e3o \u00e0 Prefeitura. A obra continua paralisada e \u00e9 alvo de chacota por parte da popula\u00e7\u00e3o. O que mais chama a aten\u00e7\u00e3o \u00e9 o amargo sofrimento imposto \u00e0 popula\u00e7\u00e3o usu\u00e1ria de servi\u00e7os, na maioria pessoas simples residentes nos bairros rurais, e que est\u00e3o na Rua Guarani submetidas a chuvas, sol forte, frio, num desconforto que reflete o desrespeito aos mun\u00edcipes.<\/strong><\/p>\n\n\n\n<p><strong>Agora, com a not\u00edcia de que a empresa originalmente contratada para fazer a reforma foi dispensada, depois que o Tribunal de Contas do Estado apontou\u00a0 irregularidades na concorr\u00eancia, na licita\u00e7\u00e3o e nos aditivos (aumentando o pre\u00e7o), a Prefeitura anuncia que o custo para sua conclus\u00e3o dever\u00e1 ser R$ 5,6 milh\u00f5es, considerado exorbitante, segundo apuramos com um especialista, levando em conta que a reforma aproveitou a estrutura da antiga esta\u00e7\u00e3o, substituindo telhado e paredes.<\/strong><\/p>\n\n\n\n<p><strong>Fundeb-CACS \u2013 O requerimento protocolado pelo presidente do Fundeb-CACS, advogado M\u00e1rio Pires, \u00e0 C\u00e2mara Municipal no dia 11 de dezembro, pedindo averigua\u00e7\u00e3o de infra\u00e7\u00e3o pol\u00edtico-administrativa de poss\u00edveis irregularidades observadas na gest\u00e3o do Fundeb (Fundo de Manuten\u00e7\u00e3o e Desenvolvimento da Educa\u00e7\u00e3o B\u00e1sica e Valoriza\u00e7\u00e3o dos Profissionais) no munic\u00edpio foi apoiada pelos entrevistados.<\/strong><\/p>\n\n\n\n<p><strong>A mesma representa\u00e7\u00e3o foi encaminhada para o TCESP \u2013 Tribunal de Contas do Estado de S\u00e3o Paulo e ao Minist\u00e9rio P\u00fablico e poder\u00e1 resultar na abertura de um processo de cassa\u00e7\u00e3o do prefeito pelas comprova\u00e7\u00f5es das poss\u00edveis irregularidades apresentadas no documento com 27 p\u00e1ginas.<\/strong><\/p>\n\n\n\n<p><strong>TEMAS QUE FICARAM DE FORA<\/strong><\/p>\n\n\n\n<p><strong>Por absoluta falta de tempo, ficaram fora da entrevista os seguintes temas:<\/strong><\/p>\n\n\n\n<ol type=\"1\"><li><strong>Ilumina\u00e7\u00e3o p\u00fablica<\/strong><\/li><li><strong>Seguran\u00e7a P\u00fablica (Prefeitura anunciou que vai criar um Conselho Municipal de Seguran\u00e7a) \u2013 furtos, assaltos, ataques a pessoas<\/strong><\/li><li><strong>Estradas municipais urbanas e rurais (problemas somente foram mencionados de passagem)<\/strong><\/li><li><strong>Teatro Municipal no Alto da Figueira<\/strong><\/li><li><strong>Falta de \u00e1gua (responsabilidade da Sabesp), mas tamb\u00e9m da Prefeitura<\/strong><\/li><li><strong>Coleta e destina\u00e7\u00e3o do lixo<\/strong><\/li><li><strong>Represa Itupararanga<\/strong><\/li><li><strong>Terrenos clandestinos\/devasta\u00e7\u00e3o das matas, polui\u00e7\u00e3o<\/strong><\/li><li><strong>Avenida S\u00e3o Sebasti\u00e3o<\/strong><\/li><\/ol>\n\n\n\n<p><strong>TELESPECTADORES<\/strong><\/p>\n\n\n\n<p><strong>A intera\u00e7\u00e3o dos telespectadores foi not\u00e1vel por meio de coment\u00e1rios, opini\u00f5es e cr\u00edticas ao poder p\u00fablico. Houve pelo menos um participante que disse: \u201cA gente sente vergonha de conviver com uma situa\u00e7\u00e3o de abandono em que se encontra a cidade.<\/strong>&#8220;<\/p>\n\n\n\n<p><strong>NOTA DA REDA\u00c7\u00c3O \u2013 A TVUNA e vitrine online reiteram que ambos os espa\u00e7os, na tv e na revista eletr\u00f4nica, est\u00e3o abertos para as manifesta\u00e7\u00f5es das autoridades municipais, tanto do Executivo quanto do Legislativo, a fim de que fa\u00e7am conhecer sua posi\u00e7\u00e3o e contribuam para que a popula\u00e7\u00e3o ibiunense seja bem-informada.<\/strong><\/p>\n","protected":false},"excerpt":{"rendered":"<p>Essa constata\u00e7\u00e3o foi revelada ontem (27) pelo engenheiro Marcelo Zambardino, um dos participantes do programa da &nbsp;TVUNA [se voc\u00ea n\u00e3o<\/p>\n","protected":false},"author":1,"featured_media":30377,"comment_status":"open","ping_status":"open","sticky":false,"template":"","format":"standard","meta":[],"categories":[3],"tags":[],"yoast_head":"<!-- This site is optimized with the Yoast SEO plugin v15.8 - https:\/\/yoast.com\/wordpress\/plugins\/seo\/ -->\n<title>PREFEITO E VEREADORES DE IBI\u00daNA GANHAM OS MAIORES SAL\u00c1RIOS DA REGI\u00c3O - Revista Vitrine Online<\/title>\n<meta name=\"robots\" content=\"index, follow, max-snippet:-1, max-image-preview:large, max-video-preview:-1\" \/>\n<link rel=\"canonical\" href=\"https:\/\/revistavitrineibiuna.com.br\/?p=30376\" \/>\n<meta property=\"og:locale\" content=\"pt_BR\" \/>\n<meta property=\"og:type\" content=\"article\" \/>\n<meta property=\"og:title\" content=\"PREFEITO E VEREADORES DE IBI\u00daNA GANHAM OS MAIORES SAL\u00c1RIOS DA REGI\u00c3O - Revista Vitrine Online\" \/>\n<meta property=\"og:description\" content=\"Essa constata\u00e7\u00e3o foi revelada ontem (27) pelo engenheiro Marcelo Zambardino, um dos participantes do programa da &nbsp;TVUNA [se voc\u00ea n\u00e3o\" \/>\n<meta property=\"og:url\" content=\"https:\/\/revistavitrineibiuna.com.br\/?p=30376\" \/>\n<meta property=\"og:site_name\" content=\"Revista Vitrine Online\" \/>\n<meta property=\"article:published_time\" content=\"2023-12-29T00:13:02+00:00\" \/>\n<meta property=\"article:modified_time\" content=\"2023-12-29T01:27:59+00:00\" \/>\n<meta property=\"og:image\" content=\"https:\/\/revistavitrineibiuna.com.br\/wp-content\/uploads\/2023\/12\/foto-tvuna-programa-27.12.png\" \/>\n\t<meta property=\"og:image:width\" content=\"748\" \/>\n\t<meta property=\"og:image:height\" content=\"490\" \/>\n<meta name=\"twitter:card\" content=\"summary\" \/>\n<meta name=\"twitter:label1\" content=\"Est. reading time\">\n\t<meta name=\"twitter:data1\" content=\"4 minutos\">\n<script type=\"application\/ld+json\" class=\"yoast-schema-graph\">{\"@context\":\"https:\/\/schema.org\",\"@graph\":[{\"@type\":\"WebSite\",\"@id\":\"https:\/\/revistavitrineibiuna.com.br\/#website\",\"url\":\"https:\/\/revistavitrineibiuna.com.br\/\",\"name\":\"Revista Vitrine Ibi\\u00fana\",\"description\":\"A Revista de Ibi\\u00fana e Regi\\u00e3o\",\"publisher\":{\"@id\":\"https:\/\/revistavitrineibiuna.com.br\/#\/schema\/person\/e51ef49d6d88170ea21ceabff3f73deb\"},\"potentialAction\":[{\"@type\":\"SearchAction\",\"target\":\"https:\/\/revistavitrineibiuna.com.br\/?s={search_term_string}\",\"query-input\":\"required name=search_term_string\"}],\"inLanguage\":\"pt-BR\"},{\"@type\":\"ImageObject\",\"@id\":\"https:\/\/revistavitrineibiuna.com.br\/?p=30376#primaryimage\",\"inLanguage\":\"pt-BR\",\"url\":\"https:\/\/revistavitrineibiuna.com.br\/wp-content\/uploads\/2023\/12\/foto-tvuna-programa-27.12.png\",\"width\":748,\"height\":490},{\"@type\":\"WebPage\",\"@id\":\"https:\/\/revistavitrineibiuna.com.br\/?p=30376#webpage\",\"url\":\"https:\/\/revistavitrineibiuna.com.br\/?p=30376\",\"name\":\"PREFEITO E VEREADORES DE IBI\\u00daNA GANHAM OS MAIORES SAL\\u00c1RIOS DA REGI\\u00c3O - Revista Vitrine Online\",\"isPartOf\":{\"@id\":\"https:\/\/revistavitrineibiuna.com.br\/#website\"},\"primaryImageOfPage\":{\"@id\":\"https:\/\/revistavitrineibiuna.com.br\/?p=30376#primaryimage\"},\"datePublished\":\"2023-12-29T00:13:02+00:00\",\"dateModified\":\"2023-12-29T01:27:59+00:00\",\"breadcrumb\":{\"@id\":\"https:\/\/revistavitrineibiuna.com.br\/?p=30376#breadcrumb\"},\"inLanguage\":\"pt-BR\",\"potentialAction\":[{\"@type\":\"ReadAction\",\"target\":[\"https:\/\/revistavitrineibiuna.com.br\/?p=30376\"]}]},{\"@type\":\"BreadcrumbList\",\"@id\":\"https:\/\/revistavitrineibiuna.com.br\/?p=30376#breadcrumb\",\"itemListElement\":[{\"@type\":\"ListItem\",\"position\":1,\"item\":{\"@type\":\"WebPage\",\"@id\":\"https:\/\/revistavitrineibiuna.com.br\/\",\"url\":\"https:\/\/revistavitrineibiuna.com.br\/\",\"name\":\"In\\u00edcio\"}},{\"@type\":\"ListItem\",\"position\":2,\"item\":{\"@type\":\"WebPage\",\"@id\":\"https:\/\/revistavitrineibiuna.com.br\/?p=30376\",\"url\":\"https:\/\/revistavitrineibiuna.com.br\/?p=30376\",\"name\":\"PREFEITO E VEREADORES DE IBI\\u00daNA GANHAM OS MAIORES SAL\\u00c1RIOS DA REGI\\u00c3O\"}}]},{\"@type\":\"Article\",\"@id\":\"https:\/\/revistavitrineibiuna.com.br\/?p=30376#article\",\"isPartOf\":{\"@id\":\"https:\/\/revistavitrineibiuna.com.br\/?p=30376#webpage\"},\"author\":{\"@id\":\"https:\/\/revistavitrineibiuna.com.br\/#\/schema\/person\/e51ef49d6d88170ea21ceabff3f73deb\"},\"headline\":\"PREFEITO E VEREADORES DE IBI\\u00daNA GANHAM OS MAIORES SAL\\u00c1RIOS DA REGI\\u00c3O\",\"datePublished\":\"2023-12-29T00:13:02+00:00\",\"dateModified\":\"2023-12-29T01:27:59+00:00\",\"mainEntityOfPage\":{\"@id\":\"https:\/\/revistavitrineibiuna.com.br\/?p=30376#webpage\"},\"commentCount\":0,\"publisher\":{\"@id\":\"https:\/\/revistavitrineibiuna.com.br\/#\/schema\/person\/e51ef49d6d88170ea21ceabff3f73deb\"},\"image\":{\"@id\":\"https:\/\/revistavitrineibiuna.com.br\/?p=30376#primaryimage\"},\"articleSection\":\"Not\\u00edcias\",\"inLanguage\":\"pt-BR\",\"potentialAction\":[{\"@type\":\"CommentAction\",\"name\":\"Comment\",\"target\":[\"https:\/\/revistavitrineibiuna.com.br\/?p=30376#respond\"]}]},{\"@type\":[\"Person\",\"Organization\"],\"@id\":\"https:\/\/revistavitrineibiuna.com.br\/#\/schema\/person\/e51ef49d6d88170ea21ceabff3f73deb\",\"name\":\"Carlos Rossini\",\"image\":{\"@type\":\"ImageObject\",\"@id\":\"https:\/\/revistavitrineibiuna.com.br\/#personlogo\",\"inLanguage\":\"pt-BR\",\"url\":\"https:\/\/secure.gravatar.com\/avatar\/4f2d0f99fac1f85c7d643f21f5c8d900?s=96&d=mm&r=g\",\"caption\":\"Carlos Rossini\"},\"logo\":{\"@id\":\"https:\/\/revistavitrineibiuna.com.br\/#personlogo\"},\"description\":\"Carlos Rossini \\u00e9 jornalista, soci\\u00f3logo, escritor e professor universit\\u00e1rio, tendo sido professor de jornalismo por vinte anos. Trabalhou em ve\\u00edculos de comunica\\u00e7\\u00e3o nas fun\\u00e7\\u00f5es de rep\\u00f3rter, redator, editor, articulista e colaborador, como Folha de S. Paulo, O Estado de S. Paulo, Di\\u00e1rio Popular, entre outros. Ao transferir a revista vitrine, vers\\u00e3o imprensa, de S\\u00e3o Paulo para Ibi\\u00fana h\\u00e1 alguns anos, iniciou uma nova experi\\u00eancia profissional, dedicando-se ao jornalismo regional, depois de cumprir uma trajet\\u00f3ria bem-sucedida na grande imprensa brasileira. Seu primeiro livro A Coragem de Comunicar foi lan\\u00e7ado na Bienal do Livro em S\\u00e3o Paulo no ano 2000, pela editora Madras.\"}]}<\/script>\n<!-- \/ Yoast SEO plugin. -->","_links":{"self":[{"href":"https:\/\/revistavitrineibiuna.com.br\/index.php?rest_route=\/wp\/v2\/posts\/30376"}],"collection":[{"href":"https:\/\/revistavitrineibiuna.com.br\/index.php?rest_route=\/wp\/v2\/posts"}],"about":[{"href":"https:\/\/revistavitrineibiuna.com.br\/index.php?rest_route=\/wp\/v2\/types\/post"}],"author":[{"embeddable":true,"href":"https:\/\/revistavitrineibiuna.com.br\/index.php?rest_route=\/wp\/v2\/users\/1"}],"replies":[{"embeddable":true,"href":"https:\/\/revistavitrineibiuna.com.br\/index.php?rest_route=%2Fwp%2Fv2%2Fcomments&post=30376"}],"version-history":[{"count":20,"href":"https:\/\/revistavitrineibiuna.com.br\/index.php?rest_route=\/wp\/v2\/posts\/30376\/revisions"}],"predecessor-version":[{"id":30401,"href":"https:\/\/revistavitrineibiuna.com.br\/index.php?rest_route=\/wp\/v2\/posts\/30376\/revisions\/30401"}],"wp:featuredmedia":[{"embeddable":true,"href":"https:\/\/revistavitrineibiuna.com.br\/index.php?rest_route=\/wp\/v2\/media\/30377"}],"wp:attachment":[{"href":"https:\/\/revistavitrineibiuna.com.br\/index.php?rest_route=%2Fwp%2Fv2%2Fmedia&parent=30376"}],"wp:term":[{"taxonomy":"category","embeddable":true,"href":"https:\/\/revistavitrineibiuna.com.br\/index.php?rest_route=%2Fwp%2Fv2%2Fcategories&post=30376"},{"taxonomy":"post_tag","embeddable":true,"href":"https:\/\/revistavitrineibiuna.com.br\/index.php?rest_route=%2Fwp%2Fv2%2Ftags&post=30376"}],"curies":[{"name":"wp","href":"https:\/\/api.w.org\/{rel}","templated":true}]}}