{"id":30403,"date":"2024-01-03T12:56:42","date_gmt":"2024-01-03T15:56:42","guid":{"rendered":"http:\/\/revistavitrineibiuna.com.br\/?p=30403"},"modified":"2024-01-03T13:01:16","modified_gmt":"2024-01-03T16:01:16","slug":"a-maldicao-do-padre-e-a-politica-ibiunense","status":"publish","type":"post","link":"https:\/\/revistavitrineibiuna.com.br\/?p=30403","title":{"rendered":"A MALDI\u00c7\u00c3O DO PADRE E A POL\u00cdTICA IBIUNENSE"},"content":{"rendered":"\n<p class=\"has-drop-cap\"><strong>Dizem que um padre, no ano de 1919, ao ser expulso da cidade, tendo at\u00e9 mesmo levado uma chibatada, lan\u00e7ou uma maldi\u00e7\u00e3o: bradou aos c\u00e9us que o munic\u00edpio n\u00e3o iria para frente por 100 anos.<\/strong><\/p>\n\n\n\n<p><strong>A boa not\u00edcia, que nos foi transmitida pelo historiador Jos\u00e9 Gomes Linense, \u00e9 que o prazo de validade desse an\u00e1tema j\u00e1 venceu e a cidade est\u00e1 livre dessa praga desde 2019. Gra\u00e7as a Deus!<\/strong><\/p>\n\n\n\n<p><strong>Mas, desafortunadamente, n\u00e3o se libertou at\u00e9 hoje de alguns maus pol\u00edticos que, por serem irreverentes, certamente causam danos reais ao povo por meio de suas condutas repreens\u00edveis.<\/strong><\/p>\n\n\n\n<p><strong>Um padre, de nome Cido, argumenta em favor dos sacerdotes:<\/strong><\/p>\n\n\n\n<p><strong>\u201cSe a praga n\u00e3o cabe bem a nenhuma pessoa, muito mais ainda na boca de um padre que foi chamado por Deus para ser sacerdote e profeta do Deus de amor e ser bom pastor do povo, \u00e0 imita\u00e7\u00e3o de Cristo, o Bom Pastor.\u201d E completa:<\/strong><\/p>\n\n\n\n<p><strong>\u201cO padre foi chamado por Deus para aconselhar, repreender se preciso, educar na f\u00e9, conduzir as pessoas a Deus, aben\u00e7oar em nome de Deus. Assim, n\u00e3o h\u00e1 sentido algu\u00e9m que Deus amou com um amor de predile\u00e7\u00e3o se deixar levar pelo \u00f3dio e desejar algo ruim a algu\u00e9m, n\u00e3o \u00e9 mesmo?\u201d<\/strong><\/p>\n\n\n\n<p><strong>Mas, quem se atreveria defender a reputa\u00e7\u00e3o de alguns pol\u00edticos pelos males que lan\u00e7am sobre a vida de milhares de pessoas, de cujos bolsos, na forma de impostos, se regalam com as benesses das quais se valem com atos escusos e furtivos, e em interesse pr\u00f3prio com uma voracidade insaci\u00e1vel.<\/strong><\/p>\n\n\n\n<p><strong>Mentem quando proclamam que fazem isto ou aquilo para gerar bem-estar \u00e0 popula\u00e7\u00e3o, mas, na realidade, est\u00e3o se promovendo \u00e0 custa, sobretudo, da parcela mais humilde e desinformada, desprovida de conhecimentos para reconhecer seus direitos.<\/strong><\/p>\n\n\n\n<p><strong>Lidam com o dinheiro p\u00fablico como se fosse objeto para uso privado. S\u00e3o especialistas em fazer malabarismos ou magias para ocultar manobras sorrateiras, como se o povo fosse demasiadamente ing\u00eanuo para perceb\u00ea-las.<\/strong><\/p>\n\n\n\n<p><strong>Como, felizmente, estamos livres da folcl\u00f3rica maldi\u00e7\u00e3o do padre, surge a esperan\u00e7a de que aquela popula\u00e7\u00e3o humilde e silenciosa, e sens\u00edvel \u00e0s desavergonhadas promessas de pol\u00edticos cabotinos, esteja despertando para uma realidade da qual est\u00e1 exausta. <\/strong><\/p>\n\n\n\n<p><strong>Talvez estejam cansados de eleger sempre os mesmos e de verificar que nada muda e tudo continua na mesma, sem o progresso e o conforto que esperam e que n\u00e3o v\u00eam.<\/strong><\/p>\n\n\n\n<p><strong>No dia 6 de outubro, portanto daqui a 9 meses, ter\u00e3o a oportunidade de manifestar o desejo de que possa haver uma mudan\u00e7a verdadeira, uma renova\u00e7\u00e3o dos atores pol\u00edticos que, talvez, possam represent\u00e1-los de maneira mais digna.<\/strong><\/p>\n\n\n\n<p><strong>De modo mais chulo, pode se dizer que o povo est\u00e1 de saco cheio de d\u00e9cadas de estagna\u00e7\u00e3o e nada de progresso efetivamente socializado. (C.R.)<\/strong><\/p>\n","protected":false},"excerpt":{"rendered":"<p>Dizem que um padre, no ano de 1919, ao ser expulso da cidade, tendo at\u00e9 mesmo levado uma chibatada, lan\u00e7ou<\/p>\n","protected":false},"author":1,"featured_media":30404,"comment_status":"open","ping_status":"open","sticky":false,"template":"","format":"standard","meta":[],"categories":[3],"tags":[],"yoast_head":"<!-- This site is optimized with the Yoast SEO plugin v15.8 - https:\/\/yoast.com\/wordpress\/plugins\/seo\/ -->\n<title>A MALDI\u00c7\u00c3O DO PADRE E A POL\u00cdTICA IBIUNENSE - Revista Vitrine Online<\/title>\n<meta name=\"robots\" content=\"index, follow, max-snippet:-1, max-image-preview:large, max-video-preview:-1\" \/>\n<link rel=\"canonical\" href=\"http:\/\/revistavitrineibiuna.com.br\/?p=30403\" \/>\n<meta property=\"og:locale\" content=\"pt_BR\" \/>\n<meta property=\"og:type\" content=\"article\" \/>\n<meta property=\"og:title\" content=\"A MALDI\u00c7\u00c3O DO PADRE E A POL\u00cdTICA IBIUNENSE - Revista Vitrine Online\" \/>\n<meta property=\"og:description\" content=\"Dizem que um padre, no ano de 1919, ao ser expulso da cidade, tendo at\u00e9 mesmo levado uma chibatada, lan\u00e7ou\" \/>\n<meta property=\"og:url\" content=\"http:\/\/revistavitrineibiuna.com.br\/?p=30403\" \/>\n<meta property=\"og:site_name\" content=\"Revista Vitrine Online\" \/>\n<meta property=\"article:published_time\" content=\"2024-01-03T15:56:42+00:00\" \/>\n<meta property=\"article:modified_time\" content=\"2024-01-03T16:01:16+00:00\" \/>\n<meta property=\"og:image\" content=\"https:\/\/revistavitrineibiuna.com.br\/wp-content\/uploads\/2024\/01\/a-maldicao-do-padre-e-os-politicos-de-ibiuna-1024x596.png\" \/>\n\t<meta property=\"og:image:width\" content=\"1024\" \/>\n\t<meta property=\"og:image:height\" content=\"596\" \/>\n<meta name=\"twitter:card\" content=\"summary\" \/>\n<meta name=\"twitter:label1\" content=\"Est. reading time\">\n\t<meta name=\"twitter:data1\" content=\"2 minutos\">\n<script type=\"application\/ld+json\" class=\"yoast-schema-graph\">{\"@context\":\"https:\/\/schema.org\",\"@graph\":[{\"@type\":\"WebSite\",\"@id\":\"https:\/\/revistavitrineibiuna.com.br\/#website\",\"url\":\"https:\/\/revistavitrineibiuna.com.br\/\",\"name\":\"Revista Vitrine Ibi\\u00fana\",\"description\":\"A Revista de Ibi\\u00fana e Regi\\u00e3o\",\"publisher\":{\"@id\":\"https:\/\/revistavitrineibiuna.com.br\/#\/schema\/person\/e51ef49d6d88170ea21ceabff3f73deb\"},\"potentialAction\":[{\"@type\":\"SearchAction\",\"target\":\"https:\/\/revistavitrineibiuna.com.br\/?s={search_term_string}\",\"query-input\":\"required name=search_term_string\"}],\"inLanguage\":\"pt-BR\"},{\"@type\":\"ImageObject\",\"@id\":\"http:\/\/revistavitrineibiuna.com.br\/?p=30403#primaryimage\",\"inLanguage\":\"pt-BR\",\"url\":\"https:\/\/revistavitrineibiuna.com.br\/wp-content\/uploads\/2024\/01\/a-maldicao-do-padre-e-os-politicos-de-ibiuna.png\",\"width\":1595,\"height\":929},{\"@type\":\"WebPage\",\"@id\":\"http:\/\/revistavitrineibiuna.com.br\/?p=30403#webpage\",\"url\":\"http:\/\/revistavitrineibiuna.com.br\/?p=30403\",\"name\":\"A MALDI\\u00c7\\u00c3O DO PADRE E A POL\\u00cdTICA IBIUNENSE - Revista Vitrine Online\",\"isPartOf\":{\"@id\":\"https:\/\/revistavitrineibiuna.com.br\/#website\"},\"primaryImageOfPage\":{\"@id\":\"http:\/\/revistavitrineibiuna.com.br\/?p=30403#primaryimage\"},\"datePublished\":\"2024-01-03T15:56:42+00:00\",\"dateModified\":\"2024-01-03T16:01:16+00:00\",\"breadcrumb\":{\"@id\":\"http:\/\/revistavitrineibiuna.com.br\/?p=30403#breadcrumb\"},\"inLanguage\":\"pt-BR\",\"potentialAction\":[{\"@type\":\"ReadAction\",\"target\":[\"http:\/\/revistavitrineibiuna.com.br\/?p=30403\"]}]},{\"@type\":\"BreadcrumbList\",\"@id\":\"http:\/\/revistavitrineibiuna.com.br\/?p=30403#breadcrumb\",\"itemListElement\":[{\"@type\":\"ListItem\",\"position\":1,\"item\":{\"@type\":\"WebPage\",\"@id\":\"https:\/\/revistavitrineibiuna.com.br\/\",\"url\":\"https:\/\/revistavitrineibiuna.com.br\/\",\"name\":\"In\\u00edcio\"}},{\"@type\":\"ListItem\",\"position\":2,\"item\":{\"@type\":\"WebPage\",\"@id\":\"http:\/\/revistavitrineibiuna.com.br\/?p=30403\",\"url\":\"http:\/\/revistavitrineibiuna.com.br\/?p=30403\",\"name\":\"A MALDI\\u00c7\\u00c3O DO PADRE E A POL\\u00cdTICA IBIUNENSE\"}}]},{\"@type\":\"Article\",\"@id\":\"http:\/\/revistavitrineibiuna.com.br\/?p=30403#article\",\"isPartOf\":{\"@id\":\"http:\/\/revistavitrineibiuna.com.br\/?p=30403#webpage\"},\"author\":{\"@id\":\"https:\/\/revistavitrineibiuna.com.br\/#\/schema\/person\/e51ef49d6d88170ea21ceabff3f73deb\"},\"headline\":\"A MALDI\\u00c7\\u00c3O DO PADRE E A POL\\u00cdTICA IBIUNENSE\",\"datePublished\":\"2024-01-03T15:56:42+00:00\",\"dateModified\":\"2024-01-03T16:01:16+00:00\",\"mainEntityOfPage\":{\"@id\":\"http:\/\/revistavitrineibiuna.com.br\/?p=30403#webpage\"},\"commentCount\":0,\"publisher\":{\"@id\":\"https:\/\/revistavitrineibiuna.com.br\/#\/schema\/person\/e51ef49d6d88170ea21ceabff3f73deb\"},\"image\":{\"@id\":\"http:\/\/revistavitrineibiuna.com.br\/?p=30403#primaryimage\"},\"articleSection\":\"Not\\u00edcias\",\"inLanguage\":\"pt-BR\",\"potentialAction\":[{\"@type\":\"CommentAction\",\"name\":\"Comment\",\"target\":[\"http:\/\/revistavitrineibiuna.com.br\/?p=30403#respond\"]}]},{\"@type\":[\"Person\",\"Organization\"],\"@id\":\"https:\/\/revistavitrineibiuna.com.br\/#\/schema\/person\/e51ef49d6d88170ea21ceabff3f73deb\",\"name\":\"Carlos Rossini\",\"image\":{\"@type\":\"ImageObject\",\"@id\":\"https:\/\/revistavitrineibiuna.com.br\/#personlogo\",\"inLanguage\":\"pt-BR\",\"url\":\"https:\/\/secure.gravatar.com\/avatar\/4f2d0f99fac1f85c7d643f21f5c8d900?s=96&d=mm&r=g\",\"caption\":\"Carlos Rossini\"},\"logo\":{\"@id\":\"https:\/\/revistavitrineibiuna.com.br\/#personlogo\"},\"description\":\"Carlos Rossini \\u00e9 jornalista, soci\\u00f3logo, escritor e professor universit\\u00e1rio, tendo sido professor de jornalismo por vinte anos. Trabalhou em ve\\u00edculos de comunica\\u00e7\\u00e3o nas fun\\u00e7\\u00f5es de rep\\u00f3rter, redator, editor, articulista e colaborador, como Folha de S. Paulo, O Estado de S. Paulo, Di\\u00e1rio Popular, entre outros. Ao transferir a revista vitrine, vers\\u00e3o imprensa, de S\\u00e3o Paulo para Ibi\\u00fana h\\u00e1 alguns anos, iniciou uma nova experi\\u00eancia profissional, dedicando-se ao jornalismo regional, depois de cumprir uma trajet\\u00f3ria bem-sucedida na grande imprensa brasileira. Seu primeiro livro A Coragem de Comunicar foi lan\\u00e7ado na Bienal do Livro em S\\u00e3o Paulo no ano 2000, pela editora Madras.\"}]}<\/script>\n<!-- \/ Yoast SEO plugin. -->","_links":{"self":[{"href":"https:\/\/revistavitrineibiuna.com.br\/index.php?rest_route=\/wp\/v2\/posts\/30403"}],"collection":[{"href":"https:\/\/revistavitrineibiuna.com.br\/index.php?rest_route=\/wp\/v2\/posts"}],"about":[{"href":"https:\/\/revistavitrineibiuna.com.br\/index.php?rest_route=\/wp\/v2\/types\/post"}],"author":[{"embeddable":true,"href":"https:\/\/revistavitrineibiuna.com.br\/index.php?rest_route=\/wp\/v2\/users\/1"}],"replies":[{"embeddable":true,"href":"https:\/\/revistavitrineibiuna.com.br\/index.php?rest_route=%2Fwp%2Fv2%2Fcomments&post=30403"}],"version-history":[{"count":2,"href":"https:\/\/revistavitrineibiuna.com.br\/index.php?rest_route=\/wp\/v2\/posts\/30403\/revisions"}],"predecessor-version":[{"id":30407,"href":"https:\/\/revistavitrineibiuna.com.br\/index.php?rest_route=\/wp\/v2\/posts\/30403\/revisions\/30407"}],"wp:featuredmedia":[{"embeddable":true,"href":"https:\/\/revistavitrineibiuna.com.br\/index.php?rest_route=\/wp\/v2\/media\/30404"}],"wp:attachment":[{"href":"https:\/\/revistavitrineibiuna.com.br\/index.php?rest_route=%2Fwp%2Fv2%2Fmedia&parent=30403"}],"wp:term":[{"taxonomy":"category","embeddable":true,"href":"https:\/\/revistavitrineibiuna.com.br\/index.php?rest_route=%2Fwp%2Fv2%2Fcategories&post=30403"},{"taxonomy":"post_tag","embeddable":true,"href":"https:\/\/revistavitrineibiuna.com.br\/index.php?rest_route=%2Fwp%2Fv2%2Ftags&post=30403"}],"curies":[{"name":"wp","href":"https:\/\/api.w.org\/{rel}","templated":true}]}}