{"id":30408,"date":"2024-01-05T17:18:58","date_gmt":"2024-01-05T20:18:58","guid":{"rendered":"http:\/\/revistavitrineibiuna.com.br\/?p=30408"},"modified":"2024-01-05T17:18:59","modified_gmt":"2024-01-05T20:18:59","slug":"ibiuna-sindicato-denuncia-prefeitura-por-nao-recolher-inss-dos-servidores","status":"publish","type":"post","link":"https:\/\/revistavitrineibiuna.com.br\/?p=30408","title":{"rendered":"IBI\u00daNA \u2013 SINDICATO DENUNCIA PREFEITURA POR N\u00c3O RECOLHER INSS DOS SERVIDORES"},"content":{"rendered":"\n<p class=\"has-drop-cap\"><strong>O Sindicato dos Servidores P\u00fablicos de S\u00e3o Roque, Ibi\u00fana e Regi\u00e3o enviou hoje (5) comunicado aos servidores municipais do munic\u00edpio de Ibi\u00fana advertindo que eles est\u00e3o \u201csendo lesados em seu direito\u201d, j\u00e1 que a Prefeitura n\u00e3o estaria recolhendo os valores correspondentes ao INSS.<\/strong><\/p>\n\n\n\n<p><strong>A nota da entidade \u00e9 contundente ao informar que \u201ca Prefeitura&nbsp; desconta da sua folha de pagamentos o percentual institu\u00eddo por Lei Federal, por\u00e9m, em vez de recolher a sua previd\u00eancia, ret\u00e9m esse valor e utiliza o seu dinheiro, sabe-se se l\u00e1 de qual forma\u201d.<\/strong><\/p>\n\n\n\n<p><strong>O Sindicato j\u00e1 denunciou essa quest\u00e3o ao Minist\u00e9rio P\u00fablico Federal, ao Minist\u00e9rio P\u00fablico do Trabalho e Emprego e ao Minist\u00e9rio do Estado de S\u00e3o Paulo.<\/strong><\/p>\n\n\n\n<p><strong>A nota informa ainda que o \u201cDepartamento Jur\u00eddico do Sindicato tamb\u00e9m j\u00e1 recebeu diversos documentos&nbsp; e certid\u00f5es que servir\u00e3o de prova para ajuizar a a\u00e7\u00e3o competente para obrigar que a Prefeitura cumpra a lei, sob pena de multa di\u00e1ria\u201d.<\/strong><\/p>\n\n\n\n<p><strong>COMO SABER E BO<\/strong><\/p>\n\n\n\n<p><strong>A entidade orienta os servidores ibiunenses para que se informem se est\u00e3o sendo lesados, consultando o site: <a href=\"https:\/\/meu.inss.gov.br\/\u00edndex.html#\/login\">https:\/\/meu.inss.gov.br\/\u00edndex.html#\/login<\/a>, assim como a fazer registro em boletim de ocorr\u00eancia no site: <a href=\"https:\/\/www.delegaciaeletr\u00f4nica.policiacivil.sp.gov.br\/ssp-de-cidadao\/pages\/comunicar-ocorr\u00eancia\">https:\/\/www.delegaciaeletr\u00f4nica.policiacivil.sp.gov.br\/ssp-de-cidadao\/pages\/comunicar-ocorr\u00eancia<\/a>.<\/strong><\/p>\n","protected":false},"excerpt":{"rendered":"<p>O Sindicato dos Servidores P\u00fablicos de S\u00e3o Roque, Ibi\u00fana e Regi\u00e3o enviou hoje (5) comunicado aos servidores municipais do munic\u00edpio<\/p>\n","protected":false},"author":1,"featured_media":30409,"comment_status":"open","ping_status":"open","sticky":false,"template":"","format":"standard","meta":[],"categories":[3],"tags":[],"yoast_head":"<!-- This site is optimized with the Yoast SEO plugin v15.8 - https:\/\/yoast.com\/wordpress\/plugins\/seo\/ -->\n<title>IBI\u00daNA \u2013 SINDICATO DENUNCIA PREFEITURA POR N\u00c3O RECOLHER INSS DOS SERVIDORES - Revista Vitrine Online<\/title>\n<meta name=\"robots\" content=\"index, follow, max-snippet:-1, max-image-preview:large, max-video-preview:-1\" \/>\n<link rel=\"canonical\" href=\"http:\/\/revistavitrineibiuna.com.br\/?p=30408\" \/>\n<meta property=\"og:locale\" content=\"pt_BR\" \/>\n<meta property=\"og:type\" content=\"article\" \/>\n<meta property=\"og:title\" content=\"IBI\u00daNA \u2013 SINDICATO DENUNCIA PREFEITURA POR N\u00c3O RECOLHER INSS DOS SERVIDORES - Revista Vitrine Online\" \/>\n<meta property=\"og:description\" content=\"O Sindicato dos Servidores P\u00fablicos de S\u00e3o Roque, Ibi\u00fana e Regi\u00e3o enviou hoje (5) comunicado aos servidores municipais do munic\u00edpio\" \/>\n<meta property=\"og:url\" content=\"http:\/\/revistavitrineibiuna.com.br\/?p=30408\" \/>\n<meta property=\"og:site_name\" content=\"Revista Vitrine Online\" \/>\n<meta property=\"article:published_time\" content=\"2024-01-05T20:18:58+00:00\" \/>\n<meta property=\"article:modified_time\" content=\"2024-01-05T20:18:59+00:00\" \/>\n<meta property=\"og:image\" content=\"https:\/\/revistavitrineibiuna.com.br\/wp-content\/uploads\/2024\/01\/ADIs-indecisao.jpg\" \/>\n\t<meta property=\"og:image:width\" content=\"750\" \/>\n\t<meta property=\"og:image:height\" content=\"418\" \/>\n<meta name=\"twitter:card\" content=\"summary\" \/>\n<meta name=\"twitter:label1\" content=\"Est. reading time\">\n\t<meta name=\"twitter:data1\" content=\"1 minuto\">\n<script type=\"application\/ld+json\" class=\"yoast-schema-graph\">{\"@context\":\"https:\/\/schema.org\",\"@graph\":[{\"@type\":\"WebSite\",\"@id\":\"https:\/\/revistavitrineibiuna.com.br\/#website\",\"url\":\"https:\/\/revistavitrineibiuna.com.br\/\",\"name\":\"Revista Vitrine Ibi\\u00fana\",\"description\":\"A Revista de Ibi\\u00fana e Regi\\u00e3o\",\"publisher\":{\"@id\":\"https:\/\/revistavitrineibiuna.com.br\/#\/schema\/person\/e51ef49d6d88170ea21ceabff3f73deb\"},\"potentialAction\":[{\"@type\":\"SearchAction\",\"target\":\"https:\/\/revistavitrineibiuna.com.br\/?s={search_term_string}\",\"query-input\":\"required name=search_term_string\"}],\"inLanguage\":\"pt-BR\"},{\"@type\":\"ImageObject\",\"@id\":\"http:\/\/revistavitrineibiuna.com.br\/?p=30408#primaryimage\",\"inLanguage\":\"pt-BR\",\"url\":\"https:\/\/revistavitrineibiuna.com.br\/wp-content\/uploads\/2024\/01\/ADIs-indecisao.jpg\",\"width\":750,\"height\":418},{\"@type\":\"WebPage\",\"@id\":\"http:\/\/revistavitrineibiuna.com.br\/?p=30408#webpage\",\"url\":\"http:\/\/revistavitrineibiuna.com.br\/?p=30408\",\"name\":\"IBI\\u00daNA \\u2013 SINDICATO DENUNCIA PREFEITURA POR N\\u00c3O RECOLHER INSS DOS SERVIDORES - Revista Vitrine Online\",\"isPartOf\":{\"@id\":\"https:\/\/revistavitrineibiuna.com.br\/#website\"},\"primaryImageOfPage\":{\"@id\":\"http:\/\/revistavitrineibiuna.com.br\/?p=30408#primaryimage\"},\"datePublished\":\"2024-01-05T20:18:58+00:00\",\"dateModified\":\"2024-01-05T20:18:59+00:00\",\"breadcrumb\":{\"@id\":\"http:\/\/revistavitrineibiuna.com.br\/?p=30408#breadcrumb\"},\"inLanguage\":\"pt-BR\",\"potentialAction\":[{\"@type\":\"ReadAction\",\"target\":[\"http:\/\/revistavitrineibiuna.com.br\/?p=30408\"]}]},{\"@type\":\"BreadcrumbList\",\"@id\":\"http:\/\/revistavitrineibiuna.com.br\/?p=30408#breadcrumb\",\"itemListElement\":[{\"@type\":\"ListItem\",\"position\":1,\"item\":{\"@type\":\"WebPage\",\"@id\":\"https:\/\/revistavitrineibiuna.com.br\/\",\"url\":\"https:\/\/revistavitrineibiuna.com.br\/\",\"name\":\"In\\u00edcio\"}},{\"@type\":\"ListItem\",\"position\":2,\"item\":{\"@type\":\"WebPage\",\"@id\":\"http:\/\/revistavitrineibiuna.com.br\/?p=30408\",\"url\":\"http:\/\/revistavitrineibiuna.com.br\/?p=30408\",\"name\":\"IBI\\u00daNA \\u2013 SINDICATO DENUNCIA PREFEITURA POR N\\u00c3O RECOLHER INSS DOS SERVIDORES\"}}]},{\"@type\":\"Article\",\"@id\":\"http:\/\/revistavitrineibiuna.com.br\/?p=30408#article\",\"isPartOf\":{\"@id\":\"http:\/\/revistavitrineibiuna.com.br\/?p=30408#webpage\"},\"author\":{\"@id\":\"https:\/\/revistavitrineibiuna.com.br\/#\/schema\/person\/e51ef49d6d88170ea21ceabff3f73deb\"},\"headline\":\"IBI\\u00daNA \\u2013 SINDICATO DENUNCIA PREFEITURA POR N\\u00c3O RECOLHER INSS DOS SERVIDORES\",\"datePublished\":\"2024-01-05T20:18:58+00:00\",\"dateModified\":\"2024-01-05T20:18:59+00:00\",\"mainEntityOfPage\":{\"@id\":\"http:\/\/revistavitrineibiuna.com.br\/?p=30408#webpage\"},\"commentCount\":0,\"publisher\":{\"@id\":\"https:\/\/revistavitrineibiuna.com.br\/#\/schema\/person\/e51ef49d6d88170ea21ceabff3f73deb\"},\"image\":{\"@id\":\"http:\/\/revistavitrineibiuna.com.br\/?p=30408#primaryimage\"},\"articleSection\":\"Not\\u00edcias\",\"inLanguage\":\"pt-BR\",\"potentialAction\":[{\"@type\":\"CommentAction\",\"name\":\"Comment\",\"target\":[\"http:\/\/revistavitrineibiuna.com.br\/?p=30408#respond\"]}]},{\"@type\":[\"Person\",\"Organization\"],\"@id\":\"https:\/\/revistavitrineibiuna.com.br\/#\/schema\/person\/e51ef49d6d88170ea21ceabff3f73deb\",\"name\":\"Carlos Rossini\",\"image\":{\"@type\":\"ImageObject\",\"@id\":\"https:\/\/revistavitrineibiuna.com.br\/#personlogo\",\"inLanguage\":\"pt-BR\",\"url\":\"https:\/\/secure.gravatar.com\/avatar\/4f2d0f99fac1f85c7d643f21f5c8d900?s=96&d=mm&r=g\",\"caption\":\"Carlos Rossini\"},\"logo\":{\"@id\":\"https:\/\/revistavitrineibiuna.com.br\/#personlogo\"},\"description\":\"Carlos Rossini \\u00e9 jornalista, soci\\u00f3logo, escritor e professor universit\\u00e1rio, tendo sido professor de jornalismo por vinte anos. Trabalhou em ve\\u00edculos de comunica\\u00e7\\u00e3o nas fun\\u00e7\\u00f5es de rep\\u00f3rter, redator, editor, articulista e colaborador, como Folha de S. Paulo, O Estado de S. Paulo, Di\\u00e1rio Popular, entre outros. Ao transferir a revista vitrine, vers\\u00e3o imprensa, de S\\u00e3o Paulo para Ibi\\u00fana h\\u00e1 alguns anos, iniciou uma nova experi\\u00eancia profissional, dedicando-se ao jornalismo regional, depois de cumprir uma trajet\\u00f3ria bem-sucedida na grande imprensa brasileira. Seu primeiro livro A Coragem de Comunicar foi lan\\u00e7ado na Bienal do Livro em S\\u00e3o Paulo no ano 2000, pela editora Madras.\"}]}<\/script>\n<!-- \/ Yoast SEO plugin. -->","_links":{"self":[{"href":"https:\/\/revistavitrineibiuna.com.br\/index.php?rest_route=\/wp\/v2\/posts\/30408"}],"collection":[{"href":"https:\/\/revistavitrineibiuna.com.br\/index.php?rest_route=\/wp\/v2\/posts"}],"about":[{"href":"https:\/\/revistavitrineibiuna.com.br\/index.php?rest_route=\/wp\/v2\/types\/post"}],"author":[{"embeddable":true,"href":"https:\/\/revistavitrineibiuna.com.br\/index.php?rest_route=\/wp\/v2\/users\/1"}],"replies":[{"embeddable":true,"href":"https:\/\/revistavitrineibiuna.com.br\/index.php?rest_route=%2Fwp%2Fv2%2Fcomments&post=30408"}],"version-history":[{"count":1,"href":"https:\/\/revistavitrineibiuna.com.br\/index.php?rest_route=\/wp\/v2\/posts\/30408\/revisions"}],"predecessor-version":[{"id":30410,"href":"https:\/\/revistavitrineibiuna.com.br\/index.php?rest_route=\/wp\/v2\/posts\/30408\/revisions\/30410"}],"wp:featuredmedia":[{"embeddable":true,"href":"https:\/\/revistavitrineibiuna.com.br\/index.php?rest_route=\/wp\/v2\/media\/30409"}],"wp:attachment":[{"href":"https:\/\/revistavitrineibiuna.com.br\/index.php?rest_route=%2Fwp%2Fv2%2Fmedia&parent=30408"}],"wp:term":[{"taxonomy":"category","embeddable":true,"href":"https:\/\/revistavitrineibiuna.com.br\/index.php?rest_route=%2Fwp%2Fv2%2Fcategories&post=30408"},{"taxonomy":"post_tag","embeddable":true,"href":"https:\/\/revistavitrineibiuna.com.br\/index.php?rest_route=%2Fwp%2Fv2%2Ftags&post=30408"}],"curies":[{"name":"wp","href":"https:\/\/api.w.org\/{rel}","templated":true}]}}