{"id":30411,"date":"2024-01-05T21:52:47","date_gmt":"2024-01-06T00:52:47","guid":{"rendered":"http:\/\/revistavitrineibiuna.com.br\/?p=30411"},"modified":"2024-01-05T21:52:49","modified_gmt":"2024-01-06T00:52:49","slug":"ibiuna-crimes-geram-inseguranca-na-populacao","status":"publish","type":"post","link":"https:\/\/revistavitrineibiuna.com.br\/?p=30411","title":{"rendered":"IBI\u00daNA \u2013 CRIMES GERAM INSEGURAN\u00c7A NA POPULA\u00c7\u00c3O"},"content":{"rendered":"\n<p class=\"has-drop-cap\"><strong>Na \u00faltima quinta-feira (4), uma senhora caminhava pela rua principal do bairro Campininha, localizado a cerca de 30 quil\u00f4metros do centro da cidade de Ibi\u00fana, e que faz limite com Caucaia do Alto, um distrito de Cotia, com uma popula\u00e7\u00e3o de 80 mil habitantes, maior do que a popula\u00e7\u00e3o de Ibi\u00fana.<\/strong><\/p>\n\n\n\n<p><strong>Por volta das 11h30, surge um rapaz em uma moto preta. Diz que est\u00e1 armado e anuncia um assalto. Leva a bolsa da mulher, com o celular e aparelhos auditivos, documentos, cart\u00f5es de cr\u00e9dito.<\/strong><\/p>\n\n\n\n<p><strong>Foi um susto traumatizante relatou uma parente da senhora que precisou de amparo para se refazer emocionalmente. O rapaz teria seguido em dire\u00e7\u00e3o a Caucaia, mas at\u00e9 o momento n\u00e3o foi localizado.<\/strong><\/p>\n\n\n\n<p><strong>Vale lembrar que o bairro da Campininha conta com o mais ativo grupo social via WhatsApp, com uma intensa troca de informa\u00e7\u00f5es da vizinhan\u00e7a, sobretudo relacionada a problemas como coleta de lixo, \u00f4nibus, posto de sa\u00fade, falta de medicamento, animais soltos e a presen\u00e7a de pessoas com comportamento suspeitos nas ruas.<\/strong><\/p>\n\n\n\n<p><strong>O grupo faz parte da Vizinhan\u00e7a Solid\u00e1ria, coordenada pela Pol\u00edcia Militar, e frequenta o WhatsApp da Guarda Civil Municipal. E tamb\u00e9m \u00e9 presen\u00e7a ass\u00eddua nas reuni\u00f5es mensais do Conselho Comunit\u00e1rio de Seguran\u00e7a \u2013 Conseg-Ibi\u00fana.<\/strong><\/p>\n\n\n\n<p><strong>Nesta sexta-feira (5), por volta das 11h30, um rapaz [foto acima, extra\u00edda da c\u00e2mera de seguran\u00e7a]rodeou um carro vermelho ao lado de uma loja que vende g\u00e1s na Avenida Vereador Benedito de Campos, no Centro da Cidade. Flagrado pela c\u00e2mera de seguran\u00e7a, foi preso em flagrante por tentativa de furto na Delegacia de Pol\u00edcia de Ibi\u00fana onde se encontra.<\/strong><\/p>\n\n\n\n<p><strong>O presidente do Conseg-Ibi\u00fana, engenheiro Marcelo Zambardino, tem demonstrado cada vez mais preocupa\u00e7\u00f5es com a onda de crimes que v\u00eam ocorrendo no munic\u00edpio tanto da \u00e1rea rural quanto no centro da cidade. S\u00e3o furtos, roubos, trocas de tiros, homic\u00eddios, atos de viol\u00eancia contra pessoas que muitas vezes ocorrem \u00e0 luz do dia, como aconteceu [na Rua XV de Novembro, a principal rua do centro da cidade], com uma jovem adolescente que recebeu um violento soco de um portador de doen\u00e7a mental, que n\u00e3o foi atendido ao pedir dinheiro para a jovem.<\/strong><\/p>\n\n\n\n<p><strong>Ela caiu no ch\u00e3o e as imagens desse fato postadas nas redes sociais comoveram a popula\u00e7\u00e3o. O autor nem mesmo chegou a ser preso. Dever\u00e1 responder a inqu\u00e9rito em liberdade.<\/strong><\/p>\n\n\n\n<p><strong>Um experiente advogado, de tradicional fam\u00edlia ibiunense, disse ao rep\u00f3rter desta revista anteontem que, ao contr\u00e1rio do passado, sente medo de andar pelas ruas da cidade, especialmente \u00e0 noite, pois se sente inseguro pelas a\u00e7\u00f5es de bandidos perigosos.<\/strong><\/p>\n\n\n\n<p><strong>Isto n\u00e3o significa que as autoridades de seguran\u00e7a do munic\u00edpio n\u00e3o estejam agindo; ao contr\u00e1rio, v\u00eam anunciando que t\u00eam refor\u00e7ado a vigil\u00e2ncia, as a\u00e7\u00f5es preventivas. Mas, pode significar que pode estar aumentando o n\u00famero de infratores no munic\u00edpio, cada vez mais ousados em suas a\u00e7\u00f5es criminosas.<\/strong><\/p>\n\n\n\n<p><strong>J\u00c1 FOI MUITO PIOR<\/strong><\/p>\n\n\n\n<p><strong>O jornal Folha de S. Paulo, analisando dados de 2006, noticiou que Ibi\u00fana estava em primeiro lugar em viol\u00eancia no Estado de S\u00e3o Paulo. Em 2012, j\u00e1 havia ca\u00eddo para o terceiro lugar, uma posi\u00e7\u00e3o, ainda assim, terr\u00edvel para uma cidade interiorana cuja economia se baseia na agricultura.<\/strong><\/p>\n\n\n\n<p><strong>Em 2017, o Instituto Sou da Paz, uma ONG, publicou um estudo ent\u00e3o in\u00e9dito intitulado \u00cdndice de Exposi\u00e7\u00e3o a Crimes Violentos (IECV), com base no levantamento em 138 cidades paulista com mais de 50 mil habitantes. Ibi\u00fana ficou classificada em terceiro lugar, logo abaixo de Lorena e Itanha\u00e9m, e logo acima de Caraguatatuba, Peru\u00edbe, Jandira e Itapevi.<\/strong><\/p>\n\n\n\n<p><strong>Na ocasi\u00e3o, ouvido por vitrine online, o delegado titular de Ibi\u00fana, Rafael de Medeiros Martins, considerou que esses dados n\u00e3o refletiam a realidade criminal no munic\u00edpio que, segundo seus argumentos, apresentava uma situa\u00e7\u00e3o dentro dos padr\u00f5es esperados em se tratando de quest\u00f5es criminais de uma cidade.<\/strong><\/p>\n\n\n\n<p><strong>Disse que haviam sido utilizados dados absolutos e que Ibi\u00fana jamais estaria acima das ocorr\u00eancias que se registravam em munic\u00edpios \u201ccomo Itapevi, Jandira, Carapicu\u00edba e Osasco\u201d.<\/strong><\/p>\n\n\n\n<p><strong>Dr. Rafael havia trabalhado nessa regi\u00e3o e testemunhava que os \u00edndices criminais nesses lugares eram muito maiores do que Ibi\u00fana.<\/strong><\/p>\n\n\n\n<p><strong>O delegado, no entanto, considerou, na \u00e9poca, \u201cmuito alto e preocupante\u201d o n\u00famero de estupros ocorridos no munic\u00edpio que, segundo sua percep\u00e7\u00e3o, pode ter contribu\u00eddo para o destaque conferido a Ibi\u00fana por aquela ONG.<\/strong><\/p>\n\n\n\n<p><strong>Em 2017, houve 15 estupros de crian\u00e7as e adolescentes e 36 de vulner\u00e1veis, praticado dentro das casas por padrastos, pais, tios, vizinhos.<\/strong><\/p>\n","protected":false},"excerpt":{"rendered":"<p>Na \u00faltima quinta-feira (4), uma senhora caminhava pela rua principal do bairro Campininha, localizado a cerca de 30 quil\u00f4metros do<\/p>\n","protected":false},"author":1,"featured_media":30412,"comment_status":"open","ping_status":"open","sticky":false,"template":"","format":"standard","meta":[],"categories":[3],"tags":[],"yoast_head":"<!-- This site is optimized with the Yoast SEO plugin v15.8 - https:\/\/yoast.com\/wordpress\/plugins\/seo\/ -->\n<title>IBI\u00daNA \u2013 CRIMES GERAM INSEGURAN\u00c7A NA POPULA\u00c7\u00c3O - Revista Vitrine Online<\/title>\n<meta name=\"robots\" content=\"index, follow, max-snippet:-1, max-image-preview:large, max-video-preview:-1\" \/>\n<link rel=\"canonical\" href=\"http:\/\/revistavitrineibiuna.com.br\/?p=30411\" \/>\n<meta property=\"og:locale\" content=\"pt_BR\" \/>\n<meta property=\"og:type\" content=\"article\" \/>\n<meta property=\"og:title\" content=\"IBI\u00daNA \u2013 CRIMES GERAM INSEGURAN\u00c7A NA POPULA\u00c7\u00c3O - Revista Vitrine Online\" \/>\n<meta property=\"og:description\" content=\"Na \u00faltima quinta-feira (4), uma senhora caminhava pela rua principal do bairro Campininha, localizado a cerca de 30 quil\u00f4metros do\" \/>\n<meta property=\"og:url\" content=\"http:\/\/revistavitrineibiuna.com.br\/?p=30411\" \/>\n<meta property=\"og:site_name\" content=\"Revista Vitrine Online\" \/>\n<meta property=\"article:published_time\" content=\"2024-01-06T00:52:47+00:00\" \/>\n<meta property=\"article:modified_time\" content=\"2024-01-06T00:52:49+00:00\" \/>\n<meta property=\"og:image\" content=\"https:\/\/revistavitrineibiuna.com.br\/wp-content\/uploads\/2024\/01\/preso-em-flagrante.png\" \/>\n\t<meta property=\"og:image:width\" content=\"558\" \/>\n\t<meta property=\"og:image:height\" content=\"356\" \/>\n<meta name=\"twitter:card\" content=\"summary\" \/>\n<meta name=\"twitter:label1\" content=\"Est. reading time\">\n\t<meta name=\"twitter:data1\" content=\"4 minutos\">\n<script type=\"application\/ld+json\" class=\"yoast-schema-graph\">{\"@context\":\"https:\/\/schema.org\",\"@graph\":[{\"@type\":\"WebSite\",\"@id\":\"https:\/\/revistavitrineibiuna.com.br\/#website\",\"url\":\"https:\/\/revistavitrineibiuna.com.br\/\",\"name\":\"Revista Vitrine Ibi\\u00fana\",\"description\":\"A Revista de Ibi\\u00fana e Regi\\u00e3o\",\"publisher\":{\"@id\":\"https:\/\/revistavitrineibiuna.com.br\/#\/schema\/person\/e51ef49d6d88170ea21ceabff3f73deb\"},\"potentialAction\":[{\"@type\":\"SearchAction\",\"target\":\"https:\/\/revistavitrineibiuna.com.br\/?s={search_term_string}\",\"query-input\":\"required name=search_term_string\"}],\"inLanguage\":\"pt-BR\"},{\"@type\":\"ImageObject\",\"@id\":\"http:\/\/revistavitrineibiuna.com.br\/?p=30411#primaryimage\",\"inLanguage\":\"pt-BR\",\"url\":\"https:\/\/revistavitrineibiuna.com.br\/wp-content\/uploads\/2024\/01\/preso-em-flagrante.png\",\"width\":558,\"height\":356},{\"@type\":\"WebPage\",\"@id\":\"http:\/\/revistavitrineibiuna.com.br\/?p=30411#webpage\",\"url\":\"http:\/\/revistavitrineibiuna.com.br\/?p=30411\",\"name\":\"IBI\\u00daNA \\u2013 CRIMES GERAM INSEGURAN\\u00c7A NA POPULA\\u00c7\\u00c3O - Revista Vitrine Online\",\"isPartOf\":{\"@id\":\"https:\/\/revistavitrineibiuna.com.br\/#website\"},\"primaryImageOfPage\":{\"@id\":\"http:\/\/revistavitrineibiuna.com.br\/?p=30411#primaryimage\"},\"datePublished\":\"2024-01-06T00:52:47+00:00\",\"dateModified\":\"2024-01-06T00:52:49+00:00\",\"breadcrumb\":{\"@id\":\"http:\/\/revistavitrineibiuna.com.br\/?p=30411#breadcrumb\"},\"inLanguage\":\"pt-BR\",\"potentialAction\":[{\"@type\":\"ReadAction\",\"target\":[\"http:\/\/revistavitrineibiuna.com.br\/?p=30411\"]}]},{\"@type\":\"BreadcrumbList\",\"@id\":\"http:\/\/revistavitrineibiuna.com.br\/?p=30411#breadcrumb\",\"itemListElement\":[{\"@type\":\"ListItem\",\"position\":1,\"item\":{\"@type\":\"WebPage\",\"@id\":\"https:\/\/revistavitrineibiuna.com.br\/\",\"url\":\"https:\/\/revistavitrineibiuna.com.br\/\",\"name\":\"In\\u00edcio\"}},{\"@type\":\"ListItem\",\"position\":2,\"item\":{\"@type\":\"WebPage\",\"@id\":\"http:\/\/revistavitrineibiuna.com.br\/?p=30411\",\"url\":\"http:\/\/revistavitrineibiuna.com.br\/?p=30411\",\"name\":\"IBI\\u00daNA \\u2013 CRIMES GERAM INSEGURAN\\u00c7A NA POPULA\\u00c7\\u00c3O\"}}]},{\"@type\":\"Article\",\"@id\":\"http:\/\/revistavitrineibiuna.com.br\/?p=30411#article\",\"isPartOf\":{\"@id\":\"http:\/\/revistavitrineibiuna.com.br\/?p=30411#webpage\"},\"author\":{\"@id\":\"https:\/\/revistavitrineibiuna.com.br\/#\/schema\/person\/e51ef49d6d88170ea21ceabff3f73deb\"},\"headline\":\"IBI\\u00daNA \\u2013 CRIMES GERAM INSEGURAN\\u00c7A NA POPULA\\u00c7\\u00c3O\",\"datePublished\":\"2024-01-06T00:52:47+00:00\",\"dateModified\":\"2024-01-06T00:52:49+00:00\",\"mainEntityOfPage\":{\"@id\":\"http:\/\/revistavitrineibiuna.com.br\/?p=30411#webpage\"},\"commentCount\":0,\"publisher\":{\"@id\":\"https:\/\/revistavitrineibiuna.com.br\/#\/schema\/person\/e51ef49d6d88170ea21ceabff3f73deb\"},\"image\":{\"@id\":\"http:\/\/revistavitrineibiuna.com.br\/?p=30411#primaryimage\"},\"articleSection\":\"Not\\u00edcias\",\"inLanguage\":\"pt-BR\",\"potentialAction\":[{\"@type\":\"CommentAction\",\"name\":\"Comment\",\"target\":[\"http:\/\/revistavitrineibiuna.com.br\/?p=30411#respond\"]}]},{\"@type\":[\"Person\",\"Organization\"],\"@id\":\"https:\/\/revistavitrineibiuna.com.br\/#\/schema\/person\/e51ef49d6d88170ea21ceabff3f73deb\",\"name\":\"Carlos Rossini\",\"image\":{\"@type\":\"ImageObject\",\"@id\":\"https:\/\/revistavitrineibiuna.com.br\/#personlogo\",\"inLanguage\":\"pt-BR\",\"url\":\"https:\/\/secure.gravatar.com\/avatar\/4f2d0f99fac1f85c7d643f21f5c8d900?s=96&d=mm&r=g\",\"caption\":\"Carlos Rossini\"},\"logo\":{\"@id\":\"https:\/\/revistavitrineibiuna.com.br\/#personlogo\"},\"description\":\"Carlos Rossini \\u00e9 jornalista, soci\\u00f3logo, escritor e professor universit\\u00e1rio, tendo sido professor de jornalismo por vinte anos. Trabalhou em ve\\u00edculos de comunica\\u00e7\\u00e3o nas fun\\u00e7\\u00f5es de rep\\u00f3rter, redator, editor, articulista e colaborador, como Folha de S. Paulo, O Estado de S. Paulo, Di\\u00e1rio Popular, entre outros. Ao transferir a revista vitrine, vers\\u00e3o imprensa, de S\\u00e3o Paulo para Ibi\\u00fana h\\u00e1 alguns anos, iniciou uma nova experi\\u00eancia profissional, dedicando-se ao jornalismo regional, depois de cumprir uma trajet\\u00f3ria bem-sucedida na grande imprensa brasileira. Seu primeiro livro A Coragem de Comunicar foi lan\\u00e7ado na Bienal do Livro em S\\u00e3o Paulo no ano 2000, pela editora Madras.\"}]}<\/script>\n<!-- \/ Yoast SEO plugin. -->","_links":{"self":[{"href":"https:\/\/revistavitrineibiuna.com.br\/index.php?rest_route=\/wp\/v2\/posts\/30411"}],"collection":[{"href":"https:\/\/revistavitrineibiuna.com.br\/index.php?rest_route=\/wp\/v2\/posts"}],"about":[{"href":"https:\/\/revistavitrineibiuna.com.br\/index.php?rest_route=\/wp\/v2\/types\/post"}],"author":[{"embeddable":true,"href":"https:\/\/revistavitrineibiuna.com.br\/index.php?rest_route=\/wp\/v2\/users\/1"}],"replies":[{"embeddable":true,"href":"https:\/\/revistavitrineibiuna.com.br\/index.php?rest_route=%2Fwp%2Fv2%2Fcomments&post=30411"}],"version-history":[{"count":1,"href":"https:\/\/revistavitrineibiuna.com.br\/index.php?rest_route=\/wp\/v2\/posts\/30411\/revisions"}],"predecessor-version":[{"id":30413,"href":"https:\/\/revistavitrineibiuna.com.br\/index.php?rest_route=\/wp\/v2\/posts\/30411\/revisions\/30413"}],"wp:featuredmedia":[{"embeddable":true,"href":"https:\/\/revistavitrineibiuna.com.br\/index.php?rest_route=\/wp\/v2\/media\/30412"}],"wp:attachment":[{"href":"https:\/\/revistavitrineibiuna.com.br\/index.php?rest_route=%2Fwp%2Fv2%2Fmedia&parent=30411"}],"wp:term":[{"taxonomy":"category","embeddable":true,"href":"https:\/\/revistavitrineibiuna.com.br\/index.php?rest_route=%2Fwp%2Fv2%2Fcategories&post=30411"},{"taxonomy":"post_tag","embeddable":true,"href":"https:\/\/revistavitrineibiuna.com.br\/index.php?rest_route=%2Fwp%2Fv2%2Ftags&post=30411"}],"curies":[{"name":"wp","href":"https:\/\/api.w.org\/{rel}","templated":true}]}}