{"id":30414,"date":"2024-01-06T11:50:26","date_gmt":"2024-01-06T14:50:26","guid":{"rendered":"http:\/\/revistavitrineibiuna.com.br\/?p=30414"},"modified":"2024-01-06T11:54:57","modified_gmt":"2024-01-06T14:54:57","slug":"ibiuna-conselheiros-tutelares-tomam-posse-nesta-quarta-feira","status":"publish","type":"post","link":"https:\/\/revistavitrineibiuna.com.br\/?p=30414","title":{"rendered":"IBI\u00daNA \u2013 CONSELHEIROS TUTELARES TOMAM POSSE NESTA QUARTA-FEIRA"},"content":{"rendered":"\n<p class=\"has-drop-cap\"><strong>Eleitos no dia 1\u00ba de outubro passado, os cinco integrantes do Conselho Tutelar de Ibi\u00fana tomam posse nesta quarta-feira (10), em solenidade a ser realizada no Audit\u00f3rio Municipal, na Rua Benjamin Constant, 80, no centro de Ibi\u00fana.<\/strong><\/p>\n\n\n\n<p><strong>Eles cumprir\u00e3o um mandato de quatro anos e ter\u00e3o pela frente uma tarefa desafiadora, uma vez que crian\u00e7as e adolescentes t\u00eam sido v\u00edtimas de diversas viol\u00eancias cometidas sobretudo por adultos no ambiente familiar.<\/strong><\/p>\n\n\n\n<p><strong>DIREITOS FUNDAMENTAIS<\/strong><\/p>\n\n\n\n<p><strong>O artigo 3\u00ba do Estatuto da Crian\u00e7a e do Adolescente &#8211; ECA a ess\u00eancia da miss\u00e3o dos conselheiros tutelares:<\/strong><\/p>\n\n\n\n<p><strong>\u201cA crian\u00e7a e o adolescente gozam de todos os direitos fundamentais inerentes \u00e0 pessoa humana, sem preju\u00edzo da prote\u00e7\u00e3o integral de que trata esta lei, assegurando-lhes, por lei ou por outros meios, todas as oportunidades e facilidades, a fim de lhes facultar o desenvolvimento f\u00edsico, mental, moral, espiritual e social, em condi\u00e7\u00f5es de liberdade e de dignidade.\u201d<\/strong><\/p>\n\n\n\n<p><strong>COMPOSI\u00c7\u00c3O<\/strong><\/p>\n\n\n\n<p><strong>V\u00e3o compor o Conselho Tutelar at\u00e9 2028, os seguintes conselheiros:<\/strong><\/p>\n\n\n\n<p><strong>Camila Leite Domingues de Almeida;<\/strong><\/p>\n\n\n\n<p><strong>Elis\u00e2ngela Aparecida de Oliveira Leme;<\/strong><\/p>\n\n\n\n<p><strong>Eli Valentim;<\/strong><strong><\/strong><\/p>\n\n\n\n<p><strong>Jaciara Aparecida Soares dos Santos.<\/strong><\/p>\n\n\n\n<p><strong>M\u00e1rcia Cristina dos Santos Matos.<\/strong><\/p>\n\n\n\n<p><strong>Vitrine online e TVUNA desejam a todos uma feliz gest\u00e3o, pois ela se refletir\u00e1 no presente e no futuro de toda a sociedade ibiunense.<\/strong><\/p>\n","protected":false},"excerpt":{"rendered":"<p>Eleitos no dia 1\u00ba de outubro passado, os cinco integrantes do Conselho Tutelar de Ibi\u00fana tomam posse nesta quarta-feira (10),<\/p>\n","protected":false},"author":1,"featured_media":30417,"comment_status":"open","ping_status":"open","sticky":false,"template":"","format":"standard","meta":[],"categories":[3],"tags":[],"yoast_head":"<!-- This site is optimized with the Yoast SEO plugin v15.8 - https:\/\/yoast.com\/wordpress\/plugins\/seo\/ -->\n<title>IBI\u00daNA \u2013 CONSELHEIROS TUTELARES TOMAM POSSE NESTA QUARTA-FEIRA - Revista Vitrine Online<\/title>\n<meta name=\"robots\" content=\"index, follow, max-snippet:-1, max-image-preview:large, max-video-preview:-1\" \/>\n<link rel=\"canonical\" href=\"http:\/\/revistavitrineibiuna.com.br\/?p=30414\" \/>\n<meta property=\"og:locale\" content=\"pt_BR\" \/>\n<meta property=\"og:type\" content=\"article\" \/>\n<meta property=\"og:title\" content=\"IBI\u00daNA \u2013 CONSELHEIROS TUTELARES TOMAM POSSE NESTA QUARTA-FEIRA - Revista Vitrine Online\" \/>\n<meta property=\"og:description\" content=\"Eleitos no dia 1\u00ba de outubro passado, os cinco integrantes do Conselho Tutelar de Ibi\u00fana tomam posse nesta quarta-feira (10),\" \/>\n<meta property=\"og:url\" content=\"http:\/\/revistavitrineibiuna.com.br\/?p=30414\" \/>\n<meta property=\"og:site_name\" content=\"Revista Vitrine Online\" \/>\n<meta property=\"article:published_time\" content=\"2024-01-06T14:50:26+00:00\" \/>\n<meta property=\"article:modified_time\" content=\"2024-01-06T14:54:57+00:00\" \/>\n<meta property=\"og:image\" content=\"https:\/\/revistavitrineibiuna.com.br\/wp-content\/uploads\/2024\/01\/ELEICAO-DO-CONSELHO-NOVO-1-800x445-1.png\" \/>\n\t<meta property=\"og:image:width\" content=\"800\" \/>\n\t<meta property=\"og:image:height\" content=\"445\" \/>\n<meta name=\"twitter:card\" content=\"summary\" \/>\n<meta name=\"twitter:label1\" content=\"Est. reading time\">\n\t<meta name=\"twitter:data1\" content=\"1 minuto\">\n<script type=\"application\/ld+json\" class=\"yoast-schema-graph\">{\"@context\":\"https:\/\/schema.org\",\"@graph\":[{\"@type\":\"WebSite\",\"@id\":\"https:\/\/revistavitrineibiuna.com.br\/#website\",\"url\":\"https:\/\/revistavitrineibiuna.com.br\/\",\"name\":\"Revista Vitrine Ibi\\u00fana\",\"description\":\"A Revista de Ibi\\u00fana e Regi\\u00e3o\",\"publisher\":{\"@id\":\"https:\/\/revistavitrineibiuna.com.br\/#\/schema\/person\/e51ef49d6d88170ea21ceabff3f73deb\"},\"potentialAction\":[{\"@type\":\"SearchAction\",\"target\":\"https:\/\/revistavitrineibiuna.com.br\/?s={search_term_string}\",\"query-input\":\"required name=search_term_string\"}],\"inLanguage\":\"pt-BR\"},{\"@type\":\"ImageObject\",\"@id\":\"http:\/\/revistavitrineibiuna.com.br\/?p=30414#primaryimage\",\"inLanguage\":\"pt-BR\",\"url\":\"https:\/\/revistavitrineibiuna.com.br\/wp-content\/uploads\/2024\/01\/ELEICAO-DO-CONSELHO-NOVO-1-800x445-1.png\",\"width\":800,\"height\":445},{\"@type\":\"WebPage\",\"@id\":\"http:\/\/revistavitrineibiuna.com.br\/?p=30414#webpage\",\"url\":\"http:\/\/revistavitrineibiuna.com.br\/?p=30414\",\"name\":\"IBI\\u00daNA \\u2013 CONSELHEIROS TUTELARES TOMAM POSSE NESTA QUARTA-FEIRA - Revista Vitrine Online\",\"isPartOf\":{\"@id\":\"https:\/\/revistavitrineibiuna.com.br\/#website\"},\"primaryImageOfPage\":{\"@id\":\"http:\/\/revistavitrineibiuna.com.br\/?p=30414#primaryimage\"},\"datePublished\":\"2024-01-06T14:50:26+00:00\",\"dateModified\":\"2024-01-06T14:54:57+00:00\",\"breadcrumb\":{\"@id\":\"http:\/\/revistavitrineibiuna.com.br\/?p=30414#breadcrumb\"},\"inLanguage\":\"pt-BR\",\"potentialAction\":[{\"@type\":\"ReadAction\",\"target\":[\"http:\/\/revistavitrineibiuna.com.br\/?p=30414\"]}]},{\"@type\":\"BreadcrumbList\",\"@id\":\"http:\/\/revistavitrineibiuna.com.br\/?p=30414#breadcrumb\",\"itemListElement\":[{\"@type\":\"ListItem\",\"position\":1,\"item\":{\"@type\":\"WebPage\",\"@id\":\"https:\/\/revistavitrineibiuna.com.br\/\",\"url\":\"https:\/\/revistavitrineibiuna.com.br\/\",\"name\":\"In\\u00edcio\"}},{\"@type\":\"ListItem\",\"position\":2,\"item\":{\"@type\":\"WebPage\",\"@id\":\"http:\/\/revistavitrineibiuna.com.br\/?p=30414\",\"url\":\"http:\/\/revistavitrineibiuna.com.br\/?p=30414\",\"name\":\"IBI\\u00daNA \\u2013 CONSELHEIROS TUTELARES TOMAM POSSE NESTA QUARTA-FEIRA\"}}]},{\"@type\":\"Article\",\"@id\":\"http:\/\/revistavitrineibiuna.com.br\/?p=30414#article\",\"isPartOf\":{\"@id\":\"http:\/\/revistavitrineibiuna.com.br\/?p=30414#webpage\"},\"author\":{\"@id\":\"https:\/\/revistavitrineibiuna.com.br\/#\/schema\/person\/e51ef49d6d88170ea21ceabff3f73deb\"},\"headline\":\"IBI\\u00daNA \\u2013 CONSELHEIROS TUTELARES TOMAM POSSE NESTA QUARTA-FEIRA\",\"datePublished\":\"2024-01-06T14:50:26+00:00\",\"dateModified\":\"2024-01-06T14:54:57+00:00\",\"mainEntityOfPage\":{\"@id\":\"http:\/\/revistavitrineibiuna.com.br\/?p=30414#webpage\"},\"commentCount\":0,\"publisher\":{\"@id\":\"https:\/\/revistavitrineibiuna.com.br\/#\/schema\/person\/e51ef49d6d88170ea21ceabff3f73deb\"},\"image\":{\"@id\":\"http:\/\/revistavitrineibiuna.com.br\/?p=30414#primaryimage\"},\"articleSection\":\"Not\\u00edcias\",\"inLanguage\":\"pt-BR\",\"potentialAction\":[{\"@type\":\"CommentAction\",\"name\":\"Comment\",\"target\":[\"http:\/\/revistavitrineibiuna.com.br\/?p=30414#respond\"]}]},{\"@type\":[\"Person\",\"Organization\"],\"@id\":\"https:\/\/revistavitrineibiuna.com.br\/#\/schema\/person\/e51ef49d6d88170ea21ceabff3f73deb\",\"name\":\"Carlos Rossini\",\"image\":{\"@type\":\"ImageObject\",\"@id\":\"https:\/\/revistavitrineibiuna.com.br\/#personlogo\",\"inLanguage\":\"pt-BR\",\"url\":\"https:\/\/secure.gravatar.com\/avatar\/4f2d0f99fac1f85c7d643f21f5c8d900?s=96&d=mm&r=g\",\"caption\":\"Carlos Rossini\"},\"logo\":{\"@id\":\"https:\/\/revistavitrineibiuna.com.br\/#personlogo\"},\"description\":\"Carlos Rossini \\u00e9 jornalista, soci\\u00f3logo, escritor e professor universit\\u00e1rio, tendo sido professor de jornalismo por vinte anos. Trabalhou em ve\\u00edculos de comunica\\u00e7\\u00e3o nas fun\\u00e7\\u00f5es de rep\\u00f3rter, redator, editor, articulista e colaborador, como Folha de S. Paulo, O Estado de S. Paulo, Di\\u00e1rio Popular, entre outros. Ao transferir a revista vitrine, vers\\u00e3o imprensa, de S\\u00e3o Paulo para Ibi\\u00fana h\\u00e1 alguns anos, iniciou uma nova experi\\u00eancia profissional, dedicando-se ao jornalismo regional, depois de cumprir uma trajet\\u00f3ria bem-sucedida na grande imprensa brasileira. Seu primeiro livro A Coragem de Comunicar foi lan\\u00e7ado na Bienal do Livro em S\\u00e3o Paulo no ano 2000, pela editora Madras.\"}]}<\/script>\n<!-- \/ Yoast SEO plugin. -->","_links":{"self":[{"href":"https:\/\/revistavitrineibiuna.com.br\/index.php?rest_route=\/wp\/v2\/posts\/30414"}],"collection":[{"href":"https:\/\/revistavitrineibiuna.com.br\/index.php?rest_route=\/wp\/v2\/posts"}],"about":[{"href":"https:\/\/revistavitrineibiuna.com.br\/index.php?rest_route=\/wp\/v2\/types\/post"}],"author":[{"embeddable":true,"href":"https:\/\/revistavitrineibiuna.com.br\/index.php?rest_route=\/wp\/v2\/users\/1"}],"replies":[{"embeddable":true,"href":"https:\/\/revistavitrineibiuna.com.br\/index.php?rest_route=%2Fwp%2Fv2%2Fcomments&post=30414"}],"version-history":[{"count":1,"href":"https:\/\/revistavitrineibiuna.com.br\/index.php?rest_route=\/wp\/v2\/posts\/30414\/revisions"}],"predecessor-version":[{"id":30416,"href":"https:\/\/revistavitrineibiuna.com.br\/index.php?rest_route=\/wp\/v2\/posts\/30414\/revisions\/30416"}],"wp:featuredmedia":[{"embeddable":true,"href":"https:\/\/revistavitrineibiuna.com.br\/index.php?rest_route=\/wp\/v2\/media\/30417"}],"wp:attachment":[{"href":"https:\/\/revistavitrineibiuna.com.br\/index.php?rest_route=%2Fwp%2Fv2%2Fmedia&parent=30414"}],"wp:term":[{"taxonomy":"category","embeddable":true,"href":"https:\/\/revistavitrineibiuna.com.br\/index.php?rest_route=%2Fwp%2Fv2%2Fcategories&post=30414"},{"taxonomy":"post_tag","embeddable":true,"href":"https:\/\/revistavitrineibiuna.com.br\/index.php?rest_route=%2Fwp%2Fv2%2Ftags&post=30414"}],"curies":[{"name":"wp","href":"https:\/\/api.w.org\/{rel}","templated":true}]}}