{"id":30419,"date":"2024-01-08T12:14:51","date_gmt":"2024-01-08T15:14:51","guid":{"rendered":"http:\/\/revistavitrineibiuna.com.br\/?p=30419"},"modified":"2024-01-08T15:53:44","modified_gmt":"2024-01-08T18:53:44","slug":"ibiuna-roubaram-a-sanfona-do-valdeci","status":"publish","type":"post","link":"https:\/\/revistavitrineibiuna.com.br\/?p=30419","title":{"rendered":"IBI\u00daNA \u2013 ROUBARAM A SANFONA DO VALDECI"},"content":{"rendered":"\n<p class=\"has-drop-cap\"><strong>O grande Luiz Gonzaga, o Rei do Bai\u00e3o, popularizou o uso da sanfona no Brasil, com suas m\u00fasicas de imenso sucesso. Pois bem! Um dia roubaram sua sanfona. Indignado, ele falou: \u201cQuem roubou minha sanfona, a\u00ed! N\u00e3o fa\u00e7a isso de novo.\u201d<\/strong><\/p>\n\n\n\n<p><strong>Valdeci da Sanfona, um paranaense de 60 anos que vive h\u00e1 30 em Ibi\u00fana foi ao culto neste domingo (7) ouvir \u201ca palavra de Deus\u201d na igreja Testemunha de Jeov\u00e1.<\/strong><\/p>\n\n\n\n<p><strong>Quando voltou para a casa no bairro da Cachoeira, em Ibi\u00fana, por volta das 20h15, parecia tudo normal. Entrou com a esposa. Aos poucos deram falta do telefone da mulher, depois de uma jaqueta nova, t\u00eanis, botina&#8230;e da sanfona.<\/strong><\/p>\n\n\n\n<p><strong>Valdeci sempre tinha o sonho de tocar sanfona, \u201cmas \u00e9 um instrumento muito caro\u201d, o pai n\u00e3o podia comprar uma. De qualquer forma, come\u00e7ou a aprender aos 16 anos e j\u00e1 se passaram 42.<\/strong><\/p>\n\n\n\n<p><strong>Ela chegou depois de muito trabalho. Uma Todeschini de 120 baixos, vermelha e branco [foto]. Adquiriu de uma estudante de m\u00fasica moradora no Colinas, onde ele trabalha, que a vendeu depois de sua formatura.<\/strong><\/p>\n\n\n\n<p><strong>\u201cSou o segundo dono\u201d, diz Valdeci, revelando que foi fabricada h\u00e1 42 anos na empresa de mesmo nome localizada no Rio Grande do Sul, que pegou fogo e parou a produ\u00e7\u00e3o. \u201cExistem somente 100 dessas sanfonas no Brasil\u201d, informa lamentando profundamente que os ladr\u00f5es a levaram.<\/strong><\/p>\n\n\n\n<p><strong>\u201cA sanfona tem muito valor para mim. Ela tem uma excelente sonoridade e faz parte da minha vida e das pessoas para as quais toco, em festas e bailes. O telefone celular, a gente compra outro, mas n\u00e3o tem como comprar a sanfona.\u201d<\/strong><\/p>\n\n\n\n<figure class=\"wp-block-image size-large\"><img loading=\"lazy\" width=\"609\" height=\"786\" src=\"https:\/\/revistavitrineibiuna.com.br\/wp-content\/uploads\/2024\/01\/valdeci-foto-2.png\" alt=\"\" class=\"wp-image-30434\" srcset=\"https:\/\/revistavitrineibiuna.com.br\/wp-content\/uploads\/2024\/01\/valdeci-foto-2.png 609w, https:\/\/revistavitrineibiuna.com.br\/wp-content\/uploads\/2024\/01\/valdeci-foto-2-232x300.png 232w\" sizes=\"(max-width: 609px) 100vw, 609px\" \/><figcaption>Valdeci, no est\u00fadio da r\u00e1dio Space, com a sanfona que foi levada pelos ladr\u00f5es na noite de domingo<\/figcaption><\/figure>\n\n\n\n<p><strong>AVISE A POL\u00cdCIA<\/strong><\/p>\n\n\n\n<p><strong>Quem souber do paradeiro da sanfona pode avisar a Pol\u00edcia Militar atrav\u00e9s do 190, a Guarda Civil Municipal 153 ou (15) 3241-2509 ou a Delegacia de Pol\u00edcia (15) 3241-1222. N\u00e3o \u00e9 preciso se identificar.<\/strong><\/p>\n\n\n\n<p><strong>SANFONA<\/strong><\/p>\n\n\n\n<p><strong>As origens mais primitivas da sanfona, ou acorde\u00e3o, se encontram na China, h\u00e1 3.000 a.C, foi aperfei\u00e7oada na Alemanha e chegou ao Brasil no s\u00e9culo XIX trazida pelos imigrantes, principalmente italianos e alem\u00e3es que ficaram concentrados em sua maioria nas regi\u00f5es dos estados de Santa Catarina, S\u00e3o Paulo e Rio Grande do Sul.<\/strong><\/p>\n\n\n\n<p><strong>Quando se queixou do roubo da sua sanfona, Luiz Gonzaga estava refletindo o sentido simb\u00f3lico da sanfona como um instrumento com aura sagrada no Nordeste.<\/strong><\/p>\n\n\n\n<p><strong>A raz\u00e3o talvez seja a mesma que faz Valdeci Rebou\u00e7as Santos lamentar o seu roubo: o som da sanfona nos faz dan\u00e7ar, brindar e abra\u00e7ar a vida.<\/strong><\/p>\n\n\n\n<p><strong>Vitrine online apela \u00e0queles que a tenham furtado que, de alguma forma se arrependam, e deem um jeito de devolv\u00ea-la ao seu leg\u00edtimo dono, porque ela est\u00e1 fazendo falta, pois tem um valor sentimental que n\u00e3o se compra com dinheiro. &nbsp;&nbsp;<\/strong><\/p>\n","protected":false},"excerpt":{"rendered":"<p>O grande Luiz Gonzaga, o Rei do Bai\u00e3o, popularizou o uso da sanfona no Brasil, com suas m\u00fasicas de imenso<\/p>\n","protected":false},"author":1,"featured_media":30420,"comment_status":"open","ping_status":"open","sticky":false,"template":"","format":"standard","meta":[],"categories":[3],"tags":[],"yoast_head":"<!-- This site is optimized with the Yoast SEO plugin v15.8 - https:\/\/yoast.com\/wordpress\/plugins\/seo\/ -->\n<title>IBI\u00daNA \u2013 ROUBARAM A SANFONA DO VALDECI - Revista Vitrine Online<\/title>\n<meta name=\"robots\" content=\"index, follow, max-snippet:-1, max-image-preview:large, max-video-preview:-1\" \/>\n<link rel=\"canonical\" href=\"http:\/\/revistavitrineibiuna.com.br\/?p=30419\" \/>\n<meta property=\"og:locale\" content=\"pt_BR\" \/>\n<meta property=\"og:type\" content=\"article\" \/>\n<meta property=\"og:title\" content=\"IBI\u00daNA \u2013 ROUBARAM A SANFONA DO VALDECI - Revista Vitrine Online\" \/>\n<meta property=\"og:description\" content=\"O grande Luiz Gonzaga, o Rei do Bai\u00e3o, popularizou o uso da sanfona no Brasil, com suas m\u00fasicas de imenso\" \/>\n<meta property=\"og:url\" content=\"http:\/\/revistavitrineibiuna.com.br\/?p=30419\" \/>\n<meta property=\"og:site_name\" content=\"Revista Vitrine Online\" \/>\n<meta property=\"article:published_time\" content=\"2024-01-08T15:14:51+00:00\" \/>\n<meta property=\"article:modified_time\" content=\"2024-01-08T18:53:44+00:00\" \/>\n<meta property=\"og:image\" content=\"https:\/\/revistavitrineibiuna.com.br\/wp-content\/uploads\/2024\/01\/roubo-da-sanfona-1.png\" \/>\n\t<meta property=\"og:image:width\" content=\"654\" \/>\n\t<meta property=\"og:image:height\" content=\"364\" \/>\n<meta name=\"twitter:card\" content=\"summary\" \/>\n<meta name=\"twitter:label1\" content=\"Est. reading time\">\n\t<meta name=\"twitter:data1\" content=\"3 minutos\">\n<script type=\"application\/ld+json\" class=\"yoast-schema-graph\">{\"@context\":\"https:\/\/schema.org\",\"@graph\":[{\"@type\":\"WebSite\",\"@id\":\"https:\/\/revistavitrineibiuna.com.br\/#website\",\"url\":\"https:\/\/revistavitrineibiuna.com.br\/\",\"name\":\"Revista Vitrine Ibi\\u00fana\",\"description\":\"A Revista de Ibi\\u00fana e Regi\\u00e3o\",\"publisher\":{\"@id\":\"https:\/\/revistavitrineibiuna.com.br\/#\/schema\/person\/e51ef49d6d88170ea21ceabff3f73deb\"},\"potentialAction\":[{\"@type\":\"SearchAction\",\"target\":\"https:\/\/revistavitrineibiuna.com.br\/?s={search_term_string}\",\"query-input\":\"required name=search_term_string\"}],\"inLanguage\":\"pt-BR\"},{\"@type\":\"ImageObject\",\"@id\":\"http:\/\/revistavitrineibiuna.com.br\/?p=30419#primaryimage\",\"inLanguage\":\"pt-BR\",\"url\":\"https:\/\/revistavitrineibiuna.com.br\/wp-content\/uploads\/2024\/01\/roubo-da-sanfona-1.png\",\"width\":654,\"height\":364},{\"@type\":\"WebPage\",\"@id\":\"http:\/\/revistavitrineibiuna.com.br\/?p=30419#webpage\",\"url\":\"http:\/\/revistavitrineibiuna.com.br\/?p=30419\",\"name\":\"IBI\\u00daNA \\u2013 ROUBARAM A SANFONA DO VALDECI - Revista Vitrine Online\",\"isPartOf\":{\"@id\":\"https:\/\/revistavitrineibiuna.com.br\/#website\"},\"primaryImageOfPage\":{\"@id\":\"http:\/\/revistavitrineibiuna.com.br\/?p=30419#primaryimage\"},\"datePublished\":\"2024-01-08T15:14:51+00:00\",\"dateModified\":\"2024-01-08T18:53:44+00:00\",\"breadcrumb\":{\"@id\":\"http:\/\/revistavitrineibiuna.com.br\/?p=30419#breadcrumb\"},\"inLanguage\":\"pt-BR\",\"potentialAction\":[{\"@type\":\"ReadAction\",\"target\":[\"http:\/\/revistavitrineibiuna.com.br\/?p=30419\"]}]},{\"@type\":\"BreadcrumbList\",\"@id\":\"http:\/\/revistavitrineibiuna.com.br\/?p=30419#breadcrumb\",\"itemListElement\":[{\"@type\":\"ListItem\",\"position\":1,\"item\":{\"@type\":\"WebPage\",\"@id\":\"https:\/\/revistavitrineibiuna.com.br\/\",\"url\":\"https:\/\/revistavitrineibiuna.com.br\/\",\"name\":\"In\\u00edcio\"}},{\"@type\":\"ListItem\",\"position\":2,\"item\":{\"@type\":\"WebPage\",\"@id\":\"http:\/\/revistavitrineibiuna.com.br\/?p=30419\",\"url\":\"http:\/\/revistavitrineibiuna.com.br\/?p=30419\",\"name\":\"IBI\\u00daNA \\u2013 ROUBARAM A SANFONA DO VALDECI\"}}]},{\"@type\":\"Article\",\"@id\":\"http:\/\/revistavitrineibiuna.com.br\/?p=30419#article\",\"isPartOf\":{\"@id\":\"http:\/\/revistavitrineibiuna.com.br\/?p=30419#webpage\"},\"author\":{\"@id\":\"https:\/\/revistavitrineibiuna.com.br\/#\/schema\/person\/e51ef49d6d88170ea21ceabff3f73deb\"},\"headline\":\"IBI\\u00daNA \\u2013 ROUBARAM A SANFONA DO VALDECI\",\"datePublished\":\"2024-01-08T15:14:51+00:00\",\"dateModified\":\"2024-01-08T18:53:44+00:00\",\"mainEntityOfPage\":{\"@id\":\"http:\/\/revistavitrineibiuna.com.br\/?p=30419#webpage\"},\"commentCount\":0,\"publisher\":{\"@id\":\"https:\/\/revistavitrineibiuna.com.br\/#\/schema\/person\/e51ef49d6d88170ea21ceabff3f73deb\"},\"image\":{\"@id\":\"http:\/\/revistavitrineibiuna.com.br\/?p=30419#primaryimage\"},\"articleSection\":\"Not\\u00edcias\",\"inLanguage\":\"pt-BR\",\"potentialAction\":[{\"@type\":\"CommentAction\",\"name\":\"Comment\",\"target\":[\"http:\/\/revistavitrineibiuna.com.br\/?p=30419#respond\"]}]},{\"@type\":[\"Person\",\"Organization\"],\"@id\":\"https:\/\/revistavitrineibiuna.com.br\/#\/schema\/person\/e51ef49d6d88170ea21ceabff3f73deb\",\"name\":\"Carlos Rossini\",\"image\":{\"@type\":\"ImageObject\",\"@id\":\"https:\/\/revistavitrineibiuna.com.br\/#personlogo\",\"inLanguage\":\"pt-BR\",\"url\":\"https:\/\/secure.gravatar.com\/avatar\/4f2d0f99fac1f85c7d643f21f5c8d900?s=96&d=mm&r=g\",\"caption\":\"Carlos Rossini\"},\"logo\":{\"@id\":\"https:\/\/revistavitrineibiuna.com.br\/#personlogo\"},\"description\":\"Carlos Rossini \\u00e9 jornalista, soci\\u00f3logo, escritor e professor universit\\u00e1rio, tendo sido professor de jornalismo por vinte anos. Trabalhou em ve\\u00edculos de comunica\\u00e7\\u00e3o nas fun\\u00e7\\u00f5es de rep\\u00f3rter, redator, editor, articulista e colaborador, como Folha de S. Paulo, O Estado de S. Paulo, Di\\u00e1rio Popular, entre outros. Ao transferir a revista vitrine, vers\\u00e3o imprensa, de S\\u00e3o Paulo para Ibi\\u00fana h\\u00e1 alguns anos, iniciou uma nova experi\\u00eancia profissional, dedicando-se ao jornalismo regional, depois de cumprir uma trajet\\u00f3ria bem-sucedida na grande imprensa brasileira. Seu primeiro livro A Coragem de Comunicar foi lan\\u00e7ado na Bienal do Livro em S\\u00e3o Paulo no ano 2000, pela editora Madras.\"}]}<\/script>\n<!-- \/ Yoast SEO plugin. -->","_links":{"self":[{"href":"https:\/\/revistavitrineibiuna.com.br\/index.php?rest_route=\/wp\/v2\/posts\/30419"}],"collection":[{"href":"https:\/\/revistavitrineibiuna.com.br\/index.php?rest_route=\/wp\/v2\/posts"}],"about":[{"href":"https:\/\/revistavitrineibiuna.com.br\/index.php?rest_route=\/wp\/v2\/types\/post"}],"author":[{"embeddable":true,"href":"https:\/\/revistavitrineibiuna.com.br\/index.php?rest_route=\/wp\/v2\/users\/1"}],"replies":[{"embeddable":true,"href":"https:\/\/revistavitrineibiuna.com.br\/index.php?rest_route=%2Fwp%2Fv2%2Fcomments&post=30419"}],"version-history":[{"count":12,"href":"https:\/\/revistavitrineibiuna.com.br\/index.php?rest_route=\/wp\/v2\/posts\/30419\/revisions"}],"predecessor-version":[{"id":30435,"href":"https:\/\/revistavitrineibiuna.com.br\/index.php?rest_route=\/wp\/v2\/posts\/30419\/revisions\/30435"}],"wp:featuredmedia":[{"embeddable":true,"href":"https:\/\/revistavitrineibiuna.com.br\/index.php?rest_route=\/wp\/v2\/media\/30420"}],"wp:attachment":[{"href":"https:\/\/revistavitrineibiuna.com.br\/index.php?rest_route=%2Fwp%2Fv2%2Fmedia&parent=30419"}],"wp:term":[{"taxonomy":"category","embeddable":true,"href":"https:\/\/revistavitrineibiuna.com.br\/index.php?rest_route=%2Fwp%2Fv2%2Fcategories&post=30419"},{"taxonomy":"post_tag","embeddable":true,"href":"https:\/\/revistavitrineibiuna.com.br\/index.php?rest_route=%2Fwp%2Fv2%2Ftags&post=30419"}],"curies":[{"name":"wp","href":"https:\/\/api.w.org\/{rel}","templated":true}]}}