{"id":30436,"date":"2024-01-09T18:12:03","date_gmt":"2024-01-09T21:12:03","guid":{"rendered":"http:\/\/revistavitrineibiuna.com.br\/?p=30436"},"modified":"2024-01-09T19:12:49","modified_gmt":"2024-01-09T22:12:49","slug":"ibiuna-falta-de-transporte-publico-leva-populacao-ao-desespero","status":"publish","type":"post","link":"https:\/\/revistavitrineibiuna.com.br\/?p=30436","title":{"rendered":"IBI\u00daNA \u2013 FALTA DE TRANSPORTE P\u00daBLICO LEVA POPULA\u00c7\u00c3O AO DESESPERO"},"content":{"rendered":"\n<p class=\"has-drop-cap\"><strong>Todos os anos, no per\u00edodo das f\u00e9rias escolares, o n\u00famero de \u00f4nibus que fazem transporte coletivo em Ibi\u00fana \u00e9 reduzido, o que naturalmente torna mais demorado esse servi\u00e7o \u00e0 popula\u00e7\u00e3o.<\/strong><\/p>\n\n\n\n<p><strong>Vitrine apurou que nos anos anteriores o corte de \u00f4nibus em circula\u00e7\u00e3o foi de cerca de 30%. Este ano, no entanto, a medida foi mais dr\u00e1stica: a redu\u00e7\u00e3o foi da ordem de 60%, o que explica o atual e not\u00f3rio desespero dos usu\u00e1rios: pessoas que t\u00eam hora para chegar ao servi\u00e7o, ir ao m\u00e9dico, aos bancos, fazer compras, abrir lojas, comprar rem\u00e9dios, e tantos outros motivos.<\/strong><\/p>\n\n\n\n<p><strong>Atualmente, cerca de 20 \u00f4nibus est\u00e3o funcionando no munic\u00edpio com mais de 90 bairros rurais, espalhados em um territ\u00f3rio imenso.<\/strong><\/p>\n\n\n\n<p><strong>Supostamente, como ouvimos de pessoas do setor, esse problema seria decorrente da falta de pagamento de subs\u00eddios por parte da Prefeitura.<\/strong><\/p>\n\n\n\n<p><strong>Os subs\u00eddios para o transporte p\u00fablico geralmente s\u00e3o repassados para as empresas de \u00f4nibus como apoio financeiro do governo para reduzir os custos operacionais das empresas e tornar o transporte mais acess\u00edvel e econ\u00f4mico para os usu\u00e1rios.<\/strong><\/p>\n\n\n\n<p><strong>Hoje, uma passagem de \u00f4nibus no munic\u00edpio de Ibi\u00fana custa R$ 5,50 para os usu\u00e1rios.<\/strong><\/p>\n\n\n\n<p><strong>ESPERAS CHEGAM A 3 HORAS<\/strong><\/p>\n\n\n\n<p><strong>Vitrine online ouviu na manh\u00e3 de hoje (9) dezenas de pessoas que aguardavam \u00f4nibus na estreita cal\u00e7ada da Rua Guarani, para onde foram transferidos os pontos desde o dia 20 de novembro de 2021, quando se iniciou a reforma do terminal rodovi\u00e1rio, ainda n\u00e3o conclu\u00edda.<\/strong><\/p>\n\n\n\n<p><strong>Exatamente \u00e0s 11horas n\u00e3o havia \u00f4nibus algum ali.<\/strong><\/p>\n\n\n\n<p><strong>Sob um sol forte e calor intenso, homens, mulheres com crian\u00e7as no colo, jovens, idosos procuravam se proteger sob toldos ou marquises das pequenas lojas que funcionam ali.<\/strong><\/p>\n\n\n\n<figure class=\"wp-block-image size-large\"><img loading=\"lazy\" width=\"601\" height=\"387\" src=\"https:\/\/revistavitrineibiuna.com.br\/wp-content\/uploads\/2024\/01\/rua-guarani-hoje-2.png\" alt=\"\" class=\"wp-image-30440\" srcset=\"https:\/\/revistavitrineibiuna.com.br\/wp-content\/uploads\/2024\/01\/rua-guarani-hoje-2.png 601w, https:\/\/revistavitrineibiuna.com.br\/wp-content\/uploads\/2024\/01\/rua-guarani-hoje-2-300x193.png 300w\" sizes=\"(max-width: 601px) 100vw, 601px\" \/><figcaption>Com a maior parte da frota retirada de circula\u00e7\u00e3o, o resultado s\u00e3o atrasos desesperadores<\/figcaption><\/figure>\n\n\n\n<p><strong>Segundo depoimentos dos usu\u00e1rios, h\u00e1 lugares, como o Paiol Pequeno, onde a linha foi simplesmente suprimida, outras foram incorporadas por meio de desvios de itiner\u00e1rios. Os \u00f4nibus que atendiam o Lageadinho, por exemplo, foram substitu\u00eddos por outros que fazem outras linhas e s\u00e3o desviados para l\u00e1, o que causa atrasos em cadeia.<\/strong><\/p>\n\n\n\n<p><strong>\u201cEst\u00e1 horr\u00edvel\u201d, disse um senhor de cabelos brancos, deixando claro que perdeu a esperan\u00e7a em atitudes positivas do governo municipal para resolver essa quest\u00e3o.<\/strong><\/p>\n\n\n\n<p><strong>\u201cA gente chega esperar at\u00e9 tr\u00eas horas para o \u00f4nibus passar\u201d, disseram duas mulheres moradoras na Vargem do Salto.<\/strong><\/p>\n\n\n\n<p><strong>A grande maioria, formada por pessoas simples, demonstrava estar resignada com a situa\u00e7\u00e3o, como se fosse \u201cnormal\u201d haver t\u00e3o poucos \u00f4nibus e tanto atraso.<\/strong><\/p>\n\n\n\n<p><strong>\u201cN\u00e3o adianta madrugar\u201d, declarou um homem que passou a &nbsp;que levar a mulher em seu autom\u00f3vel para que ela n\u00e3o chegue atrasada no servi\u00e7o todos os dias. Ela trabalha numa loja no centro.<\/strong><\/p>\n\n\n\n<p><strong>\u201cNunca vi uma coisa dessa\u201d, reclamou uma senhora de cabelos brancos cujo rosto vermelho respingava suor.<\/strong><\/p>\n\n\n\n<p>NOTIFICA\u00c7\u00c3O<\/p>\n\n\n\n<p>Antes da publica\u00e7\u00e3o desta not\u00edcia convidamos o secret\u00e1rio de Desenvolvimento Urbano, F\u00e1bio Bello, se ele gostaria de se manifestar a respeito desse assunto. Ele enviou a c\u00f3pia de uma notifica\u00e7\u00e3o que foi encaminhada ao diretor administrativo e financeiro da Via\u00e7\u00e3o Raposo Tavares:<\/p>\n\n\n\n<figure class=\"wp-block-image size-large\"><img loading=\"lazy\" width=\"714\" height=\"845\" src=\"https:\/\/revistavitrineibiuna.com.br\/wp-content\/uploads\/2024\/01\/NOTIFICACAO-DA-EMPRESA-DE-ONIBUS.png\" alt=\"\" class=\"wp-image-30444\" srcset=\"https:\/\/revistavitrineibiuna.com.br\/wp-content\/uploads\/2024\/01\/NOTIFICACAO-DA-EMPRESA-DE-ONIBUS.png 714w, https:\/\/revistavitrineibiuna.com.br\/wp-content\/uploads\/2024\/01\/NOTIFICACAO-DA-EMPRESA-DE-ONIBUS-253x300.png 253w\" sizes=\"(max-width: 714px) 100vw, 714px\" \/><\/figure>\n","protected":false},"excerpt":{"rendered":"<p>Todos os anos, no per\u00edodo das f\u00e9rias escolares, o n\u00famero de \u00f4nibus que fazem transporte coletivo em Ibi\u00fana \u00e9 reduzido,<\/p>\n","protected":false},"author":1,"featured_media":30437,"comment_status":"open","ping_status":"open","sticky":false,"template":"","format":"standard","meta":[],"categories":[3],"tags":[],"yoast_head":"<!-- This site is optimized with the Yoast SEO plugin v15.8 - https:\/\/yoast.com\/wordpress\/plugins\/seo\/ -->\n<title>IBI\u00daNA \u2013 FALTA DE TRANSPORTE P\u00daBLICO LEVA POPULA\u00c7\u00c3O AO DESESPERO - Revista Vitrine Online<\/title>\n<meta name=\"robots\" content=\"index, follow, max-snippet:-1, max-image-preview:large, max-video-preview:-1\" \/>\n<link rel=\"canonical\" href=\"http:\/\/revistavitrineibiuna.com.br\/?p=30436\" \/>\n<meta property=\"og:locale\" content=\"pt_BR\" \/>\n<meta property=\"og:type\" content=\"article\" \/>\n<meta property=\"og:title\" content=\"IBI\u00daNA \u2013 FALTA DE TRANSPORTE P\u00daBLICO LEVA POPULA\u00c7\u00c3O AO DESESPERO - Revista Vitrine Online\" \/>\n<meta property=\"og:description\" content=\"Todos os anos, no per\u00edodo das f\u00e9rias escolares, o n\u00famero de \u00f4nibus que fazem transporte coletivo em Ibi\u00fana \u00e9 reduzido,\" \/>\n<meta property=\"og:url\" content=\"http:\/\/revistavitrineibiuna.com.br\/?p=30436\" \/>\n<meta property=\"og:site_name\" content=\"Revista Vitrine Online\" \/>\n<meta property=\"article:published_time\" content=\"2024-01-09T21:12:03+00:00\" \/>\n<meta property=\"article:modified_time\" content=\"2024-01-09T22:12:49+00:00\" \/>\n<meta property=\"og:image\" content=\"https:\/\/revistavitrineibiuna.com.br\/wp-content\/uploads\/2024\/01\/rua-guarani-hoje-9.1.2024-1024x609.png\" \/>\n\t<meta property=\"og:image:width\" content=\"1024\" \/>\n\t<meta property=\"og:image:height\" content=\"609\" \/>\n<meta name=\"twitter:card\" content=\"summary\" \/>\n<meta name=\"twitter:label1\" content=\"Est. reading time\">\n\t<meta name=\"twitter:data1\" content=\"3 minutos\">\n<script type=\"application\/ld+json\" class=\"yoast-schema-graph\">{\"@context\":\"https:\/\/schema.org\",\"@graph\":[{\"@type\":\"WebSite\",\"@id\":\"https:\/\/revistavitrineibiuna.com.br\/#website\",\"url\":\"https:\/\/revistavitrineibiuna.com.br\/\",\"name\":\"Revista Vitrine Ibi\\u00fana\",\"description\":\"A Revista de Ibi\\u00fana e Regi\\u00e3o\",\"publisher\":{\"@id\":\"https:\/\/revistavitrineibiuna.com.br\/#\/schema\/person\/e51ef49d6d88170ea21ceabff3f73deb\"},\"potentialAction\":[{\"@type\":\"SearchAction\",\"target\":\"https:\/\/revistavitrineibiuna.com.br\/?s={search_term_string}\",\"query-input\":\"required name=search_term_string\"}],\"inLanguage\":\"pt-BR\"},{\"@type\":\"ImageObject\",\"@id\":\"http:\/\/revistavitrineibiuna.com.br\/?p=30436#primaryimage\",\"inLanguage\":\"pt-BR\",\"url\":\"https:\/\/revistavitrineibiuna.com.br\/wp-content\/uploads\/2024\/01\/rua-guarani-hoje-9.1.2024.png\",\"width\":1578,\"height\":939},{\"@type\":\"WebPage\",\"@id\":\"http:\/\/revistavitrineibiuna.com.br\/?p=30436#webpage\",\"url\":\"http:\/\/revistavitrineibiuna.com.br\/?p=30436\",\"name\":\"IBI\\u00daNA \\u2013 FALTA DE TRANSPORTE P\\u00daBLICO LEVA POPULA\\u00c7\\u00c3O AO DESESPERO - Revista Vitrine Online\",\"isPartOf\":{\"@id\":\"https:\/\/revistavitrineibiuna.com.br\/#website\"},\"primaryImageOfPage\":{\"@id\":\"http:\/\/revistavitrineibiuna.com.br\/?p=30436#primaryimage\"},\"datePublished\":\"2024-01-09T21:12:03+00:00\",\"dateModified\":\"2024-01-09T22:12:49+00:00\",\"breadcrumb\":{\"@id\":\"http:\/\/revistavitrineibiuna.com.br\/?p=30436#breadcrumb\"},\"inLanguage\":\"pt-BR\",\"potentialAction\":[{\"@type\":\"ReadAction\",\"target\":[\"http:\/\/revistavitrineibiuna.com.br\/?p=30436\"]}]},{\"@type\":\"BreadcrumbList\",\"@id\":\"http:\/\/revistavitrineibiuna.com.br\/?p=30436#breadcrumb\",\"itemListElement\":[{\"@type\":\"ListItem\",\"position\":1,\"item\":{\"@type\":\"WebPage\",\"@id\":\"https:\/\/revistavitrineibiuna.com.br\/\",\"url\":\"https:\/\/revistavitrineibiuna.com.br\/\",\"name\":\"In\\u00edcio\"}},{\"@type\":\"ListItem\",\"position\":2,\"item\":{\"@type\":\"WebPage\",\"@id\":\"http:\/\/revistavitrineibiuna.com.br\/?p=30436\",\"url\":\"http:\/\/revistavitrineibiuna.com.br\/?p=30436\",\"name\":\"IBI\\u00daNA \\u2013 FALTA DE TRANSPORTE P\\u00daBLICO LEVA POPULA\\u00c7\\u00c3O AO DESESPERO\"}}]},{\"@type\":\"Article\",\"@id\":\"http:\/\/revistavitrineibiuna.com.br\/?p=30436#article\",\"isPartOf\":{\"@id\":\"http:\/\/revistavitrineibiuna.com.br\/?p=30436#webpage\"},\"author\":{\"@id\":\"https:\/\/revistavitrineibiuna.com.br\/#\/schema\/person\/e51ef49d6d88170ea21ceabff3f73deb\"},\"headline\":\"IBI\\u00daNA \\u2013 FALTA DE TRANSPORTE P\\u00daBLICO LEVA POPULA\\u00c7\\u00c3O AO DESESPERO\",\"datePublished\":\"2024-01-09T21:12:03+00:00\",\"dateModified\":\"2024-01-09T22:12:49+00:00\",\"mainEntityOfPage\":{\"@id\":\"http:\/\/revistavitrineibiuna.com.br\/?p=30436#webpage\"},\"commentCount\":0,\"publisher\":{\"@id\":\"https:\/\/revistavitrineibiuna.com.br\/#\/schema\/person\/e51ef49d6d88170ea21ceabff3f73deb\"},\"image\":{\"@id\":\"http:\/\/revistavitrineibiuna.com.br\/?p=30436#primaryimage\"},\"articleSection\":\"Not\\u00edcias\",\"inLanguage\":\"pt-BR\",\"potentialAction\":[{\"@type\":\"CommentAction\",\"name\":\"Comment\",\"target\":[\"http:\/\/revistavitrineibiuna.com.br\/?p=30436#respond\"]}]},{\"@type\":[\"Person\",\"Organization\"],\"@id\":\"https:\/\/revistavitrineibiuna.com.br\/#\/schema\/person\/e51ef49d6d88170ea21ceabff3f73deb\",\"name\":\"Carlos Rossini\",\"image\":{\"@type\":\"ImageObject\",\"@id\":\"https:\/\/revistavitrineibiuna.com.br\/#personlogo\",\"inLanguage\":\"pt-BR\",\"url\":\"https:\/\/secure.gravatar.com\/avatar\/4f2d0f99fac1f85c7d643f21f5c8d900?s=96&d=mm&r=g\",\"caption\":\"Carlos Rossini\"},\"logo\":{\"@id\":\"https:\/\/revistavitrineibiuna.com.br\/#personlogo\"},\"description\":\"Carlos Rossini \\u00e9 jornalista, soci\\u00f3logo, escritor e professor universit\\u00e1rio, tendo sido professor de jornalismo por vinte anos. Trabalhou em ve\\u00edculos de comunica\\u00e7\\u00e3o nas fun\\u00e7\\u00f5es de rep\\u00f3rter, redator, editor, articulista e colaborador, como Folha de S. Paulo, O Estado de S. Paulo, Di\\u00e1rio Popular, entre outros. Ao transferir a revista vitrine, vers\\u00e3o imprensa, de S\\u00e3o Paulo para Ibi\\u00fana h\\u00e1 alguns anos, iniciou uma nova experi\\u00eancia profissional, dedicando-se ao jornalismo regional, depois de cumprir uma trajet\\u00f3ria bem-sucedida na grande imprensa brasileira. Seu primeiro livro A Coragem de Comunicar foi lan\\u00e7ado na Bienal do Livro em S\\u00e3o Paulo no ano 2000, pela editora Madras.\"}]}<\/script>\n<!-- \/ Yoast SEO plugin. -->","_links":{"self":[{"href":"https:\/\/revistavitrineibiuna.com.br\/index.php?rest_route=\/wp\/v2\/posts\/30436"}],"collection":[{"href":"https:\/\/revistavitrineibiuna.com.br\/index.php?rest_route=\/wp\/v2\/posts"}],"about":[{"href":"https:\/\/revistavitrineibiuna.com.br\/index.php?rest_route=\/wp\/v2\/types\/post"}],"author":[{"embeddable":true,"href":"https:\/\/revistavitrineibiuna.com.br\/index.php?rest_route=\/wp\/v2\/users\/1"}],"replies":[{"embeddable":true,"href":"https:\/\/revistavitrineibiuna.com.br\/index.php?rest_route=%2Fwp%2Fv2%2Fcomments&post=30436"}],"version-history":[{"count":4,"href":"https:\/\/revistavitrineibiuna.com.br\/index.php?rest_route=\/wp\/v2\/posts\/30436\/revisions"}],"predecessor-version":[{"id":30445,"href":"https:\/\/revistavitrineibiuna.com.br\/index.php?rest_route=\/wp\/v2\/posts\/30436\/revisions\/30445"}],"wp:featuredmedia":[{"embeddable":true,"href":"https:\/\/revistavitrineibiuna.com.br\/index.php?rest_route=\/wp\/v2\/media\/30437"}],"wp:attachment":[{"href":"https:\/\/revistavitrineibiuna.com.br\/index.php?rest_route=%2Fwp%2Fv2%2Fmedia&parent=30436"}],"wp:term":[{"taxonomy":"category","embeddable":true,"href":"https:\/\/revistavitrineibiuna.com.br\/index.php?rest_route=%2Fwp%2Fv2%2Fcategories&post=30436"},{"taxonomy":"post_tag","embeddable":true,"href":"https:\/\/revistavitrineibiuna.com.br\/index.php?rest_route=%2Fwp%2Fv2%2Ftags&post=30436"}],"curies":[{"name":"wp","href":"https:\/\/api.w.org\/{rel}","templated":true}]}}