{"id":30447,"date":"2024-01-10T18:10:47","date_gmt":"2024-01-10T21:10:47","guid":{"rendered":"http:\/\/revistavitrineibiuna.com.br\/?p=30447"},"modified":"2024-01-10T18:15:25","modified_gmt":"2024-01-10T21:15:25","slug":"ibiuna-conselheiros-tutelares-tomam-posse-com-imenso-desafio","status":"publish","type":"post","link":"https:\/\/revistavitrineibiuna.com.br\/?p=30447","title":{"rendered":"IBI\u00daNA \u2013 CONSELHEIROS TUTELARES TOMAM POSSE COM IMENSO DESAFIO"},"content":{"rendered":"\n<p class=\"has-drop-cap\"><strong>Na mais prestigiada solenidade dessa natureza j\u00e1 realizada em Ibi\u00fana, cinco conselheiros tutelares tomaram posse na manh\u00e3 de hoje (10), para o mandato de 2024 a 2028, com o imenso desafio de proteger e defender os direitos das crian\u00e7as e adolescentes.<\/strong><\/p>\n\n\n\n<p><strong>O evento realizado no Audit\u00f3rio Municipal, lotado e com calorosos aplausos e claques, contou com as presen\u00e7as de autoridades, amigos e parentes dos empossados.<\/strong><\/p>\n\n\n\n<p><strong>Coube \u00e0 presidente do Conselho Municipal dos Direitos da Crian\u00e7a e do Adolescente \u2013 CMDCA, Sheila Marinho, fazer a leitura do termo de posse.<\/strong><\/p>\n\n\n\n<p><strong>No discurso proferido em nome de seus colegas, o conselheiro Eli Valentim fez quest\u00e3o de assinalar que o compromisso de proteger as crian\u00e7as e adolescentes de todas as formas de viol\u00eancia precisa da a\u00e7\u00e3o efetiva de toda a sociedade.<\/strong><\/p>\n\n\n\n<p><strong>DADO PREOCUPANTE<\/strong><\/p>\n\n\n\n<p><strong>Valentim destacou um dado preocupante, como um desafio a ser enfrentado pelo novo colegiado do Conselho Tutelar, pela gravidade dos crimes cometidos e as nefastas consequ\u00eancias que provocam nas vitimas, geralmente vulner\u00e1veis.<\/strong><\/p>\n\n\n\n<p><strong>\u201cEm 2022, o munic\u00edpio de Ibi\u00fana ficou em terceiro lugar na viola\u00e7\u00e3o de direitos sexuais das crian\u00e7as e adolescentes na Regi\u00e3o Metropolitana de Sorocaba, considerando a rela\u00e7\u00e3o de casos com o n\u00famero de habitantes.\u201d<\/strong><\/p>\n\n\n\n<p><strong>Em um v\u00eddeo produzido e veiculado pela TVUNA, em que foi perguntado a cada um dos conselheiros como pretende cumprir a relevante miss\u00e3o que \u00e9 atribu\u00edda pelo Estatuto de Defesa da Crian\u00e7a e do Adolescente \u2013 ECA, deixaram claro que est\u00e3o unidos para atuar em torno do mesmo objetivo, ou seja, garantir os direitos fundamentais das crian\u00e7as e adolescentes, conforme determina o artigo 3\u00ba:<\/strong><\/p>\n\n\n\n<p><strong>&nbsp;\u201cA crian\u00e7a e o adolescente gozam de todos os direitos fundamentais inerentes \u00e0 pessoa humana, sem preju\u00edzo da prote\u00e7\u00e3o integral de que trata esta lei, assegurando-lhes, por lei ou por outros meios, todas as oportunidades e facilidades, a fim de lhes facultar o desenvolvimento f\u00edsico, mental, moral, espiritual e social, em condi\u00e7\u00f5es de liberdade e de dignidade.<\/strong><strong><\/strong><\/p>\n\n\n\n<p><strong>OS EMPOSSADOS<\/strong><\/p>\n\n\n\n<figure class=\"wp-block-image size-large\"><img loading=\"lazy\" width=\"1024\" height=\"611\" src=\"https:\/\/revistavitrineibiuna.com.br\/wp-content\/uploads\/2024\/01\/auditorio-do-CT-lotado-1024x611.png\" alt=\"\" class=\"wp-image-30451\" srcset=\"https:\/\/revistavitrineibiuna.com.br\/wp-content\/uploads\/2024\/01\/auditorio-do-CT-lotado-1024x611.png 1024w, https:\/\/revistavitrineibiuna.com.br\/wp-content\/uploads\/2024\/01\/auditorio-do-CT-lotado-300x179.png 300w, https:\/\/revistavitrineibiuna.com.br\/wp-content\/uploads\/2024\/01\/auditorio-do-CT-lotado-768x458.png 768w, https:\/\/revistavitrineibiuna.com.br\/wp-content\/uploads\/2024\/01\/auditorio-do-CT-lotado-1536x916.png 1536w, https:\/\/revistavitrineibiuna.com.br\/wp-content\/uploads\/2024\/01\/auditorio-do-CT-lotado.png 1594w\" sizes=\"(max-width: 1024px) 100vw, 1024px\" \/><figcaption>O Audit\u00f3rio Municipal ficou lotado de autoridades, parentes e amigos dos conselheiros empossados<\/figcaption><\/figure>\n\n\n\n<p><strong>Os cinco candidatos que tomaram posse hoje e foram diplomados, num ritual que incluiu um juramento solene de honrar a miss\u00e3o assumida, s\u00e3o:<\/strong><\/p>\n\n\n\n<p><strong>Elis\u00e2ngela Aparecida de Oliveira Leme;<\/strong><strong><\/strong><\/p>\n\n\n\n<p><strong>M\u00e1rcia Cristina dos Santos Matos;<\/strong><strong><\/strong><\/p>\n\n\n\n<p><strong>Camila Leite Domingues de Almeida;<\/strong><strong><\/strong><\/p>\n\n\n\n<p><strong>Eli Valentim;<\/strong><strong><\/strong><\/p>\n\n\n\n<p><strong>Jaciara Aparecida Soares dos Santos.<\/strong><\/p>\n\n\n\n<p><strong>Cinco suplentes tamb\u00e9m foram diplomados:<\/strong><\/p>\n\n\n\n<p><strong>Gislaine Cardoso de Oliveira;<\/strong><strong><\/strong><\/p>\n\n\n\n<p><strong>Fl\u00e1via Janaina Pedroso Pereira;<\/strong><strong><\/strong><\/p>\n\n\n\n<p><strong>Edinelson Martins de Pontes;<\/strong><strong><\/strong><\/p>\n\n\n\n<p><strong>Giovani Gabriel Pedroso Domingues;<\/strong><\/p>\n\n\n\n<p><strong>Gustavo Antonio Cardoso.<\/strong><strong><\/strong><\/p>\n","protected":false},"excerpt":{"rendered":"<p>Na mais prestigiada solenidade dessa natureza j\u00e1 realizada em Ibi\u00fana, cinco conselheiros tutelares tomaram posse na manh\u00e3 de hoje (10),<\/p>\n","protected":false},"author":1,"featured_media":30448,"comment_status":"open","ping_status":"open","sticky":false,"template":"","format":"standard","meta":[],"categories":[3],"tags":[],"yoast_head":"<!-- This site is optimized with the Yoast SEO plugin v15.8 - https:\/\/yoast.com\/wordpress\/plugins\/seo\/ -->\n<title>IBI\u00daNA \u2013 CONSELHEIROS TUTELARES TOMAM POSSE COM IMENSO DESAFIO - Revista Vitrine Online<\/title>\n<meta name=\"robots\" content=\"index, follow, max-snippet:-1, max-image-preview:large, max-video-preview:-1\" \/>\n<link rel=\"canonical\" href=\"http:\/\/revistavitrineibiuna.com.br\/?p=30447\" \/>\n<meta property=\"og:locale\" content=\"pt_BR\" \/>\n<meta property=\"og:type\" content=\"article\" \/>\n<meta property=\"og:title\" content=\"IBI\u00daNA \u2013 CONSELHEIROS TUTELARES TOMAM POSSE COM IMENSO DESAFIO - Revista Vitrine Online\" \/>\n<meta property=\"og:description\" content=\"Na mais prestigiada solenidade dessa natureza j\u00e1 realizada em Ibi\u00fana, cinco conselheiros tutelares tomaram posse na manh\u00e3 de hoje (10),\" \/>\n<meta property=\"og:url\" content=\"http:\/\/revistavitrineibiuna.com.br\/?p=30447\" \/>\n<meta property=\"og:site_name\" content=\"Revista Vitrine Online\" \/>\n<meta property=\"article:published_time\" content=\"2024-01-10T21:10:47+00:00\" \/>\n<meta property=\"article:modified_time\" content=\"2024-01-10T21:15:25+00:00\" \/>\n<meta property=\"og:image\" content=\"https:\/\/revistavitrineibiuna.com.br\/wp-content\/uploads\/2024\/01\/FOTO-DOS-NOVOS-CONSELHEIROS.png\" \/>\n\t<meta property=\"og:image:width\" content=\"1176\" \/>\n\t<meta property=\"og:image:height\" content=\"718\" \/>\n<meta name=\"twitter:card\" content=\"summary\" \/>\n<meta name=\"twitter:label1\" content=\"Est. reading time\">\n\t<meta name=\"twitter:data1\" content=\"2 minutos\">\n<script type=\"application\/ld+json\" class=\"yoast-schema-graph\">{\"@context\":\"https:\/\/schema.org\",\"@graph\":[{\"@type\":\"WebSite\",\"@id\":\"https:\/\/revistavitrineibiuna.com.br\/#website\",\"url\":\"https:\/\/revistavitrineibiuna.com.br\/\",\"name\":\"Revista Vitrine Ibi\\u00fana\",\"description\":\"A Revista de Ibi\\u00fana e Regi\\u00e3o\",\"publisher\":{\"@id\":\"https:\/\/revistavitrineibiuna.com.br\/#\/schema\/person\/e51ef49d6d88170ea21ceabff3f73deb\"},\"potentialAction\":[{\"@type\":\"SearchAction\",\"target\":\"https:\/\/revistavitrineibiuna.com.br\/?s={search_term_string}\",\"query-input\":\"required name=search_term_string\"}],\"inLanguage\":\"pt-BR\"},{\"@type\":\"ImageObject\",\"@id\":\"http:\/\/revistavitrineibiuna.com.br\/?p=30447#primaryimage\",\"inLanguage\":\"pt-BR\",\"url\":\"https:\/\/revistavitrineibiuna.com.br\/wp-content\/uploads\/2024\/01\/FOTO-DOS-NOVOS-CONSELHEIROS.png\",\"width\":1176,\"height\":718},{\"@type\":\"WebPage\",\"@id\":\"http:\/\/revistavitrineibiuna.com.br\/?p=30447#webpage\",\"url\":\"http:\/\/revistavitrineibiuna.com.br\/?p=30447\",\"name\":\"IBI\\u00daNA \\u2013 CONSELHEIROS TUTELARES TOMAM POSSE COM IMENSO DESAFIO - Revista Vitrine Online\",\"isPartOf\":{\"@id\":\"https:\/\/revistavitrineibiuna.com.br\/#website\"},\"primaryImageOfPage\":{\"@id\":\"http:\/\/revistavitrineibiuna.com.br\/?p=30447#primaryimage\"},\"datePublished\":\"2024-01-10T21:10:47+00:00\",\"dateModified\":\"2024-01-10T21:15:25+00:00\",\"breadcrumb\":{\"@id\":\"http:\/\/revistavitrineibiuna.com.br\/?p=30447#breadcrumb\"},\"inLanguage\":\"pt-BR\",\"potentialAction\":[{\"@type\":\"ReadAction\",\"target\":[\"http:\/\/revistavitrineibiuna.com.br\/?p=30447\"]}]},{\"@type\":\"BreadcrumbList\",\"@id\":\"http:\/\/revistavitrineibiuna.com.br\/?p=30447#breadcrumb\",\"itemListElement\":[{\"@type\":\"ListItem\",\"position\":1,\"item\":{\"@type\":\"WebPage\",\"@id\":\"https:\/\/revistavitrineibiuna.com.br\/\",\"url\":\"https:\/\/revistavitrineibiuna.com.br\/\",\"name\":\"In\\u00edcio\"}},{\"@type\":\"ListItem\",\"position\":2,\"item\":{\"@type\":\"WebPage\",\"@id\":\"http:\/\/revistavitrineibiuna.com.br\/?p=30447\",\"url\":\"http:\/\/revistavitrineibiuna.com.br\/?p=30447\",\"name\":\"IBI\\u00daNA \\u2013 CONSELHEIROS TUTELARES TOMAM POSSE COM IMENSO DESAFIO\"}}]},{\"@type\":\"Article\",\"@id\":\"http:\/\/revistavitrineibiuna.com.br\/?p=30447#article\",\"isPartOf\":{\"@id\":\"http:\/\/revistavitrineibiuna.com.br\/?p=30447#webpage\"},\"author\":{\"@id\":\"https:\/\/revistavitrineibiuna.com.br\/#\/schema\/person\/e51ef49d6d88170ea21ceabff3f73deb\"},\"headline\":\"IBI\\u00daNA \\u2013 CONSELHEIROS TUTELARES TOMAM POSSE COM IMENSO DESAFIO\",\"datePublished\":\"2024-01-10T21:10:47+00:00\",\"dateModified\":\"2024-01-10T21:15:25+00:00\",\"mainEntityOfPage\":{\"@id\":\"http:\/\/revistavitrineibiuna.com.br\/?p=30447#webpage\"},\"commentCount\":0,\"publisher\":{\"@id\":\"https:\/\/revistavitrineibiuna.com.br\/#\/schema\/person\/e51ef49d6d88170ea21ceabff3f73deb\"},\"image\":{\"@id\":\"http:\/\/revistavitrineibiuna.com.br\/?p=30447#primaryimage\"},\"articleSection\":\"Not\\u00edcias\",\"inLanguage\":\"pt-BR\",\"potentialAction\":[{\"@type\":\"CommentAction\",\"name\":\"Comment\",\"target\":[\"http:\/\/revistavitrineibiuna.com.br\/?p=30447#respond\"]}]},{\"@type\":[\"Person\",\"Organization\"],\"@id\":\"https:\/\/revistavitrineibiuna.com.br\/#\/schema\/person\/e51ef49d6d88170ea21ceabff3f73deb\",\"name\":\"Carlos Rossini\",\"image\":{\"@type\":\"ImageObject\",\"@id\":\"https:\/\/revistavitrineibiuna.com.br\/#personlogo\",\"inLanguage\":\"pt-BR\",\"url\":\"https:\/\/secure.gravatar.com\/avatar\/4f2d0f99fac1f85c7d643f21f5c8d900?s=96&d=mm&r=g\",\"caption\":\"Carlos Rossini\"},\"logo\":{\"@id\":\"https:\/\/revistavitrineibiuna.com.br\/#personlogo\"},\"description\":\"Carlos Rossini \\u00e9 jornalista, soci\\u00f3logo, escritor e professor universit\\u00e1rio, tendo sido professor de jornalismo por vinte anos. Trabalhou em ve\\u00edculos de comunica\\u00e7\\u00e3o nas fun\\u00e7\\u00f5es de rep\\u00f3rter, redator, editor, articulista e colaborador, como Folha de S. Paulo, O Estado de S. Paulo, Di\\u00e1rio Popular, entre outros. Ao transferir a revista vitrine, vers\\u00e3o imprensa, de S\\u00e3o Paulo para Ibi\\u00fana h\\u00e1 alguns anos, iniciou uma nova experi\\u00eancia profissional, dedicando-se ao jornalismo regional, depois de cumprir uma trajet\\u00f3ria bem-sucedida na grande imprensa brasileira. Seu primeiro livro A Coragem de Comunicar foi lan\\u00e7ado na Bienal do Livro em S\\u00e3o Paulo no ano 2000, pela editora Madras.\"}]}<\/script>\n<!-- \/ Yoast SEO plugin. -->","_links":{"self":[{"href":"https:\/\/revistavitrineibiuna.com.br\/index.php?rest_route=\/wp\/v2\/posts\/30447"}],"collection":[{"href":"https:\/\/revistavitrineibiuna.com.br\/index.php?rest_route=\/wp\/v2\/posts"}],"about":[{"href":"https:\/\/revistavitrineibiuna.com.br\/index.php?rest_route=\/wp\/v2\/types\/post"}],"author":[{"embeddable":true,"href":"https:\/\/revistavitrineibiuna.com.br\/index.php?rest_route=\/wp\/v2\/users\/1"}],"replies":[{"embeddable":true,"href":"https:\/\/revistavitrineibiuna.com.br\/index.php?rest_route=%2Fwp%2Fv2%2Fcomments&post=30447"}],"version-history":[{"count":2,"href":"https:\/\/revistavitrineibiuna.com.br\/index.php?rest_route=\/wp\/v2\/posts\/30447\/revisions"}],"predecessor-version":[{"id":30452,"href":"https:\/\/revistavitrineibiuna.com.br\/index.php?rest_route=\/wp\/v2\/posts\/30447\/revisions\/30452"}],"wp:featuredmedia":[{"embeddable":true,"href":"https:\/\/revistavitrineibiuna.com.br\/index.php?rest_route=\/wp\/v2\/media\/30448"}],"wp:attachment":[{"href":"https:\/\/revistavitrineibiuna.com.br\/index.php?rest_route=%2Fwp%2Fv2%2Fmedia&parent=30447"}],"wp:term":[{"taxonomy":"category","embeddable":true,"href":"https:\/\/revistavitrineibiuna.com.br\/index.php?rest_route=%2Fwp%2Fv2%2Fcategories&post=30447"},{"taxonomy":"post_tag","embeddable":true,"href":"https:\/\/revistavitrineibiuna.com.br\/index.php?rest_route=%2Fwp%2Fv2%2Ftags&post=30447"}],"curies":[{"name":"wp","href":"https:\/\/api.w.org\/{rel}","templated":true}]}}