{"id":30453,"date":"2024-01-11T23:39:31","date_gmt":"2024-01-12T02:39:31","guid":{"rendered":"http:\/\/revistavitrineibiuna.com.br\/?p=30453"},"modified":"2024-01-11T23:47:09","modified_gmt":"2024-01-12T02:47:09","slug":"ibiuna-inauguracao-da-rodoviaria-exigira-habilidade-de-magico-circense","status":"publish","type":"post","link":"https:\/\/revistavitrineibiuna.com.br\/?p=30453","title":{"rendered":"IBI\u00daNA \u2013 INAUGURA\u00c7\u00c3O DA RODOVI\u00c1RIA EXIGIR\u00c1 HABILIDADE DE M\u00c1GICO CIRCENSE"},"content":{"rendered":"\n<p class=\"has-drop-cap\"><strong>H\u00e1 sinais de que a reforma da esta\u00e7\u00e3o rodovi\u00e1ria de Ibi\u00fana est\u00e1 sendo, finalmente, retomada depois de estar h\u00e1 meses paralisada. Um deles \u00e9 a expans\u00e3o dos tapumes de alum\u00ednio que avan\u00e7aram para a rua lateral, que d\u00e1 acesso ao cal\u00e7ad\u00e3o; outro, \u00e9 a presen\u00e7a de homens no lado interno.<\/strong><\/p>\n\n\n\n<p><strong>Como essa obra \u00e9 uma novela com tempo recorde de dura\u00e7\u00e3o, os cap\u00edtulos j\u00e1 duram mais de 2 anos, recheada de mist\u00e9rios e contratempos, os ibiunenses continuam descrentes de que ela ser\u00e1 de fato conclu\u00edda.<\/strong><\/p>\n\n\n\n<p><strong>Mas, podem estar certos que sim. Afinal, no dia 6 de outubro haver\u00e1 elei\u00e7\u00e3o para prefeito, vice e vereadores, e o mentor do atual prefeito, talvez o mais astuto pol\u00edtico ibiunense, jamais deixaria que essa mancada afetasse o desempenho do seu pupilo que j\u00e1 anunciou sua pr\u00e9-candidatura, visando a reelei\u00e7\u00e3o.<\/strong><\/p>\n\n\n\n<p><strong>Antes de prosseguir, esta revista eletr\u00f4nica, a publica\u00e7\u00e3o que mais realizou cobertura dessa famigerada reforma, especialmente os graves transtornos que provocou \u00e0 popula\u00e7\u00e3o relegada a uma cal\u00e7ada estreita, sem prote\u00e7\u00e3o contra sol, chuva, frio e vento j\u00e1 por 25 meses a se completarem no pr\u00f3ximo dia 20.<\/strong><\/p>\n\n\n\n<p><strong>INAUGURA\u00c7\u00c3O<\/strong><\/p>\n\n\n\n<p><strong>Para compensar o efeito tartaruga, a p\u00e9ssima fama da reforma intermin\u00e1vel, incluindo cancelamento de recursos da Caixa Econ\u00f4mica Federal e o testemunho t\u00e9cnico do Tribunal de Contas do Estado de S\u00e3o Paulo que apontou irregularidades no contrato e nos aditivos [quando os valores s\u00e3o majorados], o estrategista mor desse governo deve ter definido duas datas para a sua inaugura\u00e7\u00e3o, certamente com pompa e circunst\u00e2ncia: mar\u00e7o, quando se comemora o anivers\u00e1rio da cidade, que vive um clima festivo, ou em maio, quando se realiza o maior evento religioso do munic\u00edpio, a Festa de S\u00e3o Sebasti\u00e3o.<\/strong><\/p>\n\n\n\n<p><strong>De um jeito ou de outro, o que se pretende \u00e9 inaugurar a rodovi\u00e1ria num ambiente festivo, com muitos shows musicais, quando os esp\u00edritos est\u00e3o mais propensos a esquecer as agruras e durezas tributadas em forma de sofrimento a grandes parcelas da popula\u00e7\u00e3o que depende de transporte coletivo.<\/strong><\/p>\n\n\n\n<p><strong>V\u00e3o apostar as fichas num informe enunciado em 1513 por um dos fundadores da teoria pol\u00edtica, Nicolau Maquiavel. Ele escreveu em sua famosa obra O Pr\u00edncipe: \u201cO rei [os governantes] t\u00eam mem\u00f3ria curta, mas os s\u00faditos [o povo] n\u00e3o t\u00eam mem\u00f3ria.<\/strong><\/p>\n\n\n\n<p><strong>Nossa torcida \u00e9 que passados 510 anos desse enunciado, com a populariza\u00e7\u00e3o das informa\u00e7\u00f5es patrocinadas pela internet, o povo consiga se lembrar do pre\u00e7o que pagou por uma obra realizada com franca defici\u00eancia.<\/strong><\/p>\n\n\n\n<p><strong>Afinal, ningu\u00e9m merece \u2013 sejam crian\u00e7as, adultos ou idosos, entre os quais muitas senhorinhas e senhores com cabelos brancos \u2013 ter pago um pre\u00e7o t\u00e3o alto ao serem simplesmente removidos para uma estreita cal\u00e7ada sem prote\u00e7\u00e3o alguma de uma rua que literalmente afundou com o peso dos \u00f4nibus.<\/strong><\/p>\n\n\n\n<figure class=\"wp-block-image size-large\"><img loading=\"lazy\" width=\"417\" height=\"264\" src=\"https:\/\/revistavitrineibiuna.com.br\/wp-content\/uploads\/2024\/01\/foto-de-hoje-rua-guarani.png\" alt=\"\" class=\"wp-image-30457\" srcset=\"https:\/\/revistavitrineibiuna.com.br\/wp-content\/uploads\/2024\/01\/foto-de-hoje-rua-guarani.png 417w, https:\/\/revistavitrineibiuna.com.br\/wp-content\/uploads\/2024\/01\/foto-de-hoje-rua-guarani-300x190.png 300w\" sizes=\"(max-width: 417px) 100vw, 417px\" \/><figcaption>A espera de \u00f4nibus foi alvo de muitas queixas. <\/figcaption><\/figure>\n\n\n\n<p><strong>A rodovi\u00e1ria estava mesmo precisando de uma reforma, mas, mesmo em seu estado prec\u00e1rio, qualificada com \u201cum lixo\u201d por muitas pessoas, servia de abrigo contra o sol, a chuva e o frio. E jamais poderia levar tanto tempo para ser conclu\u00edda, sobretudo porque n\u00e3o houve trabalhos em sua estrutura, e sim troca de telhado, de paredes e contrapiso.<\/strong><\/p>\n\n\n\n<p><strong>O historiador de Ibi\u00fana, Jos\u00e9 Gomes Linense, vereador eleito por tr\u00eas mandatos nos informou que a rodovi\u00e1ria, quando foi constru\u00edda completamente h\u00e1 33 anos, levou apenas seis meses para ficar pronta.<\/strong><\/p>\n\n\n\n<p><strong>Ent\u00e3o, voltando a nossa conversa, sendo considerada um emblema de mau servi\u00e7o p\u00fablico, a inaugura\u00e7\u00e3o da rodovi\u00e1ria dever\u00e1 exigir uma sa\u00edda de mestre, como se fosse o ato de um m\u00e1gico diante de uma plateia de circo, que n\u00e3o consegue ver os truques, mas somente seus efeitos hipn\u00f3ticos.<\/strong><\/p>\n","protected":false},"excerpt":{"rendered":"<p>H\u00e1 sinais de que a reforma da esta\u00e7\u00e3o rodovi\u00e1ria de Ibi\u00fana est\u00e1 sendo, finalmente, retomada depois de estar h\u00e1 meses<\/p>\n","protected":false},"author":1,"featured_media":30454,"comment_status":"open","ping_status":"open","sticky":false,"template":"","format":"standard","meta":[],"categories":[3],"tags":[],"yoast_head":"<!-- This site is optimized with the Yoast SEO plugin v15.8 - https:\/\/yoast.com\/wordpress\/plugins\/seo\/ -->\n<title>IBI\u00daNA \u2013 INAUGURA\u00c7\u00c3O DA RODOVI\u00c1RIA EXIGIR\u00c1 HABILIDADE DE M\u00c1GICO CIRCENSE - Revista Vitrine Online<\/title>\n<meta name=\"robots\" content=\"index, follow, max-snippet:-1, max-image-preview:large, max-video-preview:-1\" \/>\n<link rel=\"canonical\" href=\"http:\/\/revistavitrineibiuna.com.br\/?p=30453\" \/>\n<meta property=\"og:locale\" content=\"pt_BR\" \/>\n<meta property=\"og:type\" content=\"article\" \/>\n<meta property=\"og:title\" content=\"IBI\u00daNA \u2013 INAUGURA\u00c7\u00c3O DA RODOVI\u00c1RIA EXIGIR\u00c1 HABILIDADE DE M\u00c1GICO CIRCENSE - Revista Vitrine Online\" \/>\n<meta property=\"og:description\" content=\"H\u00e1 sinais de que a reforma da esta\u00e7\u00e3o rodovi\u00e1ria de Ibi\u00fana est\u00e1 sendo, finalmente, retomada depois de estar h\u00e1 meses\" \/>\n<meta property=\"og:url\" content=\"http:\/\/revistavitrineibiuna.com.br\/?p=30453\" \/>\n<meta property=\"og:site_name\" content=\"Revista Vitrine Online\" \/>\n<meta property=\"article:published_time\" content=\"2024-01-12T02:39:31+00:00\" \/>\n<meta property=\"article:modified_time\" content=\"2024-01-12T02:47:09+00:00\" \/>\n<meta property=\"og:image\" content=\"https:\/\/revistavitrineibiuna.com.br\/wp-content\/uploads\/2024\/01\/rovoviaria-paralisada.png\" \/>\n\t<meta property=\"og:image:width\" content=\"708\" \/>\n\t<meta property=\"og:image:height\" content=\"393\" \/>\n<meta name=\"twitter:card\" content=\"summary\" \/>\n<meta name=\"twitter:label1\" content=\"Est. reading time\">\n\t<meta name=\"twitter:data1\" content=\"3 minutos\">\n<script type=\"application\/ld+json\" class=\"yoast-schema-graph\">{\"@context\":\"https:\/\/schema.org\",\"@graph\":[{\"@type\":\"WebSite\",\"@id\":\"https:\/\/revistavitrineibiuna.com.br\/#website\",\"url\":\"https:\/\/revistavitrineibiuna.com.br\/\",\"name\":\"Revista Vitrine Ibi\\u00fana\",\"description\":\"A Revista de Ibi\\u00fana e Regi\\u00e3o\",\"publisher\":{\"@id\":\"https:\/\/revistavitrineibiuna.com.br\/#\/schema\/person\/e51ef49d6d88170ea21ceabff3f73deb\"},\"potentialAction\":[{\"@type\":\"SearchAction\",\"target\":\"https:\/\/revistavitrineibiuna.com.br\/?s={search_term_string}\",\"query-input\":\"required name=search_term_string\"}],\"inLanguage\":\"pt-BR\"},{\"@type\":\"ImageObject\",\"@id\":\"http:\/\/revistavitrineibiuna.com.br\/?p=30453#primaryimage\",\"inLanguage\":\"pt-BR\",\"url\":\"https:\/\/revistavitrineibiuna.com.br\/wp-content\/uploads\/2024\/01\/rovoviaria-paralisada.png\",\"width\":708,\"height\":393},{\"@type\":\"WebPage\",\"@id\":\"http:\/\/revistavitrineibiuna.com.br\/?p=30453#webpage\",\"url\":\"http:\/\/revistavitrineibiuna.com.br\/?p=30453\",\"name\":\"IBI\\u00daNA \\u2013 INAUGURA\\u00c7\\u00c3O DA RODOVI\\u00c1RIA EXIGIR\\u00c1 HABILIDADE DE M\\u00c1GICO CIRCENSE - Revista Vitrine Online\",\"isPartOf\":{\"@id\":\"https:\/\/revistavitrineibiuna.com.br\/#website\"},\"primaryImageOfPage\":{\"@id\":\"http:\/\/revistavitrineibiuna.com.br\/?p=30453#primaryimage\"},\"datePublished\":\"2024-01-12T02:39:31+00:00\",\"dateModified\":\"2024-01-12T02:47:09+00:00\",\"breadcrumb\":{\"@id\":\"http:\/\/revistavitrineibiuna.com.br\/?p=30453#breadcrumb\"},\"inLanguage\":\"pt-BR\",\"potentialAction\":[{\"@type\":\"ReadAction\",\"target\":[\"http:\/\/revistavitrineibiuna.com.br\/?p=30453\"]}]},{\"@type\":\"BreadcrumbList\",\"@id\":\"http:\/\/revistavitrineibiuna.com.br\/?p=30453#breadcrumb\",\"itemListElement\":[{\"@type\":\"ListItem\",\"position\":1,\"item\":{\"@type\":\"WebPage\",\"@id\":\"https:\/\/revistavitrineibiuna.com.br\/\",\"url\":\"https:\/\/revistavitrineibiuna.com.br\/\",\"name\":\"In\\u00edcio\"}},{\"@type\":\"ListItem\",\"position\":2,\"item\":{\"@type\":\"WebPage\",\"@id\":\"http:\/\/revistavitrineibiuna.com.br\/?p=30453\",\"url\":\"http:\/\/revistavitrineibiuna.com.br\/?p=30453\",\"name\":\"IBI\\u00daNA \\u2013 INAUGURA\\u00c7\\u00c3O DA RODOVI\\u00c1RIA EXIGIR\\u00c1 HABILIDADE DE M\\u00c1GICO CIRCENSE\"}}]},{\"@type\":\"Article\",\"@id\":\"http:\/\/revistavitrineibiuna.com.br\/?p=30453#article\",\"isPartOf\":{\"@id\":\"http:\/\/revistavitrineibiuna.com.br\/?p=30453#webpage\"},\"author\":{\"@id\":\"https:\/\/revistavitrineibiuna.com.br\/#\/schema\/person\/e51ef49d6d88170ea21ceabff3f73deb\"},\"headline\":\"IBI\\u00daNA \\u2013 INAUGURA\\u00c7\\u00c3O DA RODOVI\\u00c1RIA EXIGIR\\u00c1 HABILIDADE DE M\\u00c1GICO CIRCENSE\",\"datePublished\":\"2024-01-12T02:39:31+00:00\",\"dateModified\":\"2024-01-12T02:47:09+00:00\",\"mainEntityOfPage\":{\"@id\":\"http:\/\/revistavitrineibiuna.com.br\/?p=30453#webpage\"},\"commentCount\":0,\"publisher\":{\"@id\":\"https:\/\/revistavitrineibiuna.com.br\/#\/schema\/person\/e51ef49d6d88170ea21ceabff3f73deb\"},\"image\":{\"@id\":\"http:\/\/revistavitrineibiuna.com.br\/?p=30453#primaryimage\"},\"articleSection\":\"Not\\u00edcias\",\"inLanguage\":\"pt-BR\",\"potentialAction\":[{\"@type\":\"CommentAction\",\"name\":\"Comment\",\"target\":[\"http:\/\/revistavitrineibiuna.com.br\/?p=30453#respond\"]}]},{\"@type\":[\"Person\",\"Organization\"],\"@id\":\"https:\/\/revistavitrineibiuna.com.br\/#\/schema\/person\/e51ef49d6d88170ea21ceabff3f73deb\",\"name\":\"Carlos Rossini\",\"image\":{\"@type\":\"ImageObject\",\"@id\":\"https:\/\/revistavitrineibiuna.com.br\/#personlogo\",\"inLanguage\":\"pt-BR\",\"url\":\"https:\/\/secure.gravatar.com\/avatar\/4f2d0f99fac1f85c7d643f21f5c8d900?s=96&d=mm&r=g\",\"caption\":\"Carlos Rossini\"},\"logo\":{\"@id\":\"https:\/\/revistavitrineibiuna.com.br\/#personlogo\"},\"description\":\"Carlos Rossini \\u00e9 jornalista, soci\\u00f3logo, escritor e professor universit\\u00e1rio, tendo sido professor de jornalismo por vinte anos. Trabalhou em ve\\u00edculos de comunica\\u00e7\\u00e3o nas fun\\u00e7\\u00f5es de rep\\u00f3rter, redator, editor, articulista e colaborador, como Folha de S. Paulo, O Estado de S. Paulo, Di\\u00e1rio Popular, entre outros. Ao transferir a revista vitrine, vers\\u00e3o imprensa, de S\\u00e3o Paulo para Ibi\\u00fana h\\u00e1 alguns anos, iniciou uma nova experi\\u00eancia profissional, dedicando-se ao jornalismo regional, depois de cumprir uma trajet\\u00f3ria bem-sucedida na grande imprensa brasileira. Seu primeiro livro A Coragem de Comunicar foi lan\\u00e7ado na Bienal do Livro em S\\u00e3o Paulo no ano 2000, pela editora Madras.\"}]}<\/script>\n<!-- \/ Yoast SEO plugin. -->","_links":{"self":[{"href":"https:\/\/revistavitrineibiuna.com.br\/index.php?rest_route=\/wp\/v2\/posts\/30453"}],"collection":[{"href":"https:\/\/revistavitrineibiuna.com.br\/index.php?rest_route=\/wp\/v2\/posts"}],"about":[{"href":"https:\/\/revistavitrineibiuna.com.br\/index.php?rest_route=\/wp\/v2\/types\/post"}],"author":[{"embeddable":true,"href":"https:\/\/revistavitrineibiuna.com.br\/index.php?rest_route=\/wp\/v2\/users\/1"}],"replies":[{"embeddable":true,"href":"https:\/\/revistavitrineibiuna.com.br\/index.php?rest_route=%2Fwp%2Fv2%2Fcomments&post=30453"}],"version-history":[{"count":2,"href":"https:\/\/revistavitrineibiuna.com.br\/index.php?rest_route=\/wp\/v2\/posts\/30453\/revisions"}],"predecessor-version":[{"id":30458,"href":"https:\/\/revistavitrineibiuna.com.br\/index.php?rest_route=\/wp\/v2\/posts\/30453\/revisions\/30458"}],"wp:featuredmedia":[{"embeddable":true,"href":"https:\/\/revistavitrineibiuna.com.br\/index.php?rest_route=\/wp\/v2\/media\/30454"}],"wp:attachment":[{"href":"https:\/\/revistavitrineibiuna.com.br\/index.php?rest_route=%2Fwp%2Fv2%2Fmedia&parent=30453"}],"wp:term":[{"taxonomy":"category","embeddable":true,"href":"https:\/\/revistavitrineibiuna.com.br\/index.php?rest_route=%2Fwp%2Fv2%2Fcategories&post=30453"},{"taxonomy":"post_tag","embeddable":true,"href":"https:\/\/revistavitrineibiuna.com.br\/index.php?rest_route=%2Fwp%2Fv2%2Ftags&post=30453"}],"curies":[{"name":"wp","href":"https:\/\/api.w.org\/{rel}","templated":true}]}}