{"id":30459,"date":"2024-01-12T15:45:59","date_gmt":"2024-01-12T18:45:59","guid":{"rendered":"http:\/\/revistavitrineibiuna.com.br\/?p=30459"},"modified":"2024-01-12T15:46:00","modified_gmt":"2024-01-12T18:46:00","slug":"ibiuna-tentativa-de-roubo-de-carro-de-idosos-agita-policia-no-centro-da-cidade","status":"publish","type":"post","link":"https:\/\/revistavitrineibiuna.com.br\/?p=30459","title":{"rendered":"IBI\u00daNA \u2013 TENTATIVA DE ROUBO DE CARRO DE IDOSOS AGITA POL\u00cdCIA NO CENTRO DA CIDADE"},"content":{"rendered":"\n<p class=\"has-drop-cap\"><strong>Por volta das 10 horas da manh\u00e3 de hoje (12), um casal de idosos se preparava para entrar na garagem de casa na Rua Jos\u00e9 Cipriano de Freitas, em frente ao Centro Ol\u00edmpico, quando repentinamente foram surpreendidos por dois homens encapuzados.<\/strong><\/p>\n\n\n\n<p><strong>\u201cPerdeu, perdeu\u201d, gritou um deles, \u201csai do carro e passa a chave\u201d, apontando uma arma, na verdade um simulacro [n\u00e3o verdadeira] de uma pistola cor preta, que foi entregue na delegacia. A chave foi entregue e o casal logo correu para dentro de casa, enquanto uma vizinha, observando a cena, acionou a pol\u00edcia.<\/strong><\/p>\n\n\n\n<p><strong>Logo chegou uma equipe da Guarda Civil Municipal e tamb\u00e9m da Pol\u00edcia Militar. Mas os bandidos j\u00e1 n\u00e3o se encontravam mais no local. Eles n\u00e3o conseguiram acionar o ve\u00edculo, um jeep Renegade autom\u00e1tico cor prata, que ficou travado. Temendo a chegada da pol\u00edcia, eles fugiram correndo do local.<\/strong><\/p>\n\n\n\n<p><strong>Dois GCMs diante da possibilidade de que eles haviam entrado no Centro Ol\u00edmpico, que ocupa um espa\u00e7o amplo, vistoriaram o local acreditando que eles teriam se evadido dali para a Rua Coronel Salvador Rolim de Freitas, pela entrada que fica ao lado da Unimed.<\/strong><\/p>\n\n\n\n<p>Um helic\u00f3ptero \u00c1gua da Pol\u00edcia Militar tamb\u00e9m participou da a\u00e7\u00e3o de buscas dos bandidos, que n\u00e3o foram localizados.<\/p>\n\n\n\n<p>Uma fonte da GCM obteve informa\u00e7\u00e3o de que os dois bandidos teriam fugido em um carro vermelho e que teriam resid\u00eancia no Jardim Jap\u00e3o, em Caucaia do Alto.<\/p>\n\n\n\n<p>CASAL EST\u00c1 BEM<\/p>\n\n\n\n<p>Vitrine online conversou com o casal de idosos. Eles estavam abatidos, mas bem, logo ap\u00f3s deixar a Delegacia de Pol\u00edcia onde foi lavrado boletim de ocorr\u00eancia e retornar para sua resid\u00eancia.<\/p>\n","protected":false},"excerpt":{"rendered":"<p>Por volta das 10 horas da manh\u00e3 de hoje (12), um casal de idosos se preparava para entrar na garagem<\/p>\n","protected":false},"author":1,"featured_media":30460,"comment_status":"open","ping_status":"open","sticky":false,"template":"","format":"standard","meta":[],"categories":[3],"tags":[],"yoast_head":"<!-- This site is optimized with the Yoast SEO plugin v15.8 - https:\/\/yoast.com\/wordpress\/plugins\/seo\/ -->\n<title>IBI\u00daNA \u2013 TENTATIVA DE ROUBO DE CARRO DE IDOSOS AGITA POL\u00cdCIA NO CENTRO DA CIDADE - Revista Vitrine Online<\/title>\n<meta name=\"robots\" content=\"index, follow, max-snippet:-1, max-image-preview:large, max-video-preview:-1\" \/>\n<link rel=\"canonical\" href=\"http:\/\/revistavitrineibiuna.com.br\/?p=30459\" \/>\n<meta property=\"og:locale\" content=\"pt_BR\" \/>\n<meta property=\"og:type\" content=\"article\" \/>\n<meta property=\"og:title\" content=\"IBI\u00daNA \u2013 TENTATIVA DE ROUBO DE CARRO DE IDOSOS AGITA POL\u00cdCIA NO CENTRO DA CIDADE - Revista Vitrine Online\" \/>\n<meta property=\"og:description\" content=\"Por volta das 10 horas da manh\u00e3 de hoje (12), um casal de idosos se preparava para entrar na garagem\" \/>\n<meta property=\"og:url\" content=\"http:\/\/revistavitrineibiuna.com.br\/?p=30459\" \/>\n<meta property=\"og:site_name\" content=\"Revista Vitrine Online\" \/>\n<meta property=\"article:published_time\" content=\"2024-01-12T18:45:59+00:00\" \/>\n<meta property=\"article:modified_time\" content=\"2024-01-12T18:46:00+00:00\" \/>\n<meta property=\"og:image\" content=\"https:\/\/revistavitrineibiuna.com.br\/wp-content\/uploads\/2024\/01\/tentativa-de-roubo-de-carro.png\" \/>\n\t<meta property=\"og:image:width\" content=\"495\" \/>\n\t<meta property=\"og:image:height\" content=\"286\" \/>\n<meta name=\"twitter:card\" content=\"summary\" \/>\n<meta name=\"twitter:label1\" content=\"Est. reading time\">\n\t<meta name=\"twitter:data1\" content=\"2 minutos\">\n<script type=\"application\/ld+json\" class=\"yoast-schema-graph\">{\"@context\":\"https:\/\/schema.org\",\"@graph\":[{\"@type\":\"WebSite\",\"@id\":\"https:\/\/revistavitrineibiuna.com.br\/#website\",\"url\":\"https:\/\/revistavitrineibiuna.com.br\/\",\"name\":\"Revista Vitrine Ibi\\u00fana\",\"description\":\"A Revista de Ibi\\u00fana e Regi\\u00e3o\",\"publisher\":{\"@id\":\"https:\/\/revistavitrineibiuna.com.br\/#\/schema\/person\/e51ef49d6d88170ea21ceabff3f73deb\"},\"potentialAction\":[{\"@type\":\"SearchAction\",\"target\":\"https:\/\/revistavitrineibiuna.com.br\/?s={search_term_string}\",\"query-input\":\"required name=search_term_string\"}],\"inLanguage\":\"pt-BR\"},{\"@type\":\"ImageObject\",\"@id\":\"http:\/\/revistavitrineibiuna.com.br\/?p=30459#primaryimage\",\"inLanguage\":\"pt-BR\",\"url\":\"https:\/\/revistavitrineibiuna.com.br\/wp-content\/uploads\/2024\/01\/tentativa-de-roubo-de-carro.png\",\"width\":495,\"height\":286},{\"@type\":\"WebPage\",\"@id\":\"http:\/\/revistavitrineibiuna.com.br\/?p=30459#webpage\",\"url\":\"http:\/\/revistavitrineibiuna.com.br\/?p=30459\",\"name\":\"IBI\\u00daNA \\u2013 TENTATIVA DE ROUBO DE CARRO DE IDOSOS AGITA POL\\u00cdCIA NO CENTRO DA CIDADE - Revista Vitrine Online\",\"isPartOf\":{\"@id\":\"https:\/\/revistavitrineibiuna.com.br\/#website\"},\"primaryImageOfPage\":{\"@id\":\"http:\/\/revistavitrineibiuna.com.br\/?p=30459#primaryimage\"},\"datePublished\":\"2024-01-12T18:45:59+00:00\",\"dateModified\":\"2024-01-12T18:46:00+00:00\",\"breadcrumb\":{\"@id\":\"http:\/\/revistavitrineibiuna.com.br\/?p=30459#breadcrumb\"},\"inLanguage\":\"pt-BR\",\"potentialAction\":[{\"@type\":\"ReadAction\",\"target\":[\"http:\/\/revistavitrineibiuna.com.br\/?p=30459\"]}]},{\"@type\":\"BreadcrumbList\",\"@id\":\"http:\/\/revistavitrineibiuna.com.br\/?p=30459#breadcrumb\",\"itemListElement\":[{\"@type\":\"ListItem\",\"position\":1,\"item\":{\"@type\":\"WebPage\",\"@id\":\"https:\/\/revistavitrineibiuna.com.br\/\",\"url\":\"https:\/\/revistavitrineibiuna.com.br\/\",\"name\":\"In\\u00edcio\"}},{\"@type\":\"ListItem\",\"position\":2,\"item\":{\"@type\":\"WebPage\",\"@id\":\"http:\/\/revistavitrineibiuna.com.br\/?p=30459\",\"url\":\"http:\/\/revistavitrineibiuna.com.br\/?p=30459\",\"name\":\"IBI\\u00daNA \\u2013 TENTATIVA DE ROUBO DE CARRO DE IDOSOS AGITA POL\\u00cdCIA NO CENTRO DA CIDADE\"}}]},{\"@type\":\"Article\",\"@id\":\"http:\/\/revistavitrineibiuna.com.br\/?p=30459#article\",\"isPartOf\":{\"@id\":\"http:\/\/revistavitrineibiuna.com.br\/?p=30459#webpage\"},\"author\":{\"@id\":\"https:\/\/revistavitrineibiuna.com.br\/#\/schema\/person\/e51ef49d6d88170ea21ceabff3f73deb\"},\"headline\":\"IBI\\u00daNA \\u2013 TENTATIVA DE ROUBO DE CARRO DE IDOSOS AGITA POL\\u00cdCIA NO CENTRO DA CIDADE\",\"datePublished\":\"2024-01-12T18:45:59+00:00\",\"dateModified\":\"2024-01-12T18:46:00+00:00\",\"mainEntityOfPage\":{\"@id\":\"http:\/\/revistavitrineibiuna.com.br\/?p=30459#webpage\"},\"commentCount\":0,\"publisher\":{\"@id\":\"https:\/\/revistavitrineibiuna.com.br\/#\/schema\/person\/e51ef49d6d88170ea21ceabff3f73deb\"},\"image\":{\"@id\":\"http:\/\/revistavitrineibiuna.com.br\/?p=30459#primaryimage\"},\"articleSection\":\"Not\\u00edcias\",\"inLanguage\":\"pt-BR\",\"potentialAction\":[{\"@type\":\"CommentAction\",\"name\":\"Comment\",\"target\":[\"http:\/\/revistavitrineibiuna.com.br\/?p=30459#respond\"]}]},{\"@type\":[\"Person\",\"Organization\"],\"@id\":\"https:\/\/revistavitrineibiuna.com.br\/#\/schema\/person\/e51ef49d6d88170ea21ceabff3f73deb\",\"name\":\"Carlos Rossini\",\"image\":{\"@type\":\"ImageObject\",\"@id\":\"https:\/\/revistavitrineibiuna.com.br\/#personlogo\",\"inLanguage\":\"pt-BR\",\"url\":\"https:\/\/secure.gravatar.com\/avatar\/4f2d0f99fac1f85c7d643f21f5c8d900?s=96&d=mm&r=g\",\"caption\":\"Carlos Rossini\"},\"logo\":{\"@id\":\"https:\/\/revistavitrineibiuna.com.br\/#personlogo\"},\"description\":\"Carlos Rossini \\u00e9 jornalista, soci\\u00f3logo, escritor e professor universit\\u00e1rio, tendo sido professor de jornalismo por vinte anos. Trabalhou em ve\\u00edculos de comunica\\u00e7\\u00e3o nas fun\\u00e7\\u00f5es de rep\\u00f3rter, redator, editor, articulista e colaborador, como Folha de S. Paulo, O Estado de S. Paulo, Di\\u00e1rio Popular, entre outros. Ao transferir a revista vitrine, vers\\u00e3o imprensa, de S\\u00e3o Paulo para Ibi\\u00fana h\\u00e1 alguns anos, iniciou uma nova experi\\u00eancia profissional, dedicando-se ao jornalismo regional, depois de cumprir uma trajet\\u00f3ria bem-sucedida na grande imprensa brasileira. Seu primeiro livro A Coragem de Comunicar foi lan\\u00e7ado na Bienal do Livro em S\\u00e3o Paulo no ano 2000, pela editora Madras.\"}]}<\/script>\n<!-- \/ Yoast SEO plugin. -->","_links":{"self":[{"href":"https:\/\/revistavitrineibiuna.com.br\/index.php?rest_route=\/wp\/v2\/posts\/30459"}],"collection":[{"href":"https:\/\/revistavitrineibiuna.com.br\/index.php?rest_route=\/wp\/v2\/posts"}],"about":[{"href":"https:\/\/revistavitrineibiuna.com.br\/index.php?rest_route=\/wp\/v2\/types\/post"}],"author":[{"embeddable":true,"href":"https:\/\/revistavitrineibiuna.com.br\/index.php?rest_route=\/wp\/v2\/users\/1"}],"replies":[{"embeddable":true,"href":"https:\/\/revistavitrineibiuna.com.br\/index.php?rest_route=%2Fwp%2Fv2%2Fcomments&post=30459"}],"version-history":[{"count":1,"href":"https:\/\/revistavitrineibiuna.com.br\/index.php?rest_route=\/wp\/v2\/posts\/30459\/revisions"}],"predecessor-version":[{"id":30461,"href":"https:\/\/revistavitrineibiuna.com.br\/index.php?rest_route=\/wp\/v2\/posts\/30459\/revisions\/30461"}],"wp:featuredmedia":[{"embeddable":true,"href":"https:\/\/revistavitrineibiuna.com.br\/index.php?rest_route=\/wp\/v2\/media\/30460"}],"wp:attachment":[{"href":"https:\/\/revistavitrineibiuna.com.br\/index.php?rest_route=%2Fwp%2Fv2%2Fmedia&parent=30459"}],"wp:term":[{"taxonomy":"category","embeddable":true,"href":"https:\/\/revistavitrineibiuna.com.br\/index.php?rest_route=%2Fwp%2Fv2%2Fcategories&post=30459"},{"taxonomy":"post_tag","embeddable":true,"href":"https:\/\/revistavitrineibiuna.com.br\/index.php?rest_route=%2Fwp%2Fv2%2Ftags&post=30459"}],"curies":[{"name":"wp","href":"https:\/\/api.w.org\/{rel}","templated":true}]}}